{"id":17220,"date":"2022-05-23T10:11:51","date_gmt":"2022-05-23T08:11:51","guid":{"rendered":"http:\/\/tanzen-weilheim.de\/cms\/?p=17220"},"modified":"2022-05-24T08:34:07","modified_gmt":"2022-05-24T06:34:07","slug":"mittelfraenkisches-tanzsportwochenende","status":"publish","type":"post","link":"https:\/\/tanzen-weilheim.de\/cms\/17220\/mittelfraenkisches-tanzsportwochenende","title":{"rendered":"Mittelfr\u00e4nkisches Tanzsportwochenende"},"content":{"rendered":"\n<p>Am vergangenen Wochenende  fand das Mittelfr\u00e4nkische Tanzsportwochenende  statt.<\/p>\n\n\n\n<p>Am Samstag waren  die Standard-Turnierpaare der TSA Barbara Amberg &amp; Harry Kaiser, sowie Kamilla &amp; Richard Czierpke am Start. <\/p>\n\n\n\n<p>Barbara &amp; Harry starteten auf den Turnieren des TTC Erlangen in den Startklassen Sen III C und Sen II . Sie holten sich viele Punkte und 1 Platzierung.<br>Platz 3 in  Sen III C und Platz 7 in Sen II C.<\/p>\n\n\n\n<!--more-->\n\n\n\n<figure class=\"wp-block-image is-resized\"><img loading=\"lazy\" decoding=\"async\" src=\"https:\/\/www.ttc-erlangen.de\/components\/com_eventgallery\/helpers\/image.php?&amp;width=1600&amp;folder=Turnier2022-2&amp;file=IMG_1789-2.jpg\" alt=\"\" width=\"401\" height=\"601\"\/><figcaption>Barbara &amp; Harry<br> Foto: TTC Erlangen Homepage<\/figcaption><\/figure>\n\n\n\n<p>Kamilla &amp; Richard  stiegen, nach l\u00e4ngerer Turnierpause,  im Sen III B-Standard-Turnier des TSC RGC  N\u00fcrnberg  ein.  Und es lief ganz gut f\u00fcr die Beiden:  Platz 4, das ist doch schon mal ein hervorragender Wiedereinstieg.<\/p>\n\n\n\n<div class=\"wp-block-image\"><figure class=\"aligncenter\"><img loading=\"lazy\" decoding=\"async\" width=\"400\" height=\"607\" src=\"https:\/\/tanzen-weilheim.de\/cms\/wp-content\/uploads\/2020\/01\/2020-01-26-Sieger-Sen-III-C-Czierpke.jpg\" alt=\"\" class=\"wp-image-14729\" srcset=\"https:\/\/tanzen-weilheim.de\/cms\/wp-content\/uploads\/2020\/01\/2020-01-26-Sieger-Sen-III-C-Czierpke.jpg 400w, https:\/\/tanzen-weilheim.de\/cms\/wp-content\/uploads\/2020\/01\/2020-01-26-Sieger-Sen-III-C-Czierpke-395x600.jpg 395w\" sizes=\"auto, (max-width: 400px) 100vw, 400px\" \/><figcaption>Richard &amp; Kamilla <br>Foto: blitznicht.de<\/figcaption><\/figure><\/div>\n\n\n\n<p>hier geht es zu den Ergebnissen:<br><a href=\"http:\/\/ergebnisse.rot-gold-casino.de\/2022-05-21_22_MfTSW\/\">TSC RGC N\u00fcrnberg<\/a><br><a href=\"https:\/\/www.ttc-erlangen.de\/index.php\/veranstaltungen\/oeffentlich\/turnier2022-2\/turnier2022-2-ergebnisse\">TTC Erlangen<\/a><\/p>\n\n\n\n<p>Aber auch unsere Zweitmitglieder, die unser Turniertrainingsprogram flei\u00dfig nutzen, aber f\u00fcr unsere Nachbarclubs starten, waren auf dem Mittelfr\u00e4nkischen Tanzsportwochenende dabei:<\/p>\n\n\n\n<p>Anke &amp; Bj\u00f6rn Buschmann &#8211; startend f\u00fcr den TSC T\u00f6lzer Land &#8211; gingen sowohl in den Standard-T\u00e4nzen, als auch den Lateint\u00e4nzen bei den Turnieren der Sen AI veranstaltet vom TSC RGC N\u00fcrnberg an den Start. In Latein verpassten sie knapp den Einzug ins Finale &#8211; Platz 7,  in Standard standen sie auf dem Trepperl &#8211; Platz 3.<\/p>\n\n\n\n<ul class=\"wp-block-gallery columns-2 is-cropped wp-block-gallery-1 is-layout-flex wp-block-gallery-is-layout-flex\"><li class=\"blocks-gallery-item\"><figure><img loading=\"lazy\" decoding=\"async\" width=\"1365\" height=\"2048\" src=\"https:\/\/tanzen-weilheim.de\/cms\/wp-content\/uploads\/2022\/04\/PHOTO-2022-04-13-11-57-34.jpg\" alt=\"\" data-id=\"17004\" data-link=\"https:\/\/tanzen-weilheim.de\/cms\/17003\/48-tanzkarussell-um-das-blaue-band-der-spree-berlin\/photo-2022-04-13-11-57-34\" class=\"wp-image-17004\" srcset=\"https:\/\/tanzen-weilheim.de\/cms\/wp-content\/uploads\/2022\/04\/PHOTO-2022-04-13-11-57-34.jpg 1365w, https:\/\/tanzen-weilheim.de\/cms\/wp-content\/uploads\/2022\/04\/PHOTO-2022-04-13-11-57-34-640x960.jpg 640w, https:\/\/tanzen-weilheim.de\/cms\/wp-content\/uploads\/2022\/04\/PHOTO-2022-04-13-11-57-34-1280x1920.jpg 1280w, https:\/\/tanzen-weilheim.de\/cms\/wp-content\/uploads\/2022\/04\/PHOTO-2022-04-13-11-57-34-768x1152.jpg 768w, https:\/\/tanzen-weilheim.de\/cms\/wp-content\/uploads\/2022\/04\/PHOTO-2022-04-13-11-57-34-400x600.jpg 400w\" sizes=\"auto, (max-width: 1365px) 100vw, 1365px\" \/><figcaption>Anke &amp; Bj\u00f6rn Sen I A Standard<br>Foto: Ren\u00e8 Bolczndard<\/figcaption><\/figure><\/li><li class=\"blocks-gallery-item\"><figure><img loading=\"lazy\" decoding=\"async\" width=\"2051\" height=\"3370\" src=\"https:\/\/tanzen-weilheim.de\/cms\/wp-content\/uploads\/2022\/02\/Buschmann_LM_Latein_2022_B.jpg\" alt=\"\" data-id=\"16844\" data-link=\"https:\/\/tanzen-weilheim.de\/cms\/16812\/landesmeisterschaft-sen-i-ii-und-iii-latein-2022\/buschmann_lm_latein_2022_b\" class=\"wp-image-16844\" srcset=\"https:\/\/tanzen-weilheim.de\/cms\/wp-content\/uploads\/2022\/02\/Buschmann_LM_Latein_2022_B.jpg 2051w, https:\/\/tanzen-weilheim.de\/cms\/wp-content\/uploads\/2022\/02\/Buschmann_LM_Latein_2022_B-584x960.jpg 584w, https:\/\/tanzen-weilheim.de\/cms\/wp-content\/uploads\/2022\/02\/Buschmann_LM_Latein_2022_B-1169x1920.jpg 1169w, https:\/\/tanzen-weilheim.de\/cms\/wp-content\/uploads\/2022\/02\/Buschmann_LM_Latein_2022_B-768x1262.jpg 768w, https:\/\/tanzen-weilheim.de\/cms\/wp-content\/uploads\/2022\/02\/Buschmann_LM_Latein_2022_B-365x600.jpg 365w\" sizes=\"auto, (max-width: 2051px) 100vw, 2051px\" \/><figcaption>Anke &amp; Bj\u00f6rn Sen I A Latein<br> Foto: privat<\/figcaption><\/figure><\/li><\/ul>\n\n\n\n<p>Beim TTC Erlangen starteten in den Lateint\u00e4nzen Jutta Maccio &amp; Oliver Albers. Sie treten f\u00fcr unseren Nachbarclub dem GSC Murnau an.  An beiden Tagen  erreichten sie klar die Endrunde &#8211; Samstag Platz 6 in Sen II C Latein. Am Sonntag holten sie sich gleich 2 Patzierungen:  Sen II C und Sen I C Latein jeweils Platz 4.<\/p>\n\n\n\n<div class=\"wp-block-image\"><figure class=\"aligncenter is-resized\"><img loading=\"lazy\" decoding=\"async\" src=\"https:\/\/tanzen-weilheim.de\/cms\/wp-content\/uploads\/2022\/04\/Jutta_Oliver_Bodensee_2022_PHOTO-2022-04-10-19-02-52.jpg\" alt=\"\" class=\"wp-image-16992\" width=\"331\" height=\"481\" srcset=\"https:\/\/tanzen-weilheim.de\/cms\/wp-content\/uploads\/2022\/04\/Jutta_Oliver_Bodensee_2022_PHOTO-2022-04-10-19-02-52.jpg 604w, https:\/\/tanzen-weilheim.de\/cms\/wp-content\/uploads\/2022\/04\/Jutta_Oliver_Bodensee_2022_PHOTO-2022-04-10-19-02-52-400x581.jpg 400w\" sizes=\"auto, (max-width: 331px) 100vw, 331px\" \/><figcaption>Jutta &amp; Oliver <br>Foto: privat<\/figcaption><\/figure><\/div>\n\n\n\n<div class=\"wp-block-image\"><figure class=\"alignleft is-resized\"><img loading=\"lazy\" decoding=\"async\" src=\"https:\/\/tanzen-weilheim.de\/cms\/wp-content\/uploads\/2022\/05\/Erlangen_2022_PHOTO-2022-05-22-20-44-31.jpg\" alt=\"\" class=\"wp-image-17222\" width=\"670\" height=\"321\" srcset=\"https:\/\/tanzen-weilheim.de\/cms\/wp-content\/uploads\/2022\/05\/Erlangen_2022_PHOTO-2022-05-22-20-44-31.jpg 2048w, https:\/\/tanzen-weilheim.de\/cms\/wp-content\/uploads\/2022\/05\/Erlangen_2022_PHOTO-2022-05-22-20-44-31-960x462.jpg 960w, https:\/\/tanzen-weilheim.de\/cms\/wp-content\/uploads\/2022\/05\/Erlangen_2022_PHOTO-2022-05-22-20-44-31-1920x923.jpg 1920w, https:\/\/tanzen-weilheim.de\/cms\/wp-content\/uploads\/2022\/05\/Erlangen_2022_PHOTO-2022-05-22-20-44-31-768x369.jpg 768w, https:\/\/tanzen-weilheim.de\/cms\/wp-content\/uploads\/2022\/05\/Erlangen_2022_PHOTO-2022-05-22-20-44-31-400x192.jpg 400w\" sizes=\"auto, (max-width: 670px) 100vw, 670px\" \/><figcaption>Jutta &amp; Oliver Platz 4 <br>Foto: Privat<\/figcaption><\/figure><\/div>\n\n\n\n<p><\/p>\n","protected":false},"excerpt":{"rendered":"<p>Am vergangenen Wochenende fand das Mittelfr\u00e4nkische Tanzsportwochenende statt. Am Samstag waren die Standard-Turnierpaare der TSA Barbara Amberg &amp; Harry Kaiser, sowie Kamilla &amp; Richard Czierpke am Start. Barbara &amp; Harry starteten auf den Turnieren des TTC Erlangen in den Startklassen Sen III C und Sen II . Sie holten sich viele Punkte und 1 Platzierung.Platz [&hellip;]<\/p>\n","protected":false},"author":19,"featured_media":17223,"comment_status":"closed","ping_status":"closed","sticky":false,"template":"","format":"standard","meta":{"_jetpack_memberships_contains_paid_content":false,"footnotes":""},"categories":[1],"tags":[],"class_list":["post-17220","post","type-post","status-publish","format-standard","has-post-thumbnail","hentry","category-allgemein"],"jetpack_featured_media_url":"https:\/\/tanzen-weilheim.de\/cms\/wp-content\/uploads\/2022\/05\/PWP_2022B_IMG_4695.jpg","jetpack_sharing_enabled":true,"_links":{"self":[{"href":"https:\/\/tanzen-weilheim.de\/cms\/wp-json\/wp\/v2\/posts\/17220","targetHints":{"allow":["GET"]}}],"collection":[{"href":"https:\/\/tanzen-weilheim.de\/cms\/wp-json\/wp\/v2\/posts"}],"about":[{"href":"https:\/\/tanzen-weilheim.de\/cms\/wp-json\/wp\/v2\/types\/post"}],"author":[{"embeddable":true,"href":"https:\/\/tanzen-weilheim.de\/cms\/wp-json\/wp\/v2\/users\/19"}],"replies":[{"embeddable":true,"href":"https:\/\/tanzen-weilheim.de\/cms\/wp-json\/wp\/v2\/comments?post=17220"}],"version-history":[{"count":14,"href":"https:\/\/tanzen-weilheim.de\/cms\/wp-json\/wp\/v2\/posts\/17220\/revisions"}],"predecessor-version":[{"id":17245,"href":"https:\/\/tanzen-weilheim.de\/cms\/wp-json\/wp\/v2\/posts\/17220\/revisions\/17245"}],"wp:featuredmedia":[{"embeddable":true,"href":"https:\/\/tanzen-weilheim.de\/cms\/wp-json\/wp\/v2\/media\/17223"}],"wp:attachment":[{"href":"https:\/\/tanzen-weilheim.de\/cms\/wp-json\/wp\/v2\/media?parent=17220"}],"wp:term":[{"taxonomy":"category","embeddable":true,"href":"https:\/\/tanzen-weilheim.de\/cms\/wp-json\/wp\/v2\/categories?post=17220"},{"taxonomy":"post_tag","embeddable":true,"href":"https:\/\/tanzen-weilheim.de\/cms\/wp-json\/wp\/v2\/tags?post=17220"}],"curies":[{"name":"wp","href":"https:\/\/api.w.org\/{rel}","templated":true}]}}