{"id":17214,"date":"2022-05-23T08:59:08","date_gmt":"2022-05-23T06:59:08","guid":{"rendered":"http:\/\/tanzen-weilheim.de\/cms\/?p=17214"},"modified":"2022-05-24T10:41:38","modified_gmt":"2022-05-24T08:41:38","slug":"eva-maria-schweiger-ehrenmitglied","status":"publish","type":"post","link":"https:\/\/tanzen-weilheim.de\/cms\/17214\/eva-maria-schweiger-ehrenmitglied","title":{"rendered":"Eva-Maria Schweiger Ehrenmitglied"},"content":{"rendered":"\n<p>Im feierlichen Rahmen des Jubil\u00e4umsabends,  am 21.05.2022 anl\u00e4sslich des  175. Geburtstag des TSV 1847 Weilheim e.V., wurde  <br>Eva-Maria Schweiger  zum Ehrenmitglied des TSV 1847 Weilheim e.V., ernannt.<\/p>\n\n\n\n<p>Nach einer Laudatio, gehalten vom 1. Vorsitzenden des TSV&#8217;s Dieter Pausch, \u00fcberreichte Dieter der  2. Vorsitzende Eva-Maria Schweiger die Urkunde f\u00fcr die Ehrenmitgliedschaft im TSV.<\/p>\n\n\n\n<p>Eva-Maria bedankte sich f\u00fcr diese Ehre mit einer Dankensrede, in der sie, so ihre Worte ihr &#8222;ganzen Herzblut hineingelegt hat&#8220;.<\/p>\n\n\n\n<p>Die TSA freut sich sehr, dass  Eva-Maria nach ihrer gro\u00dfen Leidenschaft dem Fechten,  den Akrobaten der Turnern den &#8222;Vaganties&#8220;, hier bei uns in der Tanzsportabteilung einen weiteren Sport gefunden hat, in den sie ihre ganze Leidenschaft und Energie stecken kann. Die Formation ist stolz darauf,  dass Eva-Maria bei ihnen ihre t\u00e4nzerische Heimat gefunden hat. Sie ist mit Herzblut dabei \ud83d\ude42<\/p>\n\n\n\n<figure class=\"wp-block-image\"><img loading=\"lazy\" decoding=\"async\" width=\"1212\" height=\"984\" src=\"https:\/\/tanzen-weilheim.de\/cms\/wp-content\/uploads\/2022\/05\/InkedNarhalla-1-2020-02-23_LI_Eva.jpg\" alt=\"\" class=\"wp-image-17215\" srcset=\"https:\/\/tanzen-weilheim.de\/cms\/wp-content\/uploads\/2022\/05\/InkedNarhalla-1-2020-02-23_LI_Eva.jpg 1212w, https:\/\/tanzen-weilheim.de\/cms\/wp-content\/uploads\/2022\/05\/InkedNarhalla-1-2020-02-23_LI_Eva-960x779.jpg 960w, https:\/\/tanzen-weilheim.de\/cms\/wp-content\/uploads\/2022\/05\/InkedNarhalla-1-2020-02-23_LI_Eva-768x624.jpg 768w, https:\/\/tanzen-weilheim.de\/cms\/wp-content\/uploads\/2022\/05\/InkedNarhalla-1-2020-02-23_LI_Eva-400x325.jpg 400w\" sizes=\"auto, (max-width: 1212px) 100vw, 1212px\" \/><figcaption>Nach dem Auftritt auf der Bayerischen Landesmeisterschaft in der Stadthalle 2018<br>Foto: privat<\/figcaption><\/figure>\n\n\n\n<figure class=\"wp-block-image\"><img loading=\"lazy\" decoding=\"async\" width=\"3840\" height=\"2221\" src=\"https:\/\/tanzen-weilheim.de\/cms\/wp-content\/uploads\/2022\/05\/EVa_Sitzend_bearb_P1250682-3840x2221.jpg\" alt=\"\" class=\"wp-image-17235\" srcset=\"https:\/\/tanzen-weilheim.de\/cms\/wp-content\/uploads\/2022\/05\/EVa_Sitzend_bearb_P1250682-3840x2221.jpg 3840w, https:\/\/tanzen-weilheim.de\/cms\/wp-content\/uploads\/2022\/05\/EVa_Sitzend_bearb_P1250682-960x555.jpg 960w, https:\/\/tanzen-weilheim.de\/cms\/wp-content\/uploads\/2022\/05\/EVa_Sitzend_bearb_P1250682-1920x1111.jpg 1920w, https:\/\/tanzen-weilheim.de\/cms\/wp-content\/uploads\/2022\/05\/EVa_Sitzend_bearb_P1250682-768x444.jpg 768w, https:\/\/tanzen-weilheim.de\/cms\/wp-content\/uploads\/2022\/05\/EVa_Sitzend_bearb_P1250682-400x231.jpg 400w\" sizes=\"auto, (max-width: 3840px) 100vw, 3840px\" \/><figcaption>Trainingsfoto der Formation im Spiegelsaal <br> Eva im blauen T-Shirt<br>Foto: privat<\/figcaption><\/figure>\n\n\n\n<p>Vielen Dank, liebe Eva-Maria, f\u00fcr dein sehr gro\u00dfes Engagement im TSV und f\u00fcr deine gro\u00dfartige Unterst\u00fctzung der Abteilungsleitung der TSA &#8211; du hast immer ein offenes Ohr f\u00fcr uns &#8211; DANKE :).<\/p>\n\n\n\n<p>Die Tanzsportabteilung gratuliert Eva-Maria herzlichst \ud83d\ude42<\/p>\n\n\n\n<p class=\"has-small-font-size\">Foto: TSA privat<\/p>\n\n\n\n<p><\/p>\n","protected":false},"excerpt":{"rendered":"<p>Im feierlichen Rahmen des Jubil\u00e4umsabends, am 21.05.2022 anl\u00e4sslich des 175. Geburtstag des TSV 1847 Weilheim e.V., wurde Eva-Maria Schweiger zum Ehrenmitglied des TSV 1847 Weilheim e.V., ernannt. Nach einer Laudatio, gehalten vom 1. Vorsitzenden des TSV&#8217;s Dieter Pausch, \u00fcberreichte Dieter der 2. Vorsitzende Eva-Maria Schweiger die Urkunde f\u00fcr die Ehrenmitgliedschaft im TSV. Eva-Maria bedankte sich [&hellip;]<\/p>\n","protected":false},"author":19,"featured_media":17246,"comment_status":"closed","ping_status":"closed","sticky":false,"template":"","format":"standard","meta":{"_jetpack_memberships_contains_paid_content":false,"footnotes":""},"categories":[1],"tags":[],"class_list":["post-17214","post","type-post","status-publish","format-standard","has-post-thumbnail","hentry","category-allgemein"],"jetpack_featured_media_url":"https:\/\/tanzen-weilheim.de\/cms\/wp-content\/uploads\/2022\/05\/EVa_Sitzend_bearb2_P1250682.jpg","jetpack_sharing_enabled":true,"_links":{"self":[{"href":"https:\/\/tanzen-weilheim.de\/cms\/wp-json\/wp\/v2\/posts\/17214","targetHints":{"allow":["GET"]}}],"collection":[{"href":"https:\/\/tanzen-weilheim.de\/cms\/wp-json\/wp\/v2\/posts"}],"about":[{"href":"https:\/\/tanzen-weilheim.de\/cms\/wp-json\/wp\/v2\/types\/post"}],"author":[{"embeddable":true,"href":"https:\/\/tanzen-weilheim.de\/cms\/wp-json\/wp\/v2\/users\/19"}],"replies":[{"embeddable":true,"href":"https:\/\/tanzen-weilheim.de\/cms\/wp-json\/wp\/v2\/comments?post=17214"}],"version-history":[{"count":5,"href":"https:\/\/tanzen-weilheim.de\/cms\/wp-json\/wp\/v2\/posts\/17214\/revisions"}],"predecessor-version":[{"id":17237,"href":"https:\/\/tanzen-weilheim.de\/cms\/wp-json\/wp\/v2\/posts\/17214\/revisions\/17237"}],"wp:featuredmedia":[{"embeddable":true,"href":"https:\/\/tanzen-weilheim.de\/cms\/wp-json\/wp\/v2\/media\/17246"}],"wp:attachment":[{"href":"https:\/\/tanzen-weilheim.de\/cms\/wp-json\/wp\/v2\/media?parent=17214"}],"wp:term":[{"taxonomy":"category","embeddable":true,"href":"https:\/\/tanzen-weilheim.de\/cms\/wp-json\/wp\/v2\/categories?post=17214"},{"taxonomy":"post_tag","embeddable":true,"href":"https:\/\/tanzen-weilheim.de\/cms\/wp-json\/wp\/v2\/tags?post=17214"}],"curies":[{"name":"wp","href":"https:\/\/api.w.org\/{rel}","templated":true}]}}