{"id":17049,"date":"2022-05-08T10:40:54","date_gmt":"2022-05-08T08:40:54","guid":{"rendered":"http:\/\/tanzen-weilheim.de\/cms\/?p=17049"},"modified":"2022-05-11T12:09:32","modified_gmt":"2022-05-11T10:09:32","slug":"pfaffenwinkelpokal-turniere-2022","status":"publish","type":"post","link":"https:\/\/tanzen-weilheim.de\/cms\/17049\/pfaffenwinkelpokal-turniere-2022","title":{"rendered":"Pfaffenwinkelpokal-Turniere  2022"},"content":{"rendered":"\n<p>Nach 2 Jahren Zwangspause (Corona und Stadthallensperrung) war es gestern endlich wieder so weit, die in Weilheim inzwischen zur Tradition gewordenen Pfaffenwinkelpokal-Turniere wurden wieder ausgerichtet.&nbsp;<br><\/p>\n\n\n\n<p>Da die Stadthalle Weilheim aus baustatischen Gr\u00fcnden leider immer noch gesperrt ist, wurde die Veranstaltung in der Conrad-R\u00f6ntgen-Turnhalle der Mittelschule durchgef\u00fchrt.<\/p>\n\n\n\n<!--more-->\n\n\n\n<p>Diese Paare waren f\u00fcr die TSA im TSV 1847 Weilheim e.V. am Start:<\/p>\n\n\n\n<p><\/p>\n\n\n\n<div class=\"wp-block-image\"><figure class=\"alignleft is-resized\"><img loading=\"lazy\" decoding=\"async\" src=\"https:\/\/tanzen-weilheim.de\/cms\/wp-content\/uploads\/2022\/05\/Barbara_Harry_PWP1.jpg\" alt=\"\" class=\"wp-image-17131\" width=\"320\" height=\"496\" srcset=\"https:\/\/tanzen-weilheim.de\/cms\/wp-content\/uploads\/2022\/05\/Barbara_Harry_PWP1.jpg 824w, https:\/\/tanzen-weilheim.de\/cms\/wp-content\/uploads\/2022\/05\/Barbara_Harry_PWP1-618x960.jpg 618w, https:\/\/tanzen-weilheim.de\/cms\/wp-content\/uploads\/2022\/05\/Barbara_Harry_PWP1-768x1193.jpg 768w, https:\/\/tanzen-weilheim.de\/cms\/wp-content\/uploads\/2022\/05\/Barbara_Harry_PWP1-386x600.jpg 386w\" sizes=\"auto, (max-width: 320px) 100vw, 320px\" \/><figcaption> Barbara Amberg &amp; Harry Kaiser <br>3. Platz SenIII C +5. Platz SenII C <\/figcaption><\/figure><\/div>\n\n\n\n<div class=\"wp-block-image\"><figure class=\"alignleft is-resized\"><img loading=\"lazy\" decoding=\"async\" src=\"https:\/\/tanzen-weilheim.de\/cms\/wp-content\/uploads\/2022\/05\/Birgit_Peter_PWP2.jpg\" alt=\"\" class=\"wp-image-17132\" width=\"324\" height=\"500\" srcset=\"https:\/\/tanzen-weilheim.de\/cms\/wp-content\/uploads\/2022\/05\/Birgit_Peter_PWP2.jpg 828w, https:\/\/tanzen-weilheim.de\/cms\/wp-content\/uploads\/2022\/05\/Birgit_Peter_PWP2-621x960.jpg 621w, https:\/\/tanzen-weilheim.de\/cms\/wp-content\/uploads\/2022\/05\/Birgit_Peter_PWP2-768x1187.jpg 768w, https:\/\/tanzen-weilheim.de\/cms\/wp-content\/uploads\/2022\/05\/Birgit_Peter_PWP2-388x600.jpg 388w\" sizes=\"auto, (max-width: 324px) 100vw, 324px\" \/><figcaption>Birgit &amp; Peter Handel<br> 4. Platz SenIV B <\/figcaption><\/figure><\/div>\n\n\n\n<div class=\"wp-block-image\"><figure class=\"alignleft is-resized\"><img loading=\"lazy\" decoding=\"async\" src=\"https:\/\/tanzen-weilheim.de\/cms\/wp-content\/uploads\/2022\/05\/christine_Mani_PWP2.jpg\" alt=\"\" class=\"wp-image-17134\" width=\"301\" height=\"273\" srcset=\"https:\/\/tanzen-weilheim.de\/cms\/wp-content\/uploads\/2022\/05\/christine_Mani_PWP2.jpg 1057w, https:\/\/tanzen-weilheim.de\/cms\/wp-content\/uploads\/2022\/05\/christine_Mani_PWP2-960x873.jpg 960w, https:\/\/tanzen-weilheim.de\/cms\/wp-content\/uploads\/2022\/05\/christine_Mani_PWP2-768x698.jpg 768w, https:\/\/tanzen-weilheim.de\/cms\/wp-content\/uploads\/2022\/05\/christine_Mani_PWP2-400x364.jpg 400w\" sizes=\"auto, (max-width: 301px) 100vw, 301px\" \/><figcaption>Christine &amp; Manfred Huber <br>2. Platz SenIII A <\/figcaption><\/figure><\/div>\n\n\n\n<div class=\"wp-block-image\"><figure class=\"alignleft is-resized\"><img loading=\"lazy\" decoding=\"async\" src=\"https:\/\/tanzen-weilheim.de\/cms\/wp-content\/uploads\/2022\/05\/Moni_Michi_PWP1.jpg\" alt=\"\" class=\"wp-image-17133\" width=\"300\" height=\"447\" srcset=\"https:\/\/tanzen-weilheim.de\/cms\/wp-content\/uploads\/2022\/05\/Moni_Michi_PWP1.jpg 858w, https:\/\/tanzen-weilheim.de\/cms\/wp-content\/uploads\/2022\/05\/Moni_Michi_PWP1-644x960.jpg 644w, https:\/\/tanzen-weilheim.de\/cms\/wp-content\/uploads\/2022\/05\/Moni_Michi_PWP1-768x1146.jpg 768w, https:\/\/tanzen-weilheim.de\/cms\/wp-content\/uploads\/2022\/05\/Moni_Michi_PWP1-400x597.jpg 400w\" sizes=\"auto, (max-width: 300px) 100vw, 300px\" \/><figcaption>Monika &amp; Dr. Michael Marschall <br>3. Platz Sen III A <\/figcaption><\/figure><\/div>\n\n\n\n<p><br><\/p>\n\n\n\n<p><\/p>\n\n\n<p><!--EndFragment--><\/p>\n<p><\/p>\n\n\n<p><a href=\"https:\/\/tanzen-weilheim.de\/cms\/ergebnisse-main\/ergebnisse\">Ergebnisse: Pfaffenwinkelpokal 2022<\/a><\/p>\n\n\n\n<figure class=\"wp-block-image\"><img loading=\"lazy\" decoding=\"async\" width=\"3837\" height=\"2102\" src=\"https:\/\/tanzen-weilheim.de\/cms\/wp-content\/uploads\/2022\/05\/SENII-D_IMG_5168-1.jpg\" alt=\"\" class=\"wp-image-17069\" srcset=\"https:\/\/tanzen-weilheim.de\/cms\/wp-content\/uploads\/2022\/05\/SENII-D_IMG_5168-1.jpg 3837w, https:\/\/tanzen-weilheim.de\/cms\/wp-content\/uploads\/2022\/05\/SENII-D_IMG_5168-1-960x526.jpg 960w, https:\/\/tanzen-weilheim.de\/cms\/wp-content\/uploads\/2022\/05\/SENII-D_IMG_5168-1-1920x1052.jpg 1920w, https:\/\/tanzen-weilheim.de\/cms\/wp-content\/uploads\/2022\/05\/SENII-D_IMG_5168-1-768x421.jpg 768w, https:\/\/tanzen-weilheim.de\/cms\/wp-content\/uploads\/2022\/05\/SENII-D_IMG_5168-1-400x219.jpg 400w\" sizes=\"auto, (max-width: 3837px) 100vw, 3837px\" \/><figcaption>SenIII D Standard<br><\/figcaption><\/figure>\n\n\n\n<figure class=\"wp-block-image\"><img loading=\"lazy\" decoding=\"async\" width=\"3542\" height=\"1818\" src=\"https:\/\/tanzen-weilheim.de\/cms\/wp-content\/uploads\/2022\/05\/SenIII-D_IMG_5165-1.jpg\" alt=\"\" class=\"wp-image-17072\" srcset=\"https:\/\/tanzen-weilheim.de\/cms\/wp-content\/uploads\/2022\/05\/SenIII-D_IMG_5165-1.jpg 3542w, https:\/\/tanzen-weilheim.de\/cms\/wp-content\/uploads\/2022\/05\/SenIII-D_IMG_5165-1-960x493.jpg 960w, https:\/\/tanzen-weilheim.de\/cms\/wp-content\/uploads\/2022\/05\/SenIII-D_IMG_5165-1-1920x985.jpg 1920w, https:\/\/tanzen-weilheim.de\/cms\/wp-content\/uploads\/2022\/05\/SenIII-D_IMG_5165-1-768x394.jpg 768w, https:\/\/tanzen-weilheim.de\/cms\/wp-content\/uploads\/2022\/05\/SenIII-D_IMG_5165-1-400x205.jpg 400w\" sizes=\"auto, (max-width: 3542px) 100vw, 3542px\" \/><figcaption>SenIII D Standard<\/figcaption><\/figure>\n\n\n\n<figure class=\"wp-block-image\"><img loading=\"lazy\" decoding=\"async\" width=\"3840\" height=\"1993\" src=\"https:\/\/tanzen-weilheim.de\/cms\/wp-content\/uploads\/2022\/05\/SENIII-C_IMG_5178-1-3840x1993.jpg\" alt=\"\" class=\"wp-image-17073\" srcset=\"https:\/\/tanzen-weilheim.de\/cms\/wp-content\/uploads\/2022\/05\/SENIII-C_IMG_5178-1-3840x1993.jpg 3840w, https:\/\/tanzen-weilheim.de\/cms\/wp-content\/uploads\/2022\/05\/SENIII-C_IMG_5178-1-960x498.jpg 960w, https:\/\/tanzen-weilheim.de\/cms\/wp-content\/uploads\/2022\/05\/SENIII-C_IMG_5178-1-1920x996.jpg 1920w, https:\/\/tanzen-weilheim.de\/cms\/wp-content\/uploads\/2022\/05\/SENIII-C_IMG_5178-1-768x399.jpg 768w, https:\/\/tanzen-weilheim.de\/cms\/wp-content\/uploads\/2022\/05\/SENIII-C_IMG_5178-1-400x208.jpg 400w\" sizes=\"auto, (max-width: 3840px) 100vw, 3840px\" \/><figcaption>SenIII C Standard  &#8211; TSA Weilheim:  Barbara&amp;Harry auf Platz 3<\/figcaption><\/figure>\n\n\n\n<figure class=\"wp-block-image\"><img loading=\"lazy\" decoding=\"async\" width=\"3840\" height=\"2242\" src=\"https:\/\/tanzen-weilheim.de\/cms\/wp-content\/uploads\/2022\/05\/SENII-C_IMG_5191-1-3840x2242.jpg\" alt=\"\" class=\"wp-image-17074\" srcset=\"https:\/\/tanzen-weilheim.de\/cms\/wp-content\/uploads\/2022\/05\/SENII-C_IMG_5191-1-3840x2242.jpg 3840w, https:\/\/tanzen-weilheim.de\/cms\/wp-content\/uploads\/2022\/05\/SENII-C_IMG_5191-1-960x560.jpg 960w, https:\/\/tanzen-weilheim.de\/cms\/wp-content\/uploads\/2022\/05\/SENII-C_IMG_5191-1-1920x1121.jpg 1920w, https:\/\/tanzen-weilheim.de\/cms\/wp-content\/uploads\/2022\/05\/SENII-C_IMG_5191-1-768x448.jpg 768w, https:\/\/tanzen-weilheim.de\/cms\/wp-content\/uploads\/2022\/05\/SENII-C_IMG_5191-1-400x234.jpg 400w\" sizes=\"auto, (max-width: 3840px) 100vw, 3840px\" \/><figcaption>SenII C Standard &#8211; TSA Weilheim: Barbara&amp;Harry auf Platz 5<br><\/figcaption><\/figure>\n\n\n\n<figure class=\"wp-block-image\"><img loading=\"lazy\" decoding=\"async\" width=\"3674\" height=\"2264\" src=\"https:\/\/tanzen-weilheim.de\/cms\/wp-content\/uploads\/2022\/05\/SENIV-C_IMG_5175.jpg\" alt=\"\" class=\"wp-image-17084\" srcset=\"https:\/\/tanzen-weilheim.de\/cms\/wp-content\/uploads\/2022\/05\/SENIV-C_IMG_5175.jpg 3674w, https:\/\/tanzen-weilheim.de\/cms\/wp-content\/uploads\/2022\/05\/SENIV-C_IMG_5175-960x592.jpg 960w, https:\/\/tanzen-weilheim.de\/cms\/wp-content\/uploads\/2022\/05\/SENIV-C_IMG_5175-1920x1183.jpg 1920w, https:\/\/tanzen-weilheim.de\/cms\/wp-content\/uploads\/2022\/05\/SENIV-C_IMG_5175-768x473.jpg 768w, https:\/\/tanzen-weilheim.de\/cms\/wp-content\/uploads\/2022\/05\/SENIV-C_IMG_5175-400x246.jpg 400w\" sizes=\"auto, (max-width: 3674px) 100vw, 3674px\" \/><figcaption>SenIV C Standard<\/figcaption><\/figure>\n\n\n\n<figure class=\"wp-block-image\"><img loading=\"lazy\" decoding=\"async\" width=\"3800\" height=\"1916\" src=\"https:\/\/tanzen-weilheim.de\/cms\/wp-content\/uploads\/2022\/05\/SENIII-B_IMG_5192-1.jpg\" alt=\"\" class=\"wp-image-17076\" srcset=\"https:\/\/tanzen-weilheim.de\/cms\/wp-content\/uploads\/2022\/05\/SENIII-B_IMG_5192-1.jpg 3800w, https:\/\/tanzen-weilheim.de\/cms\/wp-content\/uploads\/2022\/05\/SENIII-B_IMG_5192-1-960x484.jpg 960w, https:\/\/tanzen-weilheim.de\/cms\/wp-content\/uploads\/2022\/05\/SENIII-B_IMG_5192-1-1920x968.jpg 1920w, https:\/\/tanzen-weilheim.de\/cms\/wp-content\/uploads\/2022\/05\/SENIII-B_IMG_5192-1-768x387.jpg 768w, https:\/\/tanzen-weilheim.de\/cms\/wp-content\/uploads\/2022\/05\/SENIII-B_IMG_5192-1-400x202.jpg 400w\" sizes=\"auto, (max-width: 3800px) 100vw, 3800px\" \/><figcaption>SenIII B Standard<\/figcaption><\/figure>\n\n\n\n<figure class=\"wp-block-image\"><img loading=\"lazy\" decoding=\"async\" width=\"3432\" height=\"1803\" src=\"https:\/\/tanzen-weilheim.de\/cms\/wp-content\/uploads\/2022\/05\/SENIV-B_IMG_5181-Kopie-1.jpg\" alt=\"\" class=\"wp-image-17085\" srcset=\"https:\/\/tanzen-weilheim.de\/cms\/wp-content\/uploads\/2022\/05\/SENIV-B_IMG_5181-Kopie-1.jpg 3432w, https:\/\/tanzen-weilheim.de\/cms\/wp-content\/uploads\/2022\/05\/SENIV-B_IMG_5181-Kopie-1-960x504.jpg 960w, https:\/\/tanzen-weilheim.de\/cms\/wp-content\/uploads\/2022\/05\/SENIV-B_IMG_5181-Kopie-1-1920x1009.jpg 1920w, https:\/\/tanzen-weilheim.de\/cms\/wp-content\/uploads\/2022\/05\/SENIV-B_IMG_5181-Kopie-1-768x403.jpg 768w, https:\/\/tanzen-weilheim.de\/cms\/wp-content\/uploads\/2022\/05\/SENIV-B_IMG_5181-Kopie-1-400x210.jpg 400w\" sizes=\"auto, (max-width: 3432px) 100vw, 3432px\" \/><figcaption>SenIV B &#8211; TSA Weilheim: Birgit&amp;Peter Platz 4<\/figcaption><\/figure>\n\n\n\n<figure class=\"wp-block-image\"><img loading=\"lazy\" decoding=\"async\" width=\"3840\" height=\"2160\" src=\"https:\/\/tanzen-weilheim.de\/cms\/wp-content\/uploads\/2022\/05\/SENIV-A_IMG_5195-Kopie-1-3840x2160.jpg\" alt=\"\" class=\"wp-image-17078\" srcset=\"https:\/\/tanzen-weilheim.de\/cms\/wp-content\/uploads\/2022\/05\/SENIV-A_IMG_5195-Kopie-1-3840x2160.jpg 3840w, https:\/\/tanzen-weilheim.de\/cms\/wp-content\/uploads\/2022\/05\/SENIV-A_IMG_5195-Kopie-1-960x540.jpg 960w, https:\/\/tanzen-weilheim.de\/cms\/wp-content\/uploads\/2022\/05\/SENIV-A_IMG_5195-Kopie-1-1920x1080.jpg 1920w, https:\/\/tanzen-weilheim.de\/cms\/wp-content\/uploads\/2022\/05\/SENIV-A_IMG_5195-Kopie-1-768x432.jpg 768w, https:\/\/tanzen-weilheim.de\/cms\/wp-content\/uploads\/2022\/05\/SENIV-A_IMG_5195-Kopie-1-400x225.jpg 400w\" sizes=\"auto, (max-width: 3840px) 100vw, 3840px\" \/><figcaption>SenIV A Standard<\/figcaption><\/figure>\n\n\n\n<figure class=\"wp-block-image\"><img loading=\"lazy\" decoding=\"async\" width=\"3840\" height=\"2160\" src=\"https:\/\/tanzen-weilheim.de\/cms\/wp-content\/uploads\/2022\/05\/SENIII-A_IMG_5199-1-3840x2160.jpg\" alt=\"\" class=\"wp-image-17080\" srcset=\"https:\/\/tanzen-weilheim.de\/cms\/wp-content\/uploads\/2022\/05\/SENIII-A_IMG_5199-1-3840x2160.jpg 3840w, https:\/\/tanzen-weilheim.de\/cms\/wp-content\/uploads\/2022\/05\/SENIII-A_IMG_5199-1-960x540.jpg 960w, https:\/\/tanzen-weilheim.de\/cms\/wp-content\/uploads\/2022\/05\/SENIII-A_IMG_5199-1-1920x1080.jpg 1920w, https:\/\/tanzen-weilheim.de\/cms\/wp-content\/uploads\/2022\/05\/SENIII-A_IMG_5199-1-768x432.jpg 768w, https:\/\/tanzen-weilheim.de\/cms\/wp-content\/uploads\/2022\/05\/SENIII-A_IMG_5199-1-400x225.jpg 400w\" sizes=\"auto, (max-width: 3840px) 100vw, 3840px\" \/><figcaption>SenIII A Standard &#8211; TSA Weilheim: Christine&amp;Manfred Platz 2 \/\/ Monika &amp;Michael Platz 3<\/figcaption><\/figure>\n\n\n\n<figure class=\"wp-block-image\"><img loading=\"lazy\" decoding=\"async\" width=\"3840\" height=\"2160\" src=\"https:\/\/tanzen-weilheim.de\/cms\/wp-content\/uploads\/2022\/05\/SENIII-S_IMG_5202-1-3840x2160.jpg\" alt=\"\" class=\"wp-image-17082\" srcset=\"https:\/\/tanzen-weilheim.de\/cms\/wp-content\/uploads\/2022\/05\/SENIII-S_IMG_5202-1-3840x2160.jpg 3840w, https:\/\/tanzen-weilheim.de\/cms\/wp-content\/uploads\/2022\/05\/SENIII-S_IMG_5202-1-960x540.jpg 960w, https:\/\/tanzen-weilheim.de\/cms\/wp-content\/uploads\/2022\/05\/SENIII-S_IMG_5202-1-1920x1080.jpg 1920w, https:\/\/tanzen-weilheim.de\/cms\/wp-content\/uploads\/2022\/05\/SENIII-S_IMG_5202-1-768x432.jpg 768w, https:\/\/tanzen-weilheim.de\/cms\/wp-content\/uploads\/2022\/05\/SENIII-S_IMG_5202-1-400x225.jpg 400w\" sizes=\"auto, (max-width: 3840px) 100vw, 3840px\" \/><figcaption>SenIII S Standard<\/figcaption><\/figure>\n\n\n\n<figure class=\"wp-block-image\"><img loading=\"lazy\" decoding=\"async\" width=\"1130\" height=\"494\" src=\"https:\/\/tanzen-weilheim.de\/cms\/wp-content\/uploads\/2022\/05\/image-3.png\" alt=\"\" class=\"wp-image-17149\" srcset=\"https:\/\/tanzen-weilheim.de\/cms\/wp-content\/uploads\/2022\/05\/image-3.png 1130w, https:\/\/tanzen-weilheim.de\/cms\/wp-content\/uploads\/2022\/05\/image-3-960x420.png 960w, https:\/\/tanzen-weilheim.de\/cms\/wp-content\/uploads\/2022\/05\/image-3-768x336.png 768w, https:\/\/tanzen-weilheim.de\/cms\/wp-content\/uploads\/2022\/05\/image-3-400x175.png 400w\" sizes=\"auto, (max-width: 1130px) 100vw, 1130px\" \/><\/figure>\n\n\n\n<p>Das Publikum sah einen tollen Turniertag und die Paare f\u00fchlten sich in der Conrad-R\u00f6ntgen-Turnhalle wohl. &nbsp;Insgesamt l\u00e4sst sich ohne Weiteres res\u00fcmieren, dass auch dieser Pfaffenwinkelpokal ein gro\u00dfer Erfolg war und den Paaren und Zuschauern in guter Erinnerung bleiben wird.<br>Ein herzliches Dankesch\u00f6n gilt an dieser Stelle dem Catering-Team  des F\u00f6rdervereins f\u00fcr Tanzsport im Raum Weilheim, den flei\u00dfigen Kuchenb\u00e4ckern den Helfern rund um das Turniergeschehen:  Kasse, Turnierb\u00fcro, Wertungsrichterbetreuung, Musik-, Siegerehrungs-, Turnierleitungs-Team und nicht zuletzt an die Organisatoren der Veranstaltung f\u00fcr die Vorarbeiten und in den Nacharbeiten.<\/p>\n\n\n\n<p><\/p>\n\n\n\n<p>Danke auch an das Wertungsrichter-Team, das an diesen langen Turniertag hervorragende Arbeit geleistet hat.<\/p>\n\n\n\n<p>Die Abteilung gratuliert allen Paaren aus nah und fern ganz herzlich zu den tollen Ergebnissen und freut sich mit und f\u00fcr die eigenen Paare zur hervorragenden Weilheimer Gesamtleistung!<\/p>\n\n\n\n<p>Foto\u2019s: Ren\u00e9e Rothb\u00f6ck privat<\/p>\n","protected":false},"excerpt":{"rendered":"<p>Nach 2 Jahren Zwangspause (Corona und Stadthallensperrung) war es gestern endlich wieder so weit, die in Weilheim inzwischen zur Tradition gewordenen Pfaffenwinkelpokal-Turniere wurden wieder ausgerichtet.&nbsp; Da die Stadthalle Weilheim aus baustatischen Gr\u00fcnden leider immer noch gesperrt ist, wurde die Veranstaltung in der Conrad-R\u00f6ntgen-Turnhalle der Mittelschule durchgef\u00fchrt.<\/p>\n","protected":false},"author":19,"featured_media":17129,"comment_status":"closed","ping_status":"closed","sticky":false,"template":"","format":"standard","meta":{"_jetpack_memberships_contains_paid_content":false,"footnotes":""},"categories":[1],"tags":[],"class_list":["post-17049","post","type-post","status-publish","format-standard","has-post-thumbnail","hentry","category-allgemein"],"jetpack_featured_media_url":"https:\/\/tanzen-weilheim.de\/cms\/wp-content\/uploads\/2022\/05\/A3_Platz1bis3IMG_4781.jpg","jetpack_sharing_enabled":true,"_links":{"self":[{"href":"https:\/\/tanzen-weilheim.de\/cms\/wp-json\/wp\/v2\/posts\/17049","targetHints":{"allow":["GET"]}}],"collection":[{"href":"https:\/\/tanzen-weilheim.de\/cms\/wp-json\/wp\/v2\/posts"}],"about":[{"href":"https:\/\/tanzen-weilheim.de\/cms\/wp-json\/wp\/v2\/types\/post"}],"author":[{"embeddable":true,"href":"https:\/\/tanzen-weilheim.de\/cms\/wp-json\/wp\/v2\/users\/19"}],"replies":[{"embeddable":true,"href":"https:\/\/tanzen-weilheim.de\/cms\/wp-json\/wp\/v2\/comments?post=17049"}],"version-history":[{"count":18,"href":"https:\/\/tanzen-weilheim.de\/cms\/wp-json\/wp\/v2\/posts\/17049\/revisions"}],"predecessor-version":[{"id":17198,"href":"https:\/\/tanzen-weilheim.de\/cms\/wp-json\/wp\/v2\/posts\/17049\/revisions\/17198"}],"wp:featuredmedia":[{"embeddable":true,"href":"https:\/\/tanzen-weilheim.de\/cms\/wp-json\/wp\/v2\/media\/17129"}],"wp:attachment":[{"href":"https:\/\/tanzen-weilheim.de\/cms\/wp-json\/wp\/v2\/media?parent=17049"}],"wp:term":[{"taxonomy":"category","embeddable":true,"href":"https:\/\/tanzen-weilheim.de\/cms\/wp-json\/wp\/v2\/categories?post=17049"},{"taxonomy":"post_tag","embeddable":true,"href":"https:\/\/tanzen-weilheim.de\/cms\/wp-json\/wp\/v2\/tags?post=17049"}],"curies":[{"name":"wp","href":"https:\/\/api.w.org\/{rel}","templated":true}]}}