{"id":17003,"date":"2022-04-20T14:19:44","date_gmt":"2022-04-20T12:19:44","guid":{"rendered":"http:\/\/tanzen-weilheim.de\/cms\/?p=17003"},"modified":"2022-04-23T10:41:50","modified_gmt":"2022-04-23T08:41:50","slug":"48-tanzkarussell-um-das-blaue-band-der-spree-berlin","status":"publish","type":"post","link":"https:\/\/tanzen-weilheim.de\/cms\/17003\/48-tanzkarussell-um-das-blaue-band-der-spree-berlin","title":{"rendered":"48. Tanzkarussell um das Blaue Band der Spree Berlin"},"content":{"rendered":"\n<p>auch wenn es nicht gleich um die Ecke ist, der Weg nach Berlin hat sich auf alle F\u00e4lle f\u00fcr Bj\u00f6rn &amp; Anke gelohnt.<br><br>Am 15. und 16. April 2022 starteten die Beiden auf dem 48. Tanzkarussell um das Blaue Band der Spree Berlin in der Senioren I A-Klasse Standard.<\/p>\n\n\n\n<div class=\"wp-block-image\"><figure class=\"alignleft is-resized\"><img loading=\"lazy\" decoding=\"async\" src=\"https:\/\/tanzen-weilheim.de\/cms\/wp-content\/uploads\/2022\/04\/PHOTO-2022-04-15-17-06-28.jpg\" alt=\"\" class=\"wp-image-17005\" width=\"391\" height=\"407\" srcset=\"https:\/\/tanzen-weilheim.de\/cms\/wp-content\/uploads\/2022\/04\/PHOTO-2022-04-15-17-06-28.jpg 1113w, https:\/\/tanzen-weilheim.de\/cms\/wp-content\/uploads\/2022\/04\/PHOTO-2022-04-15-17-06-28-922x960.jpg 922w, https:\/\/tanzen-weilheim.de\/cms\/wp-content\/uploads\/2022\/04\/PHOTO-2022-04-15-17-06-28-768x800.jpg 768w, https:\/\/tanzen-weilheim.de\/cms\/wp-content\/uploads\/2022\/04\/PHOTO-2022-04-15-17-06-28-400x417.jpg 400w\" sizes=\"auto, (max-width: 391px) 100vw, 391px\" \/><figcaption>Anke &amp; Bj\u00f6rn Sen I A Standard in Berlin <\/figcaption><\/figure><\/div>\n\n\n\n<p>An beiden Tagen gelang es  Bj\u00f6rn &amp; Anke sich, in den  international besetzten Startfeldern, \u00fcberzeugend  ins Finale zu tanzen.<\/p>\n\n\n\n<p><\/p>\n\n\n\n<p>Platz 6 und 5 mit einigen 2-ern und 1-ern in der Wertung zeigten, dass unsere Trainingsfreunde &#8211; Zweitmitglieder der TSA Weilheim, die f\u00fcr den TSC T\u00f6lzer Land starten &#8211; auf dem richtigen Weg  und sich die Trainingseinheiten &#8211;  Practice und Workshops der TSA Weilheim &#8211;  eine sehr gute Vorbereitung f\u00fcr ihre Turnierstarts sind.<\/p>\n\n\n\n<figure class=\"wp-block-image\"><img loading=\"lazy\" decoding=\"async\" width=\"2560\" height=\"3840\" src=\"https:\/\/tanzen-weilheim.de\/cms\/wp-content\/uploads\/2022\/04\/3264_0038_Buschmann_Foto_Rene-Bolcz-2560x3840.jpg\" alt=\"\" class=\"wp-image-17013\" srcset=\"https:\/\/tanzen-weilheim.de\/cms\/wp-content\/uploads\/2022\/04\/3264_0038_Buschmann_Foto_Rene-Bolcz-2560x3840.jpg 2560w, https:\/\/tanzen-weilheim.de\/cms\/wp-content\/uploads\/2022\/04\/3264_0038_Buschmann_Foto_Rene-Bolcz-640x960.jpg 640w, https:\/\/tanzen-weilheim.de\/cms\/wp-content\/uploads\/2022\/04\/3264_0038_Buschmann_Foto_Rene-Bolcz-1280x1920.jpg 1280w, https:\/\/tanzen-weilheim.de\/cms\/wp-content\/uploads\/2022\/04\/3264_0038_Buschmann_Foto_Rene-Bolcz-768x1152.jpg 768w, https:\/\/tanzen-weilheim.de\/cms\/wp-content\/uploads\/2022\/04\/3264_0038_Buschmann_Foto_Rene-Bolcz-400x600.jpg 400w\" sizes=\"auto, (max-width: 2560px) 100vw, 2560px\" \/><figcaption>Bj\u00f6rn &amp; Anke Buschmann<br>Foto: Ren\u00e8 Bolcz<\/figcaption><\/figure>\n\n\n\n<p><a href=\"https:\/\/turniere.btc-gruen-gold.de\/bb2022\/\">hier geht es zu den Ergebnissen der Veranstaltung<\/a><\/p>\n\n\n\n<p><\/p>\n","protected":false},"excerpt":{"rendered":"<p>auch wenn es nicht gleich um die Ecke ist, der Weg nach Berlin hat sich auf alle F\u00e4lle f\u00fcr Bj\u00f6rn &amp; Anke gelohnt. Am 15. und 16. April 2022 starteten die Beiden auf dem 48. Tanzkarussell um das Blaue Band der Spree Berlin in der Senioren I A-Klasse Standard. An beiden Tagen gelang es Bj\u00f6rn [&hellip;]<\/p>\n","protected":false},"author":19,"featured_media":17010,"comment_status":"closed","ping_status":"closed","sticky":false,"template":"","format":"standard","meta":{"_jetpack_memberships_contains_paid_content":false,"footnotes":""},"categories":[1],"tags":[],"class_list":["post-17003","post","type-post","status-publish","format-standard","has-post-thumbnail","hentry","category-allgemein"],"jetpack_featured_media_url":"https:\/\/tanzen-weilheim.de\/cms\/wp-content\/uploads\/2022\/04\/PHOTO-2022-04-13-11-57-34_bearbeitet.jpg","jetpack_sharing_enabled":true,"_links":{"self":[{"href":"https:\/\/tanzen-weilheim.de\/cms\/wp-json\/wp\/v2\/posts\/17003","targetHints":{"allow":["GET"]}}],"collection":[{"href":"https:\/\/tanzen-weilheim.de\/cms\/wp-json\/wp\/v2\/posts"}],"about":[{"href":"https:\/\/tanzen-weilheim.de\/cms\/wp-json\/wp\/v2\/types\/post"}],"author":[{"embeddable":true,"href":"https:\/\/tanzen-weilheim.de\/cms\/wp-json\/wp\/v2\/users\/19"}],"replies":[{"embeddable":true,"href":"https:\/\/tanzen-weilheim.de\/cms\/wp-json\/wp\/v2\/comments?post=17003"}],"version-history":[{"count":5,"href":"https:\/\/tanzen-weilheim.de\/cms\/wp-json\/wp\/v2\/posts\/17003\/revisions"}],"predecessor-version":[{"id":17014,"href":"https:\/\/tanzen-weilheim.de\/cms\/wp-json\/wp\/v2\/posts\/17003\/revisions\/17014"}],"wp:featuredmedia":[{"embeddable":true,"href":"https:\/\/tanzen-weilheim.de\/cms\/wp-json\/wp\/v2\/media\/17010"}],"wp:attachment":[{"href":"https:\/\/tanzen-weilheim.de\/cms\/wp-json\/wp\/v2\/media?parent=17003"}],"wp:term":[{"taxonomy":"category","embeddable":true,"href":"https:\/\/tanzen-weilheim.de\/cms\/wp-json\/wp\/v2\/categories?post=17003"},{"taxonomy":"post_tag","embeddable":true,"href":"https:\/\/tanzen-weilheim.de\/cms\/wp-json\/wp\/v2\/tags?post=17003"}],"curies":[{"name":"wp","href":"https:\/\/api.w.org\/{rel}","templated":true}]}}