{"id":16966,"date":"2022-04-10T14:22:31","date_gmt":"2022-04-10T12:22:31","guid":{"rendered":"http:\/\/tanzen-weilheim.de\/cms\/?p=16966"},"modified":"2022-04-12T10:28:52","modified_gmt":"2022-04-12T08:28:52","slug":"bodenseetanzfest-2022","status":"publish","type":"post","link":"https:\/\/tanzen-weilheim.de\/cms\/16966\/bodenseetanzfest-2022","title":{"rendered":"39. Bodenseetanzfest 2022"},"content":{"rendered":"\n<p>nach 2 Jahren Pause fanden sie wieder statt, die beliebten <a href=\"https:\/\/bodenseetanzfest.de\/\">Bodenseetanzfest-Turniere<\/a> &#8211; 9.4. bis 10.4.2022.<\/p>\n\n\n\n<p>F\u00fcr die  Weilheimer Turnierpaare war die Anreise zum  39. Bodenseetanzfest auf alle F\u00e4lle eine Reise wert &#8211; 2 Platzierungen und viele Punkte \ud83d\ude42<\/p>\n\n\n\n<p>F\u00fcr die TSA-Turnierpaare der  Sen III A  und Sen III C Standard  ging es dazu ins benachbarte \u00d6sterreich nach Dornbirn,  Konstanz\/Detting und Friedrichshafen\/Ettenkirch.<\/p>\n\n\n\n<!--more-->\n\n\n\n<p>Christine &amp; Manfred Huber hatten sich zus\u00e4tzlich zu ihrer eigentlichen Startklasse der Sen III A auch  in der Sen II A Standard angemeldet &#8211; sich dachten sich &#8222;so als kleiner warm up&#8220;. <br>Und es war das Beste was sich machen konnten,  5 Paare waren am  Start und Christine &amp; Manfred standen ganz oben auf dem Trepperl &#8211; Platz 1 :).<\/p>\n\n\n\n<div class=\"wp-block-image\"><figure class=\"aligncenter\"><img loading=\"lazy\" decoding=\"async\" width=\"888\" height=\"639\" src=\"https:\/\/tanzen-weilheim.de\/cms\/wp-content\/uploads\/2022\/04\/PHOTO-2022-04-10-14-08-05.jpg\" alt=\"\" class=\"wp-image-16967\" srcset=\"https:\/\/tanzen-weilheim.de\/cms\/wp-content\/uploads\/2022\/04\/PHOTO-2022-04-10-14-08-05.jpg 888w, https:\/\/tanzen-weilheim.de\/cms\/wp-content\/uploads\/2022\/04\/PHOTO-2022-04-10-14-08-05-768x553.jpg 768w, https:\/\/tanzen-weilheim.de\/cms\/wp-content\/uploads\/2022\/04\/PHOTO-2022-04-10-14-08-05-400x288.jpg 400w\" sizes=\"auto, (max-width: 888px) 100vw, 888px\" \/><figcaption>Christine &amp; Manfred Huber Sieger Sen II A auf dem 39. Bodenseetanzfest <\/figcaption><\/figure><\/div>\n\n\n\n<p>Bei der  im Anschluss stattfindenden Sen III A Standard  starteten zwei Paare der TSA Christine &amp; Manfred Huber sowie Monika &amp; Dr. Michael  Marschall.<br>Beide Paare erreichten souver\u00e4n das Finale. F\u00fcr Monika &amp; Michael reichte es leider nicht ganz auf  das Trepperl, sie mussten sich mit dem undankbaren 4. Platz zu frieden geben :). <br>F\u00fcr  Christine &amp; Manfred endete auch dieses Turnier auf dem Podest  &#8211;  Platz 2 :), wenn das nicht ein wirklich herrlicher Turniertag f\u00fcr die Beiden war &#8211; herzlichen Gl\u00fcckwunsch!<\/p>\n\n\n\n<div class=\"wp-block-image\"><figure class=\"aligncenter\"><img loading=\"lazy\" decoding=\"async\" width=\"1020\" height=\"461\" src=\"https:\/\/tanzen-weilheim.de\/cms\/wp-content\/uploads\/2022\/04\/Siegerehrung-A3_Bodensee_2022_737b7e56-9358-454b-8a31-4c5b39665102.jpg\" alt=\"\" class=\"wp-image-16968\" srcset=\"https:\/\/tanzen-weilheim.de\/cms\/wp-content\/uploads\/2022\/04\/Siegerehrung-A3_Bodensee_2022_737b7e56-9358-454b-8a31-4c5b39665102.jpg 1020w, https:\/\/tanzen-weilheim.de\/cms\/wp-content\/uploads\/2022\/04\/Siegerehrung-A3_Bodensee_2022_737b7e56-9358-454b-8a31-4c5b39665102-960x434.jpg 960w, https:\/\/tanzen-weilheim.de\/cms\/wp-content\/uploads\/2022\/04\/Siegerehrung-A3_Bodensee_2022_737b7e56-9358-454b-8a31-4c5b39665102-768x347.jpg 768w, https:\/\/tanzen-weilheim.de\/cms\/wp-content\/uploads\/2022\/04\/Siegerehrung-A3_Bodensee_2022_737b7e56-9358-454b-8a31-4c5b39665102-400x181.jpg 400w\" sizes=\"auto, (max-width: 1020px) 100vw, 1020px\" \/><figcaption>Siegerehrung Sen III A &#8211; Christine &amp; Manfred auf Platz 2 &#8230; Monika &amp; Michael auf Platz 4<\/figcaption><\/figure><\/div>\n\n\n\n<div class=\"wp-block-image\"><figure class=\"aligncenter is-resized\"><img loading=\"lazy\" decoding=\"async\" src=\"https:\/\/tanzen-weilheim.de\/cms\/wp-content\/uploads\/2022\/04\/Huber_Marschall_Bodensee_2022.jpg\" alt=\"\" class=\"wp-image-16969\" width=\"400\" height=\"471\" srcset=\"https:\/\/tanzen-weilheim.de\/cms\/wp-content\/uploads\/2022\/04\/Huber_Marschall_Bodensee_2022.jpg 2510w, https:\/\/tanzen-weilheim.de\/cms\/wp-content\/uploads\/2022\/04\/Huber_Marschall_Bodensee_2022-815x960.jpg 815w, https:\/\/tanzen-weilheim.de\/cms\/wp-content\/uploads\/2022\/04\/Huber_Marschall_Bodensee_2022-1630x1920.jpg 1630w, https:\/\/tanzen-weilheim.de\/cms\/wp-content\/uploads\/2022\/04\/Huber_Marschall_Bodensee_2022-768x904.jpg 768w, https:\/\/tanzen-weilheim.de\/cms\/wp-content\/uploads\/2022\/04\/Huber_Marschall_Bodensee_2022-400x471.jpg 400w\" sizes=\"auto, (max-width: 400px) 100vw, 400px\" \/><figcaption>Manfred, Christine, Monika und Michael &#8211; nach dem Turnier in Dornbirn \u00d6sterreich <\/figcaption><\/figure><\/div>\n\n\n\n<p><a href=\"https:\/\/www.tanzsportverband.at\/aktuelles\/tk01450\/\">hier geht es zu den Ergebnissen in Dornbirn<\/a><\/p>\n\n\n\n<p>Barbara Amberg &amp; Harry Kaiser hatten sich f\u00fcr Samstag und Sonntag am Bodenseetanzturnier angemeldet &#8211; jeweils f\u00fcr die  Turniere der Sen III C-Klasse Standard. <\/p>\n\n\n\n<div class=\"wp-block-image\"><figure class=\"alignright is-resized\"><img loading=\"lazy\" decoding=\"async\" src=\"https:\/\/tanzen-weilheim.de\/cms\/wp-content\/uploads\/2021\/03\/BarbaraHarry_W\u00fcrmpokal-Feb-2020_Standard-IIIC_bearbeitet.jpg\" alt=\"\" class=\"wp-image-15769\" width=\"377\" height=\"282\" srcset=\"https:\/\/tanzen-weilheim.de\/cms\/wp-content\/uploads\/2021\/03\/BarbaraHarry_W\u00fcrmpokal-Feb-2020_Standard-IIIC_bearbeitet.jpg 800w, https:\/\/tanzen-weilheim.de\/cms\/wp-content\/uploads\/2021\/03\/BarbaraHarry_W\u00fcrmpokal-Feb-2020_Standard-IIIC_bearbeitet-768x576.jpg 768w, https:\/\/tanzen-weilheim.de\/cms\/wp-content\/uploads\/2021\/03\/BarbaraHarry_W\u00fcrmpokal-Feb-2020_Standard-IIIC_bearbeitet-400x300.jpg 400w\" sizes=\"auto, (max-width: 377px) 100vw, 377px\" \/><figcaption>Barbara Amberg &amp; Harry Kaiser<\/figcaption><\/figure><\/div>\n\n\n\n<p>Am  Samstag ging es nach Konstanz. Mit 20 Kreuzen in der Vorrunde zeigten sie, dass sie vorne eingreifen wollen.<br>Motiviert tanzten sie die Zwischenrunde, mussten sich dann aber als Anschlusspaar zur Endrunde mit dem 7. Platz von insgesamt 14 Startern zufrieden geben.<\/p>\n\n\n\n<p><a href=\"https:\/\/www.tbw.de\/turnierergebnisse\/2022\/2022_04_09-10_Konstanz-Dettingen\/6-0904_ot_sen3cstd\/index.htm\">hier geht es zu den Ergebnissen in Konstanz\/Dettingen<\/a><\/p>\n\n\n\n<p>Am Sonntag starteten sie  in Friedrichshafen. Es lief verletzungsbedingt nicht ganz so rund, wie ie sie es sich gew\u00fcnscht h\u00e4tten.  Dennoch konnten sie sich im  guten  Mittelfeld platzieren  &#8211; Platz 11 von 16.<\/p>\n\n\n\n<p><a href=\"https:\/\/tbw.de\/turnierergebnisse\/2022\/2022_04_10_Ettenkirch\/3-s3cs-ot_sen3cstd\/index.htm\">hier geht es zu den Ergebnissen in Friedrichshafen\/Ettenkirch<\/a><\/p>\n\n\n\n<p>Freuen d\u00fcrfen wir uns auch \u00fcber die Turnierergebnisse eines unserer Zweitmitgliedschafts-Turnierpaare, die f\u00fcr den GTC Murnau an den Start gehen und bei uns flei\u00dfig mittrainieren: <br>hier wurden 2 Platzierungen mit ins bayrische Oberland mit nach Hause genommen \ud83d\ude42<\/p>\n\n\n\n<div class=\"wp-block-image\"><figure class=\"alignleft is-resized\"><img loading=\"lazy\" decoding=\"async\" src=\"https:\/\/tanzen-weilheim.de\/cms\/wp-content\/uploads\/2022\/04\/Jutta_Oliver_Bodensee_2022_PHOTO-2022-04-10-19-02-52.jpg\" alt=\"\" class=\"wp-image-16992\" width=\"312\" height=\"454\" srcset=\"https:\/\/tanzen-weilheim.de\/cms\/wp-content\/uploads\/2022\/04\/Jutta_Oliver_Bodensee_2022_PHOTO-2022-04-10-19-02-52.jpg 604w, https:\/\/tanzen-weilheim.de\/cms\/wp-content\/uploads\/2022\/04\/Jutta_Oliver_Bodensee_2022_PHOTO-2022-04-10-19-02-52-400x581.jpg 400w\" sizes=\"auto, (max-width: 312px) 100vw, 312px\" \/><figcaption>Jutta &amp; Oliver <\/figcaption><\/figure><\/div>\n\n\n\n<p>Jutta Maccio &amp; Oliver Albers waren ebenfalls auf dem 39. Bodenseetanzfest am Start &#8211; allerdings in der Latein-Sektion.<br>Am Sonntag starteten sie in Konstanz\/Dettingen. In der Sen I C standen sie auf dem Trepperl &#8211; Platz 3 und in der Sen II C erreichten sie im Finale den 6. Platz.<br>Am Sonntag ging es dann nach Friedrichshafen\/Ettenkirch. Hier ertanzten  sie sich sowohl in der Sen I, als auch in der Sen II Latein den 4. Platz.<\/p>\n\n\n\n<p>Foto&#8217;s: privat<br><br><\/p>\n","protected":false},"excerpt":{"rendered":"<p>nach 2 Jahren Pause fanden sie wieder statt, die beliebten Bodenseetanzfest-Turniere &#8211; 9.4. bis 10.4.2022. F\u00fcr die Weilheimer Turnierpaare war die Anreise zum 39. Bodenseetanzfest auf alle F\u00e4lle eine Reise wert &#8211; 2 Platzierungen und viele Punkte \ud83d\ude42 F\u00fcr die TSA-Turnierpaare der Sen III A und Sen III C Standard ging es dazu ins benachbarte [&hellip;]<\/p>\n","protected":false},"author":19,"featured_media":16972,"comment_status":"closed","ping_status":"closed","sticky":false,"template":"","format":"standard","meta":{"_jetpack_memberships_contains_paid_content":false,"footnotes":""},"categories":[1],"tags":[],"class_list":["post-16966","post","type-post","status-publish","format-standard","has-post-thumbnail","hentry","category-allgemein"],"jetpack_featured_media_url":"https:\/\/tanzen-weilheim.de\/cms\/wp-content\/uploads\/2022\/04\/Kopie_Sieger-Sen-II-A_-PHOTO-2022-04-10-14-08-05.jpg","jetpack_sharing_enabled":true,"_links":{"self":[{"href":"https:\/\/tanzen-weilheim.de\/cms\/wp-json\/wp\/v2\/posts\/16966","targetHints":{"allow":["GET"]}}],"collection":[{"href":"https:\/\/tanzen-weilheim.de\/cms\/wp-json\/wp\/v2\/posts"}],"about":[{"href":"https:\/\/tanzen-weilheim.de\/cms\/wp-json\/wp\/v2\/types\/post"}],"author":[{"embeddable":true,"href":"https:\/\/tanzen-weilheim.de\/cms\/wp-json\/wp\/v2\/users\/19"}],"replies":[{"embeddable":true,"href":"https:\/\/tanzen-weilheim.de\/cms\/wp-json\/wp\/v2\/comments?post=16966"}],"version-history":[{"count":13,"href":"https:\/\/tanzen-weilheim.de\/cms\/wp-json\/wp\/v2\/posts\/16966\/revisions"}],"predecessor-version":[{"id":16995,"href":"https:\/\/tanzen-weilheim.de\/cms\/wp-json\/wp\/v2\/posts\/16966\/revisions\/16995"}],"wp:featuredmedia":[{"embeddable":true,"href":"https:\/\/tanzen-weilheim.de\/cms\/wp-json\/wp\/v2\/media\/16972"}],"wp:attachment":[{"href":"https:\/\/tanzen-weilheim.de\/cms\/wp-json\/wp\/v2\/media?parent=16966"}],"wp:term":[{"taxonomy":"category","embeddable":true,"href":"https:\/\/tanzen-weilheim.de\/cms\/wp-json\/wp\/v2\/categories?post=16966"},{"taxonomy":"post_tag","embeddable":true,"href":"https:\/\/tanzen-weilheim.de\/cms\/wp-json\/wp\/v2\/tags?post=16966"}],"curies":[{"name":"wp","href":"https:\/\/api.w.org\/{rel}","templated":true}]}}