{"id":16812,"date":"2022-02-14T11:13:56","date_gmt":"2022-02-14T10:13:56","guid":{"rendered":"http:\/\/tanzen-weilheim.de\/cms\/?p=16812"},"modified":"2022-02-16T09:04:06","modified_gmt":"2022-02-16T08:04:06","slug":"landesmeisterschaft-sen-i-ii-und-iii-latein-2022","status":"publish","type":"post","link":"https:\/\/tanzen-weilheim.de\/cms\/16812\/landesmeisterschaft-sen-i-ii-und-iii-latein-2022","title":{"rendered":"Landesmeisterschaft Sen I, II und III Latein 2022"},"content":{"rendered":"\n<p>Ausrichter der Sen II und Sen III Latein-Landesmeisterschaft war der TSC dancepoint K\u00f6nigsbrunn und der Sen I Latein-Landesmeisterschaft  das TSZ Augsburg. Beide Clubs richteten diese Turnierveranstaltungen professionell unter Einhaltung der aktuellen Corona-Richtlinien aus. <\/p>\n\n\n\n<!--more-->\n\n\n\n<p style=\"text-align:left\">Im Vergleich zur Landesmeisterschaft 2021 waren heuer deutlich  mehr Paare am Start, die unter dem Applaus des anwesenden Publikums und den kritischen Augen der 7  Wertungsrichter um die begehrten Pl\u00e4tze auf dem Podest k\u00e4mpften.<\/p>\n\n\n\n<p style=\"text-align:left\">F\u00fcr die TSA im TSV Weilheim e.V. am Start waren Christine &amp; Manfred Huber Sen II + Sen III C, Barbara Amberg &amp; Harry Kaiser Sen III C sowie Birgit &amp; Peter Handel Sen II B + Sen III B.<\/p>\n\n\n\n<ul class=\"wp-block-gallery columns-3 is-cropped wp-block-gallery-1 is-layout-flex wp-block-gallery-is-layout-flex\"><li class=\"blocks-gallery-item\"><figure><img loading=\"lazy\" decoding=\"async\" width=\"1182\" height=\"1773\" src=\"https:\/\/tanzen-weilheim.de\/cms\/wp-content\/uploads\/2021\/09\/Huber_LTF_2021_Latein_FKB_0536-1.jpg\" alt=\"\" data-id=\"16235\" data-link=\"https:\/\/tanzen-weilheim.de\/cms\/16227\/1-senioren-lechtanz-festival-lft-mit-zum-teil-integrierten-bayrischen-meisterschaften\/huber_ltf_2021_latein_fkb_0536-1\" class=\"wp-image-16235\" srcset=\"https:\/\/tanzen-weilheim.de\/cms\/wp-content\/uploads\/2021\/09\/Huber_LTF_2021_Latein_FKB_0536-1.jpg 1182w, https:\/\/tanzen-weilheim.de\/cms\/wp-content\/uploads\/2021\/09\/Huber_LTF_2021_Latein_FKB_0536-1-640x960.jpg 640w, https:\/\/tanzen-weilheim.de\/cms\/wp-content\/uploads\/2021\/09\/Huber_LTF_2021_Latein_FKB_0536-1-768x1152.jpg 768w, https:\/\/tanzen-weilheim.de\/cms\/wp-content\/uploads\/2021\/09\/Huber_LTF_2021_Latein_FKB_0536-1-400x600.jpg 400w\" sizes=\"auto, (max-width: 1182px) 100vw, 1182px\" \/><figcaption>Christine &#038; Manfred Sen III C<\/figcaption><\/figure><\/li><li class=\"blocks-gallery-item\"><figure><img loading=\"lazy\" decoding=\"async\" width=\"1719\" height=\"2466\" src=\"https:\/\/tanzen-weilheim.de\/cms\/wp-content\/uploads\/2022\/02\/Barbara_Harry_136_3277_Bearbeitet.jpg\" alt=\"\" data-id=\"16814\" data-link=\"https:\/\/tanzen-weilheim.de\/cms\/?attachment_id=16814\" class=\"wp-image-16814\" srcset=\"https:\/\/tanzen-weilheim.de\/cms\/wp-content\/uploads\/2022\/02\/Barbara_Harry_136_3277_Bearbeitet.jpg 1719w, https:\/\/tanzen-weilheim.de\/cms\/wp-content\/uploads\/2022\/02\/Barbara_Harry_136_3277_Bearbeitet-669x960.jpg 669w, https:\/\/tanzen-weilheim.de\/cms\/wp-content\/uploads\/2022\/02\/Barbara_Harry_136_3277_Bearbeitet-1338x1920.jpg 1338w, https:\/\/tanzen-weilheim.de\/cms\/wp-content\/uploads\/2022\/02\/Barbara_Harry_136_3277_Bearbeitet-768x1102.jpg 768w, https:\/\/tanzen-weilheim.de\/cms\/wp-content\/uploads\/2022\/02\/Barbara_Harry_136_3277_Bearbeitet-400x574.jpg 400w\" sizes=\"auto, (max-width: 1719px) 100vw, 1719px\" \/><figcaption>Barbara &#038; Harry Sen III C<\/figcaption><\/figure><\/li><li class=\"blocks-gallery-item\"><figure><img loading=\"lazy\" decoding=\"async\" width=\"273\" height=\"450\" src=\"https:\/\/tanzen-weilheim.de\/cms\/wp-content\/uploads\/2022\/02\/Handel_2021.jpg\" alt=\"\" data-id=\"16815\" data-link=\"https:\/\/tanzen-weilheim.de\/cms\/?attachment_id=16815\" class=\"wp-image-16815\"\/><figcaption>Birgit &#038; Peter  Sen III B <\/figcaption><\/figure><\/li><li class=\"blocks-gallery-item\"><figure><img loading=\"lazy\" decoding=\"async\" width=\"1600\" height=\"786\" src=\"https:\/\/tanzen-weilheim.de\/cms\/wp-content\/uploads\/2022\/02\/IMG-20220212-WA0000.jpg\" alt=\"\" data-id=\"16820\" data-link=\"https:\/\/tanzen-weilheim.de\/cms\/?attachment_id=16820\" class=\"wp-image-16820\" srcset=\"https:\/\/tanzen-weilheim.de\/cms\/wp-content\/uploads\/2022\/02\/IMG-20220212-WA0000.jpg 1600w, https:\/\/tanzen-weilheim.de\/cms\/wp-content\/uploads\/2022\/02\/IMG-20220212-WA0000-960x472.jpg 960w, https:\/\/tanzen-weilheim.de\/cms\/wp-content\/uploads\/2022\/02\/IMG-20220212-WA0000-768x377.jpg 768w, https:\/\/tanzen-weilheim.de\/cms\/wp-content\/uploads\/2022\/02\/IMG-20220212-WA0000-400x197.jpg 400w\" sizes=\"auto, (max-width: 1600px) 100vw, 1600px\" \/><figcaption>Birgit &amp; Peter  auf der Siegerehrung  LM 2022 Sen III B<\/figcaption><\/figure><\/li><\/ul>\n\n\n\n<p>Ebenfalls am Start (allerdings starten diese beiden Paare f\u00fcr unsere Nachbarclubs)  waren unsere TSA- Mitglieder<\/p>\n\n\n\n<div class=\"wp-block-image\"><figure class=\"alignright is-resized\"><img loading=\"lazy\" decoding=\"async\" src=\"https:\/\/tanzen-weilheim.de\/cms\/wp-content\/uploads\/2022\/02\/Albers_Maccio_LM_Latein_2022.jpg\" alt=\"\" class=\"wp-image-16817\" width=\"167\" height=\"243\" srcset=\"https:\/\/tanzen-weilheim.de\/cms\/wp-content\/uploads\/2022\/02\/Albers_Maccio_LM_Latein_2022.jpg 746w, https:\/\/tanzen-weilheim.de\/cms\/wp-content\/uploads\/2022\/02\/Albers_Maccio_LM_Latein_2022-660x960.jpg 660w, https:\/\/tanzen-weilheim.de\/cms\/wp-content\/uploads\/2022\/02\/Albers_Maccio_LM_Latein_2022-400x582.jpg 400w\" sizes=\"auto, (max-width: 167px) 100vw, 167px\" \/><figcaption>Jutta &amp; Oliver Sen II C TSA Mitglieder starten f\u00fcr  GTC Murnau<\/figcaption><\/figure><\/div>\n\n\n\n<p>Jutta Maccio &amp; Oliver Albers (GTC Murnau) in der Startklasse Sen II C + Sen I C und Anke &amp; Bj\u00f6rn Buschmann (TSC T\u00f6lzer Land) Sen I A.<\/p>\n\n\n\n<figure class=\"wp-block-image is-resized\"><img loading=\"lazy\" decoding=\"async\" src=\"https:\/\/tanzen-weilheim.de\/cms\/wp-content\/uploads\/2022\/02\/Buschmann_LM_Latein_2022_B.jpg\" alt=\"\" class=\"wp-image-16844\" width=\"155\" height=\"254\" srcset=\"https:\/\/tanzen-weilheim.de\/cms\/wp-content\/uploads\/2022\/02\/Buschmann_LM_Latein_2022_B.jpg 2051w, https:\/\/tanzen-weilheim.de\/cms\/wp-content\/uploads\/2022\/02\/Buschmann_LM_Latein_2022_B-584x960.jpg 584w, https:\/\/tanzen-weilheim.de\/cms\/wp-content\/uploads\/2022\/02\/Buschmann_LM_Latein_2022_B-1169x1920.jpg 1169w, https:\/\/tanzen-weilheim.de\/cms\/wp-content\/uploads\/2022\/02\/Buschmann_LM_Latein_2022_B-768x1262.jpg 768w, https:\/\/tanzen-weilheim.de\/cms\/wp-content\/uploads\/2022\/02\/Buschmann_LM_Latein_2022_B-365x600.jpg 365w\" sizes=\"auto, (max-width: 155px) 100vw, 155px\" \/><figcaption>Anke &amp; Bj\u00f6rn Buschmann Sen I A Latein TSA Mitglieder starten f\u00fcr TSC T\u00f6lzer Land<\/figcaption><\/figure>\n\n\n\n<p>Alle Latein-Turnier-Paare fuhren hoch motiviert zu den Landesmeisterschaften. <br>&#8222;Es war schon wieder mal sehr sch\u00f6n, nach so langer Zeit auf der Turnier-tanzfl\u00e4che zu stehen, andere Turnierpaare wiederzutreffen und einfach Spa\u00df beim Tanzen unter Leistungsbedingungen zu haben, auch wenn der Flair aufgrund der Corona-Auflagen  noch nicht ganz so ist wie vor Corona, doch besser als kein Turnier &#8222;, so die R\u00fcckmeldung der TSA-Paare.<\/p>\n\n\n\n<p>Ein herzliches Dankesch\u00f6n an die ausrichtenden Clubs, die es erm\u00f6glicht haben, dass diese Landesmeisterschaften ausgetragen werden konnten.<br><\/p>\n\n\n\n<p>Hier geht es zu den Ergebnissen aller Landesmeisterschafen:<br><a href=\"https:\/\/ltvb.de\/wp-content\/uploads\/results\/10680\/index.htm\">Sen II und Sen III im dancepoint K\u00f6nigsbrunn 12.02.22<\/a><br><a href=\"https:\/\/ltvb.de\/wp-content\/uploads\/results\/10682\/index.htm\">Sen I im TSZ Augsburg 13.02.22<\/a><\/p>\n\n\n\n<p class=\"has-small-font-size\">Foto&#8217;s: privat<\/p>\n","protected":false},"excerpt":{"rendered":"<p>Ausrichter der Sen II und Sen III Latein-Landesmeisterschaft war der TSC dancepoint K\u00f6nigsbrunn und der Sen I Latein-Landesmeisterschaft das TSZ Augsburg. Beide Clubs richteten diese Turnierveranstaltungen professionell unter Einhaltung der aktuellen Corona-Richtlinien aus.<\/p>\n","protected":false},"author":19,"featured_media":16839,"comment_status":"closed","ping_status":"closed","sticky":false,"template":"","format":"standard","meta":{"_jetpack_memberships_contains_paid_content":false,"footnotes":""},"categories":[1],"tags":[],"class_list":["post-16812","post","type-post","status-publish","format-standard","has-post-thumbnail","hentry","category-allgemein"],"jetpack_featured_media_url":"https:\/\/tanzen-weilheim.de\/cms\/wp-content\/uploads\/2022\/02\/Huber_Latein_LM_2022_B.jpg","jetpack_sharing_enabled":true,"_links":{"self":[{"href":"https:\/\/tanzen-weilheim.de\/cms\/wp-json\/wp\/v2\/posts\/16812","targetHints":{"allow":["GET"]}}],"collection":[{"href":"https:\/\/tanzen-weilheim.de\/cms\/wp-json\/wp\/v2\/posts"}],"about":[{"href":"https:\/\/tanzen-weilheim.de\/cms\/wp-json\/wp\/v2\/types\/post"}],"author":[{"embeddable":true,"href":"https:\/\/tanzen-weilheim.de\/cms\/wp-json\/wp\/v2\/users\/19"}],"replies":[{"embeddable":true,"href":"https:\/\/tanzen-weilheim.de\/cms\/wp-json\/wp\/v2\/comments?post=16812"}],"version-history":[{"count":14,"href":"https:\/\/tanzen-weilheim.de\/cms\/wp-json\/wp\/v2\/posts\/16812\/revisions"}],"predecessor-version":[{"id":16885,"href":"https:\/\/tanzen-weilheim.de\/cms\/wp-json\/wp\/v2\/posts\/16812\/revisions\/16885"}],"wp:featuredmedia":[{"embeddable":true,"href":"https:\/\/tanzen-weilheim.de\/cms\/wp-json\/wp\/v2\/media\/16839"}],"wp:attachment":[{"href":"https:\/\/tanzen-weilheim.de\/cms\/wp-json\/wp\/v2\/media?parent=16812"}],"wp:term":[{"taxonomy":"category","embeddable":true,"href":"https:\/\/tanzen-weilheim.de\/cms\/wp-json\/wp\/v2\/categories?post=16812"},{"taxonomy":"post_tag","embeddable":true,"href":"https:\/\/tanzen-weilheim.de\/cms\/wp-json\/wp\/v2\/tags?post=16812"}],"curies":[{"name":"wp","href":"https:\/\/api.w.org\/{rel}","templated":true}]}}