{"id":16461,"date":"2021-10-25T11:15:05","date_gmt":"2021-10-25T09:15:05","guid":{"rendered":"http:\/\/tanzen-weilheim.de\/cms\/?p=16461"},"modified":"2021-11-04T11:23:58","modified_gmt":"2021-11-04T10:23:58","slug":"hallertauer-hopfenpokal-2021","status":"publish","type":"post","link":"https:\/\/tanzen-weilheim.de\/cms\/16461\/hallertauer-hopfenpokal-2021","title":{"rendered":"Hallertauer-Hopfenpokal  2021"},"content":{"rendered":"\n<p>Am 23. und 24. Oktober 2021 hie\u00df es wieder:<\/p>\n\n\n\n<p><strong>\u201eAuf nach Gammelsdorf zum Turnier um den <a href=\"https:\/\/www.fvgg.de\/index.php\/aktuelles\">Hallertauer Hopfenpokal<\/a>!&#8220;<\/strong><\/p>\n\n\n\n<p>Als l\u00e4ngj\u00e4hriger und  erfahrener  Rennradsportler hat G\u00fcnter die positiven Eigenschaften des Leistungssports sozusagen in den Genen.<\/p>\n\n\n\n<!--more-->\n\n\n\n<p>Willenskraft, Zielorientierung, Durchhalteverm\u00f6gen und dass man sich nicht durch R\u00fcckschl\u00e4ge aus dem Konzept bringen lassen darf, geh\u00f6ren hier dazu.<\/p>\n\n\n\n<p>Und genau deswegen waren G\u00fcnter und Gerlinde, nach l\u00e4nger Turnierpause, in Gammelsdorf mit dabei.<\/p>\n\n\n\n<figure class=\"wp-block-image\"><img loading=\"lazy\" decoding=\"async\" width=\"1024\" height=\"768\" src=\"https:\/\/tanzen-weilheim.de\/cms\/wp-content\/uploads\/2021\/10\/Gammelsdorf_Zoubek_2021_Whatsapp.jpg\" alt=\"\" class=\"wp-image-16462\" srcset=\"https:\/\/tanzen-weilheim.de\/cms\/wp-content\/uploads\/2021\/10\/Gammelsdorf_Zoubek_2021_Whatsapp.jpg 1024w, https:\/\/tanzen-weilheim.de\/cms\/wp-content\/uploads\/2021\/10\/Gammelsdorf_Zoubek_2021_Whatsapp-960x720.jpg 960w, https:\/\/tanzen-weilheim.de\/cms\/wp-content\/uploads\/2021\/10\/Gammelsdorf_Zoubek_2021_Whatsapp-768x576.jpg 768w, https:\/\/tanzen-weilheim.de\/cms\/wp-content\/uploads\/2021\/10\/Gammelsdorf_Zoubek_2021_Whatsapp-400x300.jpg 400w\" sizes=\"auto, (max-width: 1024px) 100vw, 1024px\" \/><figcaption>G\u00fcnter und Gerlinde Zoubek <br>Siegerehrung Sen III C Standard in Gammelsdorf <br><\/figcaption><\/figure>\n\n\n\n<p>Obwohl G\u00fcnter und Gerlinde eigentlich ein Sen IV C Standardpaar sind, nahmen sie die Herausforderung an und starteten in &#8222;j\u00fcngeren Startklasse&#8220;, der  Sen III C Standard.<\/p>\n\n\n\n<div class=\"wp-block-image\"><figure class=\"alignleft is-resized\"><img loading=\"lazy\" decoding=\"async\" src=\"https:\/\/tanzen-weilheim.de\/cms\/wp-content\/uploads\/2021\/11\/Kopie-von-Zoubek1_Butensch\u00f6n-2560x3840.jpg\" alt=\"\" class=\"wp-image-16490\" width=\"241\" height=\"362\" srcset=\"https:\/\/tanzen-weilheim.de\/cms\/wp-content\/uploads\/2021\/11\/Kopie-von-Zoubek1_Butensch\u00f6n-2560x3840.jpg 2560w, https:\/\/tanzen-weilheim.de\/cms\/wp-content\/uploads\/2021\/11\/Kopie-von-Zoubek1_Butensch\u00f6n-640x960.jpg 640w, https:\/\/tanzen-weilheim.de\/cms\/wp-content\/uploads\/2021\/11\/Kopie-von-Zoubek1_Butensch\u00f6n-1280x1920.jpg 1280w, https:\/\/tanzen-weilheim.de\/cms\/wp-content\/uploads\/2021\/11\/Kopie-von-Zoubek1_Butensch\u00f6n-768x1152.jpg 768w, https:\/\/tanzen-weilheim.de\/cms\/wp-content\/uploads\/2021\/11\/Kopie-von-Zoubek1_Butensch\u00f6n-400x600.jpg 400w\" sizes=\"auto, (max-width: 241px) 100vw, 241px\" \/><figcaption>Gerlinde &amp; G\u00fcnter<br><\/figcaption><\/figure><\/div>\n\n\n\n<p>Souver\u00e4n tanzten sie sich in der Vorrunde sozusagen warm, um  dann in der Zwischenrunde noch ein bisschen zuzulegen und sich letztendlich f\u00fcr das Finale zu qualifizieren. <br>In der Endrunde gaben sie nochmal alles, was in ihnen steckte. <br>Sie erreichten Platz 6 in der Startklasse Sen III C Standard.  Super ihr Zwei, wir sind stolz auf euch.<\/p>\n\n\n\n<p><\/p>\n\n\n\n<p><\/p>\n\n\n\n<div class=\"wp-block-image\"><figure class=\"aligncenter is-resized\"><img loading=\"lazy\" decoding=\"async\" src=\"https:\/\/tanzen-weilheim.de\/cms\/wp-content\/uploads\/2021\/11\/Zoubek5_Butensch\u00f6n-2560x3840.jpg\" alt=\"\" class=\"wp-image-16491\" width=\"349\" height=\"523\" srcset=\"https:\/\/tanzen-weilheim.de\/cms\/wp-content\/uploads\/2021\/11\/Zoubek5_Butensch\u00f6n-2560x3840.jpg 2560w, https:\/\/tanzen-weilheim.de\/cms\/wp-content\/uploads\/2021\/11\/Zoubek5_Butensch\u00f6n-640x960.jpg 640w, https:\/\/tanzen-weilheim.de\/cms\/wp-content\/uploads\/2021\/11\/Zoubek5_Butensch\u00f6n-1280x1920.jpg 1280w, https:\/\/tanzen-weilheim.de\/cms\/wp-content\/uploads\/2021\/11\/Zoubek5_Butensch\u00f6n-768x1152.jpg 768w, https:\/\/tanzen-weilheim.de\/cms\/wp-content\/uploads\/2021\/11\/Zoubek5_Butensch\u00f6n-400x600.jpg 400w\" sizes=\"auto, (max-width: 349px) 100vw, 349px\" \/><figcaption>Gerlinde &amp; G\u00fcnter <br><\/figcaption><\/figure><\/div>\n\n\n\n<p>Fotos: Klaus Butensch\u00f6n und TSA-privat<\/p>\n\n\n\n<p> Ergebnisse der Veranstaltung am Samstag <a href=\"https:\/\/www.fvgg.de\/index.php\/hallertauer-hopfenpokal\/hopfenpokal-2021\/hopfenpokal-2021-ergebnisse-tag-1\">hier<\/a>:<\/p>\n\n\n\n<p><br><br><\/p>\n","protected":false},"excerpt":{"rendered":"<p>Am 23. und 24. Oktober 2021 hie\u00df es wieder: \u201eAuf nach Gammelsdorf zum Turnier um den Hallertauer Hopfenpokal!&#8220; Als l\u00e4ngj\u00e4hriger und erfahrener Rennradsportler hat G\u00fcnter die positiven Eigenschaften des Leistungssports sozusagen in den Genen.<\/p>\n","protected":false},"author":19,"featured_media":16503,"comment_status":"closed","ping_status":"closed","sticky":false,"template":"","format":"standard","meta":{"_jetpack_memberships_contains_paid_content":false,"footnotes":""},"categories":[1],"tags":[],"class_list":["post-16461","post","type-post","status-publish","format-standard","has-post-thumbnail","hentry","category-allgemein"],"jetpack_featured_media_url":"https:\/\/tanzen-weilheim.de\/cms\/wp-content\/uploads\/2021\/10\/Zoubek4_Butensch\u00f6n.jpg","jetpack_sharing_enabled":true,"_links":{"self":[{"href":"https:\/\/tanzen-weilheim.de\/cms\/wp-json\/wp\/v2\/posts\/16461","targetHints":{"allow":["GET"]}}],"collection":[{"href":"https:\/\/tanzen-weilheim.de\/cms\/wp-json\/wp\/v2\/posts"}],"about":[{"href":"https:\/\/tanzen-weilheim.de\/cms\/wp-json\/wp\/v2\/types\/post"}],"author":[{"embeddable":true,"href":"https:\/\/tanzen-weilheim.de\/cms\/wp-json\/wp\/v2\/users\/19"}],"replies":[{"embeddable":true,"href":"https:\/\/tanzen-weilheim.de\/cms\/wp-json\/wp\/v2\/comments?post=16461"}],"version-history":[{"count":12,"href":"https:\/\/tanzen-weilheim.de\/cms\/wp-json\/wp\/v2\/posts\/16461\/revisions"}],"predecessor-version":[{"id":16504,"href":"https:\/\/tanzen-weilheim.de\/cms\/wp-json\/wp\/v2\/posts\/16461\/revisions\/16504"}],"wp:featuredmedia":[{"embeddable":true,"href":"https:\/\/tanzen-weilheim.de\/cms\/wp-json\/wp\/v2\/media\/16503"}],"wp:attachment":[{"href":"https:\/\/tanzen-weilheim.de\/cms\/wp-json\/wp\/v2\/media?parent=16461"}],"wp:term":[{"taxonomy":"category","embeddable":true,"href":"https:\/\/tanzen-weilheim.de\/cms\/wp-json\/wp\/v2\/categories?post=16461"},{"taxonomy":"post_tag","embeddable":true,"href":"https:\/\/tanzen-weilheim.de\/cms\/wp-json\/wp\/v2\/tags?post=16461"}],"curies":[{"name":"wp","href":"https:\/\/api.w.org\/{rel}","templated":true}]}}