{"id":16288,"date":"2021-09-13T10:36:31","date_gmt":"2021-09-13T08:36:31","guid":{"rendered":"http:\/\/tanzen-weilheim.de\/cms\/?p=16288"},"modified":"2021-09-13T11:39:01","modified_gmt":"2021-09-13T09:39:01","slug":"pfingstturniere-im-herbst","status":"publish","type":"post","link":"https:\/\/tanzen-weilheim.de\/cms\/16288\/pfingstturniere-im-herbst","title":{"rendered":"Pfingstturniere im September"},"content":{"rendered":"\n<p>Der <a href=\"https:\/\/tsc-unterschleissheim.de\/\">TanzSportClub Unterschlei\u00dfheim<\/a> richtete am Wochenende 11. und 12. September 2021 die &#8222;<a href=\"https:\/\/www.oberbayerische-pfingstturniere.de\/\">oberbayerischen Pfingstturniere<\/a>&#8220; &#8211; diesmal pandemiebedingt erst im September &#8211; aus.<\/p>\n\n\n\n<p>Birgit und Peter Handel waren an beiden Tagen f\u00fcr die TSA Weilheim am Start: <br>Samstag in den Latein- und Sonntag in den Standardt\u00e4nzen &#8211; in beiden Kategorien \u00e4u\u00dferst erfolgreich :).<\/p>\n\n\n\n<p>Handels sind in diesem Sommer einfach nicht mehr zu bremsen.<\/p>\n\n\n\n<!--more-->\n\n\n\n<div class=\"wp-block-image\"><figure class=\"alignright is-resized\"><img loading=\"lazy\" decoding=\"async\" src=\"https:\/\/tanzen-weilheim.de\/cms\/wp-content\/uploads\/2021\/09\/Handel_BayrMeister_592021_dancepointK\u00f6nigsbrunn_FKB_8723-1-2560x3840.jpg\" alt=\"\" class=\"wp-image-16241\" width=\"319\" height=\"479\" srcset=\"https:\/\/tanzen-weilheim.de\/cms\/wp-content\/uploads\/2021\/09\/Handel_BayrMeister_592021_dancepointK\u00f6nigsbrunn_FKB_8723-1-2560x3840.jpg 2560w, https:\/\/tanzen-weilheim.de\/cms\/wp-content\/uploads\/2021\/09\/Handel_BayrMeister_592021_dancepointK\u00f6nigsbrunn_FKB_8723-1-640x960.jpg 640w, https:\/\/tanzen-weilheim.de\/cms\/wp-content\/uploads\/2021\/09\/Handel_BayrMeister_592021_dancepointK\u00f6nigsbrunn_FKB_8723-1-1280x1920.jpg 1280w, https:\/\/tanzen-weilheim.de\/cms\/wp-content\/uploads\/2021\/09\/Handel_BayrMeister_592021_dancepointK\u00f6nigsbrunn_FKB_8723-1-768x1152.jpg 768w, https:\/\/tanzen-weilheim.de\/cms\/wp-content\/uploads\/2021\/09\/Handel_BayrMeister_592021_dancepointK\u00f6nigsbrunn_FKB_8723-1-400x600.jpg 400w\" sizes=\"auto, (max-width: 319px) 100vw, 319px\" \/><figcaption>Peter &amp; Birgit Handel Sen III B Latein<\/figcaption><\/figure><\/div>\n\n\n\n<p>Am Samstag starteten sie in der Klasse Sen III B Latein (hier sind sie letzte Woche erst Bayerischer Meister geworden). <br>Und sie durften sich wieder freuen &#8211; Platz 2 auf dem Siegerpodest der Sen III B Latein war das Endergebnis &#8211; herzliche Gratulation dazu.<\/p>\n\n\n\n<p><\/p>\n\n\n\n<p><\/p>\n\n\n\n<figure class=\"wp-block-image is-resized\"><img loading=\"lazy\" decoding=\"async\" src=\"https:\/\/tanzen-weilheim.de\/cms\/wp-content\/uploads\/2021\/09\/Pfingssturniere_Handel_Latein_PHOTO-2021-09-11-16-30-31.jpg\" alt=\"\" class=\"wp-image-16296\" width=\"395\" height=\"342\" srcset=\"https:\/\/tanzen-weilheim.de\/cms\/wp-content\/uploads\/2021\/09\/Pfingssturniere_Handel_Latein_PHOTO-2021-09-11-16-30-31.jpg 1611w, https:\/\/tanzen-weilheim.de\/cms\/wp-content\/uploads\/2021\/09\/Pfingssturniere_Handel_Latein_PHOTO-2021-09-11-16-30-31-960x832.jpg 960w, https:\/\/tanzen-weilheim.de\/cms\/wp-content\/uploads\/2021\/09\/Pfingssturniere_Handel_Latein_PHOTO-2021-09-11-16-30-31-768x666.jpg 768w, https:\/\/tanzen-weilheim.de\/cms\/wp-content\/uploads\/2021\/09\/Pfingssturniere_Handel_Latein_PHOTO-2021-09-11-16-30-31-400x347.jpg 400w\" sizes=\"auto, (max-width: 395px) 100vw, 395px\" \/><figcaption>Pfingssturniere Platz 2 Sen IV B Latein Birgit &amp; Peter Handel<\/figcaption><\/figure>\n\n\n\n<p><\/p>\n\n\n\n<div class=\"wp-block-image\"><figure class=\"alignright is-resized\"><img loading=\"lazy\" decoding=\"async\" src=\"https:\/\/tanzen-weilheim.de\/cms\/wp-content\/uploads\/2021\/07\/Handel_20210717_LMSENIVB_FKB_9151-1-2560x3840.jpg\" alt=\"\" class=\"wp-image-16034\" width=\"318\" height=\"477\" srcset=\"https:\/\/tanzen-weilheim.de\/cms\/wp-content\/uploads\/2021\/07\/Handel_20210717_LMSENIVB_FKB_9151-1-2560x3840.jpg 2560w, https:\/\/tanzen-weilheim.de\/cms\/wp-content\/uploads\/2021\/07\/Handel_20210717_LMSENIVB_FKB_9151-1-640x960.jpg 640w, https:\/\/tanzen-weilheim.de\/cms\/wp-content\/uploads\/2021\/07\/Handel_20210717_LMSENIVB_FKB_9151-1-1280x1920.jpg 1280w, https:\/\/tanzen-weilheim.de\/cms\/wp-content\/uploads\/2021\/07\/Handel_20210717_LMSENIVB_FKB_9151-1-768x1152.jpg 768w, https:\/\/tanzen-weilheim.de\/cms\/wp-content\/uploads\/2021\/07\/Handel_20210717_LMSENIVB_FKB_9151-1-400x600.jpg 400w\" sizes=\"auto, (max-width: 318px) 100vw, 318px\" \/><figcaption>Peter &amp; Birgit Handel Sen IV B Standard <\/figcaption><\/figure><\/div>\n\n\n\n<p>Am Sonntag packten sie erneut die Koffer:<br>diesmal wurde der Frack und das Standardturnierkleid eingepackt.<\/p>\n\n\n\n<p>Sie konnten es nicht fassen: in der Startklasse Sen IV B Standard &#8211; hier waren sie im Juli Vizemeister geworden &#8211; standen sie nun ganz oben auf dem Siegerpodest. Die Freude in ihren Gesichtern war nicht zu \u00fcbersehen.<\/p>\n\n\n\n<p>Selbstverst\u00e4ndlich nahmen sie das Angebot der Turnierleitung war, als <br>Sieger der Sen IV B Standard, am Turnier der n\u00e4chst <br>h\u00f6heren  Startklasse Sen IV A Standard teilzunehmen. <br>Sie gaben  nochmal richtig Gas und tanzten vollkommen motiviert und locker. <br>Das Ergebnis lie\u00df sich wiederum sehen &#8211; Platz 2.  <br>Auch hier die herzlichsten Gl\u00fcckw\u00fcnsche dazu &#8211; wir sind stolz auf euch \ud83d\ude42<\/p>\n\n\n\n<p>Hier geht es zu den <a href=\"https:\/\/www.oberbayerische-pfingstturniere.de\/Ergebnisse\/Ergebnisse-2021\/index.htm\">TopTurnier-Ergebnis-Listen<\/a> der Veranstaltung<\/p>\n\n\n\n<p class=\"has-small-font-size\">Fotos: Butensch\u00f6n \/ TSA privat<\/p>\n\n\n\n<p><\/p>\n","protected":false},"excerpt":{"rendered":"<p>Der TanzSportClub Unterschlei\u00dfheim richtete am Wochenende 11. und 12. September 2021 die &#8222;oberbayerischen Pfingstturniere&#8220; &#8211; diesmal pandemiebedingt erst im September &#8211; aus. Birgit und Peter Handel waren an beiden Tagen f\u00fcr die TSA Weilheim am Start: Samstag in den Latein- und Sonntag in den Standardt\u00e4nzen &#8211; in beiden Kategorien \u00e4u\u00dferst erfolgreich :). Handels sind in [&hellip;]<\/p>\n","protected":false},"author":19,"featured_media":16289,"comment_status":"closed","ping_status":"closed","sticky":false,"template":"","format":"standard","meta":{"_jetpack_memberships_contains_paid_content":false,"footnotes":""},"categories":[1],"tags":[],"class_list":["post-16288","post","type-post","status-publish","format-standard","has-post-thumbnail","hentry","category-allgemein"],"jetpack_featured_media_url":"https:\/\/tanzen-weilheim.de\/cms\/wp-content\/uploads\/2021\/09\/Handel_JIve_IMG_9837.png","jetpack_sharing_enabled":true,"_links":{"self":[{"href":"https:\/\/tanzen-weilheim.de\/cms\/wp-json\/wp\/v2\/posts\/16288","targetHints":{"allow":["GET"]}}],"collection":[{"href":"https:\/\/tanzen-weilheim.de\/cms\/wp-json\/wp\/v2\/posts"}],"about":[{"href":"https:\/\/tanzen-weilheim.de\/cms\/wp-json\/wp\/v2\/types\/post"}],"author":[{"embeddable":true,"href":"https:\/\/tanzen-weilheim.de\/cms\/wp-json\/wp\/v2\/users\/19"}],"replies":[{"embeddable":true,"href":"https:\/\/tanzen-weilheim.de\/cms\/wp-json\/wp\/v2\/comments?post=16288"}],"version-history":[{"count":7,"href":"https:\/\/tanzen-weilheim.de\/cms\/wp-json\/wp\/v2\/posts\/16288\/revisions"}],"predecessor-version":[{"id":16299,"href":"https:\/\/tanzen-weilheim.de\/cms\/wp-json\/wp\/v2\/posts\/16288\/revisions\/16299"}],"wp:featuredmedia":[{"embeddable":true,"href":"https:\/\/tanzen-weilheim.de\/cms\/wp-json\/wp\/v2\/media\/16289"}],"wp:attachment":[{"href":"https:\/\/tanzen-weilheim.de\/cms\/wp-json\/wp\/v2\/media?parent=16288"}],"wp:term":[{"taxonomy":"category","embeddable":true,"href":"https:\/\/tanzen-weilheim.de\/cms\/wp-json\/wp\/v2\/categories?post=16288"},{"taxonomy":"post_tag","embeddable":true,"href":"https:\/\/tanzen-weilheim.de\/cms\/wp-json\/wp\/v2\/tags?post=16288"}],"curies":[{"name":"wp","href":"https:\/\/api.w.org\/{rel}","templated":true}]}}