{"id":16273,"date":"2021-09-12T12:33:17","date_gmt":"2021-09-12T10:33:17","guid":{"rendered":"http:\/\/tanzen-weilheim.de\/cms\/?p=16273"},"modified":"2021-09-28T12:12:41","modified_gmt":"2021-09-28T10:12:41","slug":"kampfsport-trifft-tanzsport","status":"publish","type":"post","link":"https:\/\/tanzen-weilheim.de\/cms\/16273\/kampfsport-trifft-tanzsport","title":{"rendered":"Kampfsport trifft Tanzsport"},"content":{"rendered":"\n<p>Ingo Barth aus der Sparte <a href=\"https:\/\/www.tsv-weilheim.com\/aikido\/\">TSV Aikido<\/a> stellte bei einem Training seiner <br>Aikido-Jugend fest, dass keiner der Jugendlichen Tanzen kann.<br>Das konnte Ingo \u00fcberhaupt nicht verstehen und so beschloss er, dass die L\u00fccke so schnell wie m\u00f6glich geschlossen werden muss.  <br>Mit dieser Idee trat er an die Tanzsportabteilung heran, die in diesem Punkt vollkommen seiner Meinung ist und selbstverst\u00e4ndlich Abhilfe f\u00fcr diese L\u00fccke schaffen wird.<\/p>\n\n\n\n<!--more-->\n\n\n\n<p>Und so kam es dazu, dass es jetzt an 3 Samstagen im September 2021 die Workshops &#8222;Jugend Aikido tanzt&#8220; stattfinden :). <\/p>\n\n\n\n<p>Aikido trifft Tanzsport fand gestern zum ersten Mal im Spiegelsaal TSV-Heim statt.  <a href=\"https:\/\/tanzen-weilheim.de\/cms\/kinder-jugend\">Paul Handel, der Jugendtrainer der TSA<\/a> hatte zum Einstieg eine kleine Discofox-Folge und die ersten Schritte im langsamen Walzer vorbereitet.<\/p>\n\n\n\n<ul class=\"wp-block-gallery columns-1 is-cropped wp-block-gallery-1 is-layout-flex wp-block-gallery-is-layout-flex\"><li class=\"blocks-gallery-item\"><figure><img loading=\"lazy\" decoding=\"async\" width=\"3793\" height=\"2021\" src=\"https:\/\/tanzen-weilheim.de\/cms\/wp-content\/uploads\/2021\/09\/AIKIDO_20210911_1_IMG_9862.jpg\" alt=\"\" data-id=\"16274\" data-link=\"https:\/\/tanzen-weilheim.de\/cms\/?attachment_id=16274\" class=\"wp-image-16274\" srcset=\"https:\/\/tanzen-weilheim.de\/cms\/wp-content\/uploads\/2021\/09\/AIKIDO_20210911_1_IMG_9862.jpg 3793w, https:\/\/tanzen-weilheim.de\/cms\/wp-content\/uploads\/2021\/09\/AIKIDO_20210911_1_IMG_9862-960x512.jpg 960w, https:\/\/tanzen-weilheim.de\/cms\/wp-content\/uploads\/2021\/09\/AIKIDO_20210911_1_IMG_9862-1920x1023.jpg 1920w, https:\/\/tanzen-weilheim.de\/cms\/wp-content\/uploads\/2021\/09\/AIKIDO_20210911_1_IMG_9862-768x409.jpg 768w, https:\/\/tanzen-weilheim.de\/cms\/wp-content\/uploads\/2021\/09\/AIKIDO_20210911_1_IMG_9862-400x213.jpg 400w\" sizes=\"auto, (max-width: 3793px) 100vw, 3793px\" \/><\/figure><\/li><li class=\"blocks-gallery-item\"><figure><img loading=\"lazy\" decoding=\"async\" width=\"3840\" height=\"1830\" src=\"https:\/\/tanzen-weilheim.de\/cms\/wp-content\/uploads\/2021\/09\/AIKIDO_20210911_2_IMG_9862-3840x1830.jpg\" alt=\"\" data-id=\"16275\" data-link=\"https:\/\/tanzen-weilheim.de\/cms\/?attachment_id=16275\" class=\"wp-image-16275\" srcset=\"https:\/\/tanzen-weilheim.de\/cms\/wp-content\/uploads\/2021\/09\/AIKIDO_20210911_2_IMG_9862-3840x1830.jpg 3840w, https:\/\/tanzen-weilheim.de\/cms\/wp-content\/uploads\/2021\/09\/AIKIDO_20210911_2_IMG_9862-960x458.jpg 960w, https:\/\/tanzen-weilheim.de\/cms\/wp-content\/uploads\/2021\/09\/AIKIDO_20210911_2_IMG_9862-1920x915.jpg 1920w, https:\/\/tanzen-weilheim.de\/cms\/wp-content\/uploads\/2021\/09\/AIKIDO_20210911_2_IMG_9862-768x366.jpg 768w, https:\/\/tanzen-weilheim.de\/cms\/wp-content\/uploads\/2021\/09\/AIKIDO_20210911_2_IMG_9862-400x191.jpg 400w\" sizes=\"auto, (max-width: 3840px) 100vw, 3840px\" \/><\/figure><\/li><li class=\"blocks-gallery-item\"><figure><img loading=\"lazy\" decoding=\"async\" width=\"3840\" height=\"2422\" src=\"https:\/\/tanzen-weilheim.de\/cms\/wp-content\/uploads\/2021\/09\/AIKIDO_20210911_3_IMG_9862-3840x2422.jpg\" alt=\"\" data-id=\"16276\" data-link=\"https:\/\/tanzen-weilheim.de\/cms\/?attachment_id=16276\" class=\"wp-image-16276\" srcset=\"https:\/\/tanzen-weilheim.de\/cms\/wp-content\/uploads\/2021\/09\/AIKIDO_20210911_3_IMG_9862-3840x2422.jpg 3840w, https:\/\/tanzen-weilheim.de\/cms\/wp-content\/uploads\/2021\/09\/AIKIDO_20210911_3_IMG_9862-960x605.jpg 960w, https:\/\/tanzen-weilheim.de\/cms\/wp-content\/uploads\/2021\/09\/AIKIDO_20210911_3_IMG_9862-1920x1211.jpg 1920w, https:\/\/tanzen-weilheim.de\/cms\/wp-content\/uploads\/2021\/09\/AIKIDO_20210911_3_IMG_9862-768x484.jpg 768w, https:\/\/tanzen-weilheim.de\/cms\/wp-content\/uploads\/2021\/09\/AIKIDO_20210911_3_IMG_9862-400x252.jpg 400w\" sizes=\"auto, (max-width: 3840px) 100vw, 3840px\" \/><\/figure><\/li><\/ul>\n\n\n\n<p>Die ersten Unsicherheiten waren schnell verflogen, es wurde gekl\u00e4rt, dass Handgriffe im Tanzsport locker sind,  Paul z\u00e4hlte auf Japanisch den Takt ein und somit stand dem Spass am Tanzen nichts mehr im Wege :).<\/p>\n\n\n\n<p>Die n\u00e4chsten Workshops &#8222;Jugend Aikido tanzt&#8220; sind f\u00fcr den 18.09.21 und  25.09.21 im Spiegelsaal TSV Vereinsheim geplant. <br>Mal schauen, was Paul da so noch alles an T\u00e4nzen aus der Tasche zieht.<\/p>\n\n\n\n<p>Falls ihr euch eine &#8222;Tanzl\u00fccke&#8220; habt &#8211; vll. steht eine Hochzeit an oder ihr seid auch eine kleine Gruppe, die gemeinschaftlich Tanzen lernen m\u00f6chte &#8211;  so meldet euch bei uns &#8211;   <a href=\"mailto:abteilungsleiter@tanzen-weilheim.de\">abteilungsleiter@tanzen-weilheim.de\u00a0&#8211;<\/a>wir werden daf\u00fcr ganz sicher eine L\u00f6sung finden \ud83d\ude42<\/p>\n\n\n\n<p>weitere Bilder <a href=\"https:\/\/tanzen-weilheim.de\/cms\/galerie-main\/2021-2\">hier<\/a><\/p>\n\n\n\n<p class=\"has-small-font-size\">Fotos: TSA privat<\/p>\n\n\n\n<p><\/p>\n","protected":false},"excerpt":{"rendered":"<p>Ingo Barth aus der Sparte TSV Aikido stellte bei einem Training seiner Aikido-Jugend fest, dass keiner der Jugendlichen Tanzen kann.Das konnte Ingo \u00fcberhaupt nicht verstehen und so beschloss er, dass die L\u00fccke so schnell wie m\u00f6glich geschlossen werden muss. Mit dieser Idee trat er an die Tanzsportabteilung heran, die in diesem Punkt vollkommen seiner Meinung [&hellip;]<\/p>\n","protected":false},"author":19,"featured_media":16278,"comment_status":"closed","ping_status":"closed","sticky":false,"template":"","format":"standard","meta":{"_jetpack_memberships_contains_paid_content":false,"footnotes":""},"categories":[1],"tags":[],"class_list":["post-16273","post","type-post","status-publish","format-standard","has-post-thumbnail","hentry","category-allgemein"],"jetpack_featured_media_url":"https:\/\/tanzen-weilheim.de\/cms\/wp-content\/uploads\/2021\/09\/AIKIDO_20210911_4_IMG_9862.jpg","jetpack_sharing_enabled":true,"_links":{"self":[{"href":"https:\/\/tanzen-weilheim.de\/cms\/wp-json\/wp\/v2\/posts\/16273","targetHints":{"allow":["GET"]}}],"collection":[{"href":"https:\/\/tanzen-weilheim.de\/cms\/wp-json\/wp\/v2\/posts"}],"about":[{"href":"https:\/\/tanzen-weilheim.de\/cms\/wp-json\/wp\/v2\/types\/post"}],"author":[{"embeddable":true,"href":"https:\/\/tanzen-weilheim.de\/cms\/wp-json\/wp\/v2\/users\/19"}],"replies":[{"embeddable":true,"href":"https:\/\/tanzen-weilheim.de\/cms\/wp-json\/wp\/v2\/comments?post=16273"}],"version-history":[{"count":9,"href":"https:\/\/tanzen-weilheim.de\/cms\/wp-json\/wp\/v2\/posts\/16273\/revisions"}],"predecessor-version":[{"id":16376,"href":"https:\/\/tanzen-weilheim.de\/cms\/wp-json\/wp\/v2\/posts\/16273\/revisions\/16376"}],"wp:featuredmedia":[{"embeddable":true,"href":"https:\/\/tanzen-weilheim.de\/cms\/wp-json\/wp\/v2\/media\/16278"}],"wp:attachment":[{"href":"https:\/\/tanzen-weilheim.de\/cms\/wp-json\/wp\/v2\/media?parent=16273"}],"wp:term":[{"taxonomy":"category","embeddable":true,"href":"https:\/\/tanzen-weilheim.de\/cms\/wp-json\/wp\/v2\/categories?post=16273"},{"taxonomy":"post_tag","embeddable":true,"href":"https:\/\/tanzen-weilheim.de\/cms\/wp-json\/wp\/v2\/tags?post=16273"}],"curies":[{"name":"wp","href":"https:\/\/api.w.org\/{rel}","templated":true}]}}