{"id":16227,"date":"2021-09-07T10:12:24","date_gmt":"2021-09-07T08:12:24","guid":{"rendered":"http:\/\/tanzen-weilheim.de\/cms\/?p=16227"},"modified":"2021-09-08T19:20:53","modified_gmt":"2021-09-08T17:20:53","slug":"1-senioren-lechtanz-festival-lft-mit-zum-teil-integrierten-bayrischen-meisterschaften","status":"publish","type":"post","link":"https:\/\/tanzen-weilheim.de\/cms\/16227\/1-senioren-lechtanz-festival-lft-mit-zum-teil-integrierten-bayrischen-meisterschaften","title":{"rendered":"1. Senioren Lechtanz Festival (LFT) mit zum Teil integrierten Bayrischen Meisterschaften"},"content":{"rendered":"\n<p>F\u00fcr die TSA am Start waren Birgit &amp;  Peter Handel, Ren\u00e9e Rothb\u00f6ck &amp; Thomas Koterba, sowie Christine &amp; Manfred Huber. Die Ergebnisse k\u00f6nnen sich sehen lassen.<\/p>\n\n\n\n<p>F\u00fcr Birgit &amp; Peter war dieses Wochenende ein t\u00e4nzerisches Traumwochenende \ud83d\ude42<\/p>\n\n\n\n<!--more-->\n\n\n\n<p>Bereits im Julia wurden sie Vizemeister in der Startklasse Sen IV B Standard. Diesen Sonntag zeigten sie hochmotiviert und sehr gut vorbereitet, dass man auch in den Latein-T\u00e4nzen fest mit ihnen rechnen muss &#8211; sie wurden Bayrischer Meister der Sen III B-Latein-Klassen.<\/p>\n\n\n\n<div class=\"wp-block-image\"><figure class=\"aligncenter\"><img loading=\"lazy\" decoding=\"async\" width=\"800\" height=\"340\" src=\"https:\/\/tanzen-weilheim.de\/cms\/wp-content\/uploads\/2021\/09\/2021-09-05-LM-Sen-III-B-Lat-Siegerehrung.jpg\" alt=\"\" class=\"wp-image-16262\" srcset=\"https:\/\/tanzen-weilheim.de\/cms\/wp-content\/uploads\/2021\/09\/2021-09-05-LM-Sen-III-B-Lat-Siegerehrung.jpg 800w, https:\/\/tanzen-weilheim.de\/cms\/wp-content\/uploads\/2021\/09\/2021-09-05-LM-Sen-III-B-Lat-Siegerehrung-768x326.jpg 768w, https:\/\/tanzen-weilheim.de\/cms\/wp-content\/uploads\/2021\/09\/2021-09-05-LM-Sen-III-B-Lat-Siegerehrung-400x170.jpg 400w\" sizes=\"auto, (max-width: 800px) 100vw, 800px\" \/><figcaption>Endrunde Sen III B Latein  Platz 1 Birgit &amp; Peter Handel<\/figcaption><\/figure><\/div>\n\n\n\n<p>Aber das war noch nicht alles: als Sieger der SenIII B Klasse durften Birgit &amp; Peter am Turnier der LM der SenIII A-Latein-Klasse teilnehmen. In dieser Klasse standen sie ebenfalls auf dem Tepperl &#8211; sie wurden Vizemeister \ud83d\ude09<\/p>\n\n\n\n<figure class=\"wp-block-image is-resized\"><img loading=\"lazy\" decoding=\"async\" src=\"https:\/\/tanzen-weilheim.de\/cms\/wp-content\/uploads\/2021\/09\/Handel_BayrMeister_592021_dancepointK\u00f6nigsbrunn_FKB_8723-1-2560x3840.jpg\" alt=\"\" class=\"wp-image-16241\" width=\"320\" height=\"480\" srcset=\"https:\/\/tanzen-weilheim.de\/cms\/wp-content\/uploads\/2021\/09\/Handel_BayrMeister_592021_dancepointK\u00f6nigsbrunn_FKB_8723-1-2560x3840.jpg 2560w, https:\/\/tanzen-weilheim.de\/cms\/wp-content\/uploads\/2021\/09\/Handel_BayrMeister_592021_dancepointK\u00f6nigsbrunn_FKB_8723-1-640x960.jpg 640w, https:\/\/tanzen-weilheim.de\/cms\/wp-content\/uploads\/2021\/09\/Handel_BayrMeister_592021_dancepointK\u00f6nigsbrunn_FKB_8723-1-1280x1920.jpg 1280w, https:\/\/tanzen-weilheim.de\/cms\/wp-content\/uploads\/2021\/09\/Handel_BayrMeister_592021_dancepointK\u00f6nigsbrunn_FKB_8723-1-768x1152.jpg 768w, https:\/\/tanzen-weilheim.de\/cms\/wp-content\/uploads\/2021\/09\/Handel_BayrMeister_592021_dancepointK\u00f6nigsbrunn_FKB_8723-1-400x600.jpg 400w\" sizes=\"auto, (max-width: 320px) 100vw, 320px\" \/><figcaption>Birgit und Peter Handel Bayrischer Meister SenIII B Latein und Vizemeister SenIII A Latein<\/figcaption><\/figure>\n\n\n\n<p>Im Mai 2021 haben sich Ren\u00e9e &amp; Thomas auf der Bayerischen Meisterschaft f\u00fcr den am 25.09.2021 stattfindenden Deutschlandpokal qualifiziert.<\/p>\n\n\n\n<div class=\"wp-block-image\"><figure class=\"alignright is-resized\"><img loading=\"lazy\" decoding=\"async\" src=\"https:\/\/tanzen-weilheim.de\/cms\/wp-content\/uploads\/2021\/09\/Thomas_Renee_Dancepoint_LTF_1-1.jpg\" alt=\"\" class=\"wp-image-16255\" width=\"340\" height=\"468\" srcset=\"https:\/\/tanzen-weilheim.de\/cms\/wp-content\/uploads\/2021\/09\/Thomas_Renee_Dancepoint_LTF_1-1.jpg 756w, https:\/\/tanzen-weilheim.de\/cms\/wp-content\/uploads\/2021\/09\/Thomas_Renee_Dancepoint_LTF_1-1-699x960.jpg 699w, https:\/\/tanzen-weilheim.de\/cms\/wp-content\/uploads\/2021\/09\/Thomas_Renee_Dancepoint_LTF_1-1-400x550.jpg 400w\" sizes=\"auto, (max-width: 340px) 100vw, 340px\" \/><figcaption>Ren\u00e9e &amp; Thomas<\/figcaption><\/figure><\/div>\n\n\n\n<p> F\u00fcr sie war der Start auf dem  LTF des dancepoint TSC K\u00f6nigsbrunn e.V.  ein willkommenes Vorbereitungs-Turnier  auf den DP.  <br>Sie verfehlten das Trepperl in der Startklasse Sen III S nur knapp &#8211; Platz 4.<\/p>\n\n\n\n<figure class=\"wp-block-image\"><img loading=\"lazy\" decoding=\"async\" width=\"3840\" height=\"1730\" src=\"https:\/\/tanzen-weilheim.de\/cms\/wp-content\/uploads\/2021\/09\/Thomas_Renee_Dancepoint_LTF_20210905_135738-3840x1730.jpg\" alt=\"\" class=\"wp-image-16233\" srcset=\"https:\/\/tanzen-weilheim.de\/cms\/wp-content\/uploads\/2021\/09\/Thomas_Renee_Dancepoint_LTF_20210905_135738-3840x1730.jpg 3840w, https:\/\/tanzen-weilheim.de\/cms\/wp-content\/uploads\/2021\/09\/Thomas_Renee_Dancepoint_LTF_20210905_135738-960x432.jpg 960w, https:\/\/tanzen-weilheim.de\/cms\/wp-content\/uploads\/2021\/09\/Thomas_Renee_Dancepoint_LTF_20210905_135738-1920x865.jpg 1920w, https:\/\/tanzen-weilheim.de\/cms\/wp-content\/uploads\/2021\/09\/Thomas_Renee_Dancepoint_LTF_20210905_135738-768x346.jpg 768w, https:\/\/tanzen-weilheim.de\/cms\/wp-content\/uploads\/2021\/09\/Thomas_Renee_Dancepoint_LTF_20210905_135738-400x180.jpg 400w\" sizes=\"auto, (max-width: 3840px) 100vw, 3840px\" \/><figcaption>Endrunde der Sen III S-Klasse auf dem 1. LTF in K\u00f6nigsbrunn &#8211; Platz 4 f\u00fcr Ren\u00e9e &amp; Thomas<\/figcaption><\/figure>\n\n\n\n<p>F\u00fcr Christine &amp; Manfred waren es die ersten Starts f\u00fcr die TSA + RR-Abteilung im TSV 1847 Weilheim e.V.. <br>Sie starteten sowohl in den Latein-T\u00e4nzen, als auch in den Standard-T\u00e4nzen.  Auf dem LFT-Turnier  Sen II A-Standard ertanzten sie sich Platz 4 und auf der Bayerischen Meisterschaft der  Sen II C-Latein erreichten sie Platz 6.<\/p>\n\n\n\n<figure class=\"wp-block-image\"><img loading=\"lazy\" decoding=\"async\" width=\"800\" height=\"203\" src=\"https:\/\/tanzen-weilheim.de\/cms\/wp-content\/uploads\/2021\/09\/2021-09-04-LM-Sen-II-C-Lat-Siegerehrung.jpg\" alt=\"\" class=\"wp-image-16264\" srcset=\"https:\/\/tanzen-weilheim.de\/cms\/wp-content\/uploads\/2021\/09\/2021-09-04-LM-Sen-II-C-Lat-Siegerehrung.jpg 800w, https:\/\/tanzen-weilheim.de\/cms\/wp-content\/uploads\/2021\/09\/2021-09-04-LM-Sen-II-C-Lat-Siegerehrung-768x195.jpg 768w, https:\/\/tanzen-weilheim.de\/cms\/wp-content\/uploads\/2021\/09\/2021-09-04-LM-Sen-II-C-Lat-Siegerehrung-400x102.jpg 400w\" sizes=\"auto, (max-width: 800px) 100vw, 800px\" \/><figcaption>Christine &amp; Manfred Platz 6 auf der LM Sen II C Latein<\/figcaption><\/figure>\n\n\n\n<ul class=\"wp-block-gallery columns-2 is-cropped wp-block-gallery-1 is-layout-flex wp-block-gallery-is-layout-flex\"><li class=\"blocks-gallery-item\"><figure><img loading=\"lazy\" decoding=\"async\" width=\"1182\" height=\"1773\" src=\"https:\/\/tanzen-weilheim.de\/cms\/wp-content\/uploads\/2021\/09\/Huber_LTF_2021_Latein_FKB_0536-1.jpg\" alt=\"\" data-id=\"16235\" data-link=\"https:\/\/tanzen-weilheim.de\/cms\/?attachment_id=16235\" class=\"wp-image-16235\" srcset=\"https:\/\/tanzen-weilheim.de\/cms\/wp-content\/uploads\/2021\/09\/Huber_LTF_2021_Latein_FKB_0536-1.jpg 1182w, https:\/\/tanzen-weilheim.de\/cms\/wp-content\/uploads\/2021\/09\/Huber_LTF_2021_Latein_FKB_0536-1-640x960.jpg 640w, https:\/\/tanzen-weilheim.de\/cms\/wp-content\/uploads\/2021\/09\/Huber_LTF_2021_Latein_FKB_0536-1-768x1152.jpg 768w, https:\/\/tanzen-weilheim.de\/cms\/wp-content\/uploads\/2021\/09\/Huber_LTF_2021_Latein_FKB_0536-1-400x600.jpg 400w\" sizes=\"auto, (max-width: 1182px) 100vw, 1182px\" \/><figcaption>Christine &amp; Manfred Sen II C Latein<\/figcaption><\/figure><\/li><li class=\"blocks-gallery-item\"><figure><img loading=\"lazy\" decoding=\"async\" width=\"1182\" height=\"1773\" src=\"https:\/\/tanzen-weilheim.de\/cms\/wp-content\/uploads\/2021\/09\/Huber_Standard_FKB_6107-1.jpg\" alt=\"\" data-id=\"16236\" data-link=\"https:\/\/tanzen-weilheim.de\/cms\/?attachment_id=16236\" class=\"wp-image-16236\" srcset=\"https:\/\/tanzen-weilheim.de\/cms\/wp-content\/uploads\/2021\/09\/Huber_Standard_FKB_6107-1.jpg 1182w, https:\/\/tanzen-weilheim.de\/cms\/wp-content\/uploads\/2021\/09\/Huber_Standard_FKB_6107-1-640x960.jpg 640w, https:\/\/tanzen-weilheim.de\/cms\/wp-content\/uploads\/2021\/09\/Huber_Standard_FKB_6107-1-768x1152.jpg 768w, https:\/\/tanzen-weilheim.de\/cms\/wp-content\/uploads\/2021\/09\/Huber_Standard_FKB_6107-1-400x600.jpg 400w\" sizes=\"auto, (max-width: 1182px) 100vw, 1182px\" \/><figcaption>Christine &amp; Manfred Sen II A Standard<\/figcaption><\/figure><\/li><\/ul>\n\n\n\n<p>Der TSA im TSV Weilheim  gratuliert Birgit &amp; Peter zum Bayrischen Meister-Titel und w\u00fcnscht  allen Paaren weiterhin viel Spa\u00df am Tanzen und  gute Ergebnisse bei den kommenden Turnieren. <\/p>\n\n\n\n<p>zu den Top-Turnier-Ergebnisse der Veranstaltung 1. LTF mit tw. integrierter LM <a href=\"https:\/\/ltvb.de\/wp-content\/uploads\/results\/9721\/index.htm\">hier<\/a><\/p>\n\n\n\n<p>zum offizielle LTVB-Bericht von Mila Scibor zu den Landesmeisterschaften <a href=\"https:\/\/ltvb.de\/2021\/09\/08\/landesmeisterschaften-senioren-i-iii-d-c-b-a-latein-und-senioren-iii-d-c-b-a-standard\/\">hier <\/a><\/p>\n\n\n\n<p>Fotos: Klaus Buttensch\u00f6n , LTVB (Mila Scibor) und  TSA privat<\/p>\n","protected":false},"excerpt":{"rendered":"<p>F\u00fcr die TSA am Start waren Birgit &amp; Peter Handel, Ren\u00e9e Rothb\u00f6ck &amp; Thomas Koterba, sowie Christine &amp; Manfred Huber. Die Ergebnisse k\u00f6nnen sich sehen lassen. F\u00fcr Birgit &amp; Peter war dieses Wochenende ein t\u00e4nzerisches Traumwochenende \ud83d\ude42<\/p>\n","protected":false},"author":19,"featured_media":16262,"comment_status":"closed","ping_status":"closed","sticky":false,"template":"","format":"standard","meta":{"_jetpack_memberships_contains_paid_content":false,"footnotes":""},"categories":[1],"tags":[],"class_list":["post-16227","post","type-post","status-publish","format-standard","has-post-thumbnail","hentry","category-allgemein"],"jetpack_featured_media_url":"https:\/\/tanzen-weilheim.de\/cms\/wp-content\/uploads\/2021\/09\/2021-09-05-LM-Sen-III-B-Lat-Siegerehrung.jpg","jetpack_sharing_enabled":true,"_links":{"self":[{"href":"https:\/\/tanzen-weilheim.de\/cms\/wp-json\/wp\/v2\/posts\/16227","targetHints":{"allow":["GET"]}}],"collection":[{"href":"https:\/\/tanzen-weilheim.de\/cms\/wp-json\/wp\/v2\/posts"}],"about":[{"href":"https:\/\/tanzen-weilheim.de\/cms\/wp-json\/wp\/v2\/types\/post"}],"author":[{"embeddable":true,"href":"https:\/\/tanzen-weilheim.de\/cms\/wp-json\/wp\/v2\/users\/19"}],"replies":[{"embeddable":true,"href":"https:\/\/tanzen-weilheim.de\/cms\/wp-json\/wp\/v2\/comments?post=16227"}],"version-history":[{"count":20,"href":"https:\/\/tanzen-weilheim.de\/cms\/wp-json\/wp\/v2\/posts\/16227\/revisions"}],"predecessor-version":[{"id":16270,"href":"https:\/\/tanzen-weilheim.de\/cms\/wp-json\/wp\/v2\/posts\/16227\/revisions\/16270"}],"wp:featuredmedia":[{"embeddable":true,"href":"https:\/\/tanzen-weilheim.de\/cms\/wp-json\/wp\/v2\/media\/16262"}],"wp:attachment":[{"href":"https:\/\/tanzen-weilheim.de\/cms\/wp-json\/wp\/v2\/media?parent=16227"}],"wp:term":[{"taxonomy":"category","embeddable":true,"href":"https:\/\/tanzen-weilheim.de\/cms\/wp-json\/wp\/v2\/categories?post=16227"},{"taxonomy":"post_tag","embeddable":true,"href":"https:\/\/tanzen-weilheim.de\/cms\/wp-json\/wp\/v2\/tags?post=16227"}],"curies":[{"name":"wp","href":"https:\/\/api.w.org\/{rel}","templated":true}]}}