{"id":16084,"date":"2021-07-24T12:27:47","date_gmt":"2021-07-24T10:27:47","guid":{"rendered":"http:\/\/tanzen-weilheim.de\/cms\/?p=16084"},"modified":"2021-08-01T14:16:01","modified_gmt":"2021-08-01T12:16:01","slug":"vienna-dance-concourse-2021","status":"publish","type":"post","link":"https:\/\/tanzen-weilheim.de\/cms\/16084\/vienna-dance-concourse-2021","title":{"rendered":"Vienna Dance Concourse 2021"},"content":{"rendered":"\n<p>Endlich mal wieder ein <a href=\"https:\/\/www.worlddancesport.org\/Event\/Competition\/Open-Vienna-22989\/Senior_III-Standard-57218\/Ranking\">WDSF-Turnier<\/a>, das auch wirklich stattgefunden hat &#8211; und Weilheim war dabei.<\/p>\n\n\n\n<!--more-->\n\n\n\n<div class=\"wp-block-image\"><figure class=\"aligncenter is-resized\"><img loading=\"lazy\" decoding=\"async\" src=\"https:\/\/tanzen-weilheim.de\/cms\/wp-content\/uploads\/2021\/07\/Koterba-Rothb\u00f6ck.jpg\" alt=\"\" class=\"wp-image-16113\" width=\"253\" height=\"282\" srcset=\"https:\/\/tanzen-weilheim.de\/cms\/wp-content\/uploads\/2021\/07\/Koterba-Rothb\u00f6ck.jpg 2389w, https:\/\/tanzen-weilheim.de\/cms\/wp-content\/uploads\/2021\/07\/Koterba-Rothb\u00f6ck-859x960.jpg 859w, https:\/\/tanzen-weilheim.de\/cms\/wp-content\/uploads\/2021\/07\/Koterba-Rothb\u00f6ck-1717x1920.jpg 1717w, https:\/\/tanzen-weilheim.de\/cms\/wp-content\/uploads\/2021\/07\/Koterba-Rothb\u00f6ck-768x859.jpg 768w, https:\/\/tanzen-weilheim.de\/cms\/wp-content\/uploads\/2021\/07\/Koterba-Rothb\u00f6ck-400x447.jpg 400w\" sizes=\"auto, (max-width: 253px) 100vw, 253px\" \/><figcaption>Ren\u00e9e &amp; Thomas waren in Wien dabei<\/figcaption><\/figure><\/div>\n\n\n\n<p>Dazu gab\u00b4s zum allerletzten Mal die M\u00f6glichkeit, in dieser tats\u00e4chlich europaweit mit Abstand sch\u00f6nsten Turnierst\u00e4tte tanzen zu d\u00fcrfen. <br>Im altw\u00fcrdigen Wiener Rathaussaal meint man wirklich st\u00e4ndig, dass der Kaiser oder die Sissi gleich ums Eck kommen. Das Turnier wird\u00b4s weiterhin geben, aber wohl zumindest f\u00fcr lange Zeit nimmer im Rathaussaal.<\/p>\n\n\n\n<p>Allein schon der Weg im Geb\u00e4ude \u00fcber die gro\u00dfe &#8222;Feststiege&#8220; is a Wucht. Riesige L\u00fcster, Umkleider\u00e4ume, die bei uns als Super-Festsaal dienen w\u00fcrden usw. Daf\u00fcr nimmt man dann auch in Kauf, sich aufgrund Trainingsr\u00fcckstandes (kompletter Juni wg\/Knie gar nix bei Thomas) a bisserl unter Wert zu verkaufen. Und sooo schlecht ist ein 61. Platz von knapp 90 Paaren unter diesen Umst\u00e4nden dann auch net.<br>Egal, allein das Tanzen auf dieser Fl\u00e4che und MIT Publikum, des war&#8217;s Wert, voll und ganz. <\/p>\n\n\n\n<ul class=\"wp-block-gallery columns-2 is-cropped wp-block-gallery-1 is-layout-flex wp-block-gallery-is-layout-flex\"><li class=\"blocks-gallery-item\"><figure><img loading=\"lazy\" decoding=\"async\" width=\"576\" height=\"1024\" src=\"https:\/\/tanzen-weilheim.de\/cms\/wp-content\/uploads\/2021\/07\/PHOTO-2021-07-23-20-27-34_Feststiege_Thomas.jpg\" alt=\"\" data-id=\"16085\" data-link=\"https:\/\/tanzen-weilheim.de\/cms\/16084\/vienna-dance-concourse-2021\/photo-2021-07-23-20-27-34_feststiege_thomas\" class=\"wp-image-16085\" srcset=\"https:\/\/tanzen-weilheim.de\/cms\/wp-content\/uploads\/2021\/07\/PHOTO-2021-07-23-20-27-34_Feststiege_Thomas.jpg 576w, https:\/\/tanzen-weilheim.de\/cms\/wp-content\/uploads\/2021\/07\/PHOTO-2021-07-23-20-27-34_Feststiege_Thomas-540x960.jpg 540w, https:\/\/tanzen-weilheim.de\/cms\/wp-content\/uploads\/2021\/07\/PHOTO-2021-07-23-20-27-34_Feststiege_Thomas-338x600.jpg 338w\" sizes=\"auto, (max-width: 576px) 100vw, 576px\" \/><figcaption>Thomas auf der Feststiege<\/figcaption><\/figure><\/li><li class=\"blocks-gallery-item\"><figure><img loading=\"lazy\" decoding=\"async\" width=\"576\" height=\"1024\" src=\"https:\/\/tanzen-weilheim.de\/cms\/wp-content\/uploads\/2021\/07\/PHOTO-2021-07-23-20-27-34_Sall_Thomas.jpg\" alt=\"\" data-id=\"16089\" data-link=\"https:\/\/tanzen-weilheim.de\/cms\/16084\/vienna-dance-concourse-2021\/photo-2021-07-23-20-27-34_sall_thomas\" class=\"wp-image-16089\" srcset=\"https:\/\/tanzen-weilheim.de\/cms\/wp-content\/uploads\/2021\/07\/PHOTO-2021-07-23-20-27-34_Sall_Thomas.jpg 576w, https:\/\/tanzen-weilheim.de\/cms\/wp-content\/uploads\/2021\/07\/PHOTO-2021-07-23-20-27-34_Sall_Thomas-540x960.jpg 540w, https:\/\/tanzen-weilheim.de\/cms\/wp-content\/uploads\/2021\/07\/PHOTO-2021-07-23-20-27-34_Sall_Thomas-338x600.jpg 338w\" sizes=\"auto, (max-width: 576px) 100vw, 576px\" \/><figcaption>Thomas vor dem Turnier im Saal<\/figcaption><\/figure><\/li><li class=\"blocks-gallery-item\"><figure><img loading=\"lazy\" decoding=\"async\" width=\"1024\" height=\"768\" src=\"https:\/\/tanzen-weilheim.de\/cms\/wp-content\/uploads\/2021\/07\/PHOTO-2021-07-23-20-27-34_Saal_Eintanzen.jpg\" alt=\"\" data-id=\"16092\" data-link=\"https:\/\/tanzen-weilheim.de\/cms\/16084\/vienna-dance-concourse-2021\/photo-2021-07-23-20-27-34_saal_eintanzen\" class=\"wp-image-16092\" srcset=\"https:\/\/tanzen-weilheim.de\/cms\/wp-content\/uploads\/2021\/07\/PHOTO-2021-07-23-20-27-34_Saal_Eintanzen.jpg 1024w, https:\/\/tanzen-weilheim.de\/cms\/wp-content\/uploads\/2021\/07\/PHOTO-2021-07-23-20-27-34_Saal_Eintanzen-960x720.jpg 960w, https:\/\/tanzen-weilheim.de\/cms\/wp-content\/uploads\/2021\/07\/PHOTO-2021-07-23-20-27-34_Saal_Eintanzen-768x576.jpg 768w, https:\/\/tanzen-weilheim.de\/cms\/wp-content\/uploads\/2021\/07\/PHOTO-2021-07-23-20-27-34_Saal_Eintanzen-400x300.jpg 400w\" sizes=\"auto, (max-width: 1024px) 100vw, 1024px\" \/><figcaption>Eintanzen startet<\/figcaption><\/figure><\/li><li class=\"blocks-gallery-item\"><figure><img loading=\"lazy\" decoding=\"async\" width=\"1280\" height=\"960\" src=\"https:\/\/tanzen-weilheim.de\/cms\/wp-content\/uploads\/2021\/07\/IMG_9075_Saal_Renee.jpg\" alt=\"\" data-id=\"16091\" data-link=\"https:\/\/tanzen-weilheim.de\/cms\/16084\/vienna-dance-concourse-2021\/img_9075_saal_renee\" class=\"wp-image-16091\" srcset=\"https:\/\/tanzen-weilheim.de\/cms\/wp-content\/uploads\/2021\/07\/IMG_9075_Saal_Renee.jpg 1280w, https:\/\/tanzen-weilheim.de\/cms\/wp-content\/uploads\/2021\/07\/IMG_9075_Saal_Renee-960x720.jpg 960w, https:\/\/tanzen-weilheim.de\/cms\/wp-content\/uploads\/2021\/07\/IMG_9075_Saal_Renee-768x576.jpg 768w, https:\/\/tanzen-weilheim.de\/cms\/wp-content\/uploads\/2021\/07\/IMG_9075_Saal_Renee-400x300.jpg 400w\" sizes=\"auto, (max-width: 1280px) 100vw, 1280px\" \/><figcaption>Ren\u00e9e wartet auf den Start<\/figcaption><\/figure><\/li><li class=\"blocks-gallery-item\"><figure><img loading=\"lazy\" decoding=\"async\" width=\"960\" height=\"1280\" src=\"https:\/\/tanzen-weilheim.de\/cms\/wp-content\/uploads\/2021\/07\/IMG_9077_Thomas_Renee.jpg\" alt=\"\" data-id=\"16093\" data-link=\"https:\/\/tanzen-weilheim.de\/cms\/16084\/vienna-dance-concourse-2021\/img_9077_thomas_renee\" class=\"wp-image-16093\" srcset=\"https:\/\/tanzen-weilheim.de\/cms\/wp-content\/uploads\/2021\/07\/IMG_9077_Thomas_Renee.jpg 960w, https:\/\/tanzen-weilheim.de\/cms\/wp-content\/uploads\/2021\/07\/IMG_9077_Thomas_Renee-720x960.jpg 720w, https:\/\/tanzen-weilheim.de\/cms\/wp-content\/uploads\/2021\/07\/IMG_9077_Thomas_Renee-768x1024.jpg 768w, https:\/\/tanzen-weilheim.de\/cms\/wp-content\/uploads\/2021\/07\/IMG_9077_Thomas_Renee-400x533.jpg 400w\" sizes=\"auto, (max-width: 960px) 100vw, 960px\" \/><figcaption>Ren\u00e9e &amp; Thomas <\/figcaption><\/figure><\/li><\/ul>\n\n\n\n<p>Am Vorabend noch gem\u00fctlich etwas gegessen mit einem netten, befreundeten Paar aus Unterhaching. War echt schee!!!<\/p>\n\n\n\n<p>Hier noch zwei Videos &#8211; hier sieht man das Ambiente ganz gut \ud83d\ude42<\/p>\n\n\n\n<figure class=\"wp-block-video\"><video controls src=\"https:\/\/tanzen-weilheim.de\/cms\/wp-content\/uploads\/2021\/07\/VIDEO-2021-07-24-14-55-16_LW.mp4\"><\/video><figcaption>Langsamer Walzer<\/figcaption><\/figure>\n\n\n\n<figure class=\"wp-block-video\"><video controls src=\"https:\/\/tanzen-weilheim.de\/cms\/wp-content\/uploads\/2021\/07\/VIDEO-2021-07-24-14-54-47_Wiener_Walzer.mp4\"><\/video><figcaption>Wiener Walzer <\/figcaption><\/figure>\n\n\n\n<p style=\"text-align:left\" class=\"has-small-font-size\">Turnierpaarbericht von Thomas Koterba <br>Fotos von Thomas + Ren\u00e9e<br>Video privat<\/p>\n","protected":false},"excerpt":{"rendered":"<p>Endlich mal wieder ein WDSF-Turnier, das auch wirklich stattgefunden hat &#8211; und Weilheim war dabei.<\/p>\n","protected":false},"author":19,"featured_media":16098,"comment_status":"closed","ping_status":"closed","sticky":false,"template":"","format":"standard","meta":{"_jetpack_memberships_contains_paid_content":false,"footnotes":""},"categories":[1],"tags":[],"class_list":["post-16084","post","type-post","status-publish","format-standard","has-post-thumbnail","hentry","category-allgemein"],"jetpack_featured_media_url":"https:\/\/tanzen-weilheim.de\/cms\/wp-content\/uploads\/2021\/07\/IMG_9077_Thomas_Renee_bearb.jpg","jetpack_sharing_enabled":true,"_links":{"self":[{"href":"https:\/\/tanzen-weilheim.de\/cms\/wp-json\/wp\/v2\/posts\/16084","targetHints":{"allow":["GET"]}}],"collection":[{"href":"https:\/\/tanzen-weilheim.de\/cms\/wp-json\/wp\/v2\/posts"}],"about":[{"href":"https:\/\/tanzen-weilheim.de\/cms\/wp-json\/wp\/v2\/types\/post"}],"author":[{"embeddable":true,"href":"https:\/\/tanzen-weilheim.de\/cms\/wp-json\/wp\/v2\/users\/19"}],"replies":[{"embeddable":true,"href":"https:\/\/tanzen-weilheim.de\/cms\/wp-json\/wp\/v2\/comments?post=16084"}],"version-history":[{"count":21,"href":"https:\/\/tanzen-weilheim.de\/cms\/wp-json\/wp\/v2\/posts\/16084\/revisions"}],"predecessor-version":[{"id":16174,"href":"https:\/\/tanzen-weilheim.de\/cms\/wp-json\/wp\/v2\/posts\/16084\/revisions\/16174"}],"wp:featuredmedia":[{"embeddable":true,"href":"https:\/\/tanzen-weilheim.de\/cms\/wp-json\/wp\/v2\/media\/16098"}],"wp:attachment":[{"href":"https:\/\/tanzen-weilheim.de\/cms\/wp-json\/wp\/v2\/media?parent=16084"}],"wp:term":[{"taxonomy":"category","embeddable":true,"href":"https:\/\/tanzen-weilheim.de\/cms\/wp-json\/wp\/v2\/categories?post=16084"},{"taxonomy":"post_tag","embeddable":true,"href":"https:\/\/tanzen-weilheim.de\/cms\/wp-json\/wp\/v2\/tags?post=16084"}],"curies":[{"name":"wp","href":"https:\/\/api.w.org\/{rel}","templated":true}]}}