{"id":16028,"date":"2021-07-18T11:32:59","date_gmt":"2021-07-18T09:32:59","guid":{"rendered":"http:\/\/tanzen-weilheim.de\/cms\/?p=16028"},"modified":"2021-07-18T12:31:06","modified_gmt":"2021-07-18T10:31:06","slug":"vizemeister-sen-iv-b-standard-birgit-peter-handel","status":"publish","type":"post","link":"https:\/\/tanzen-weilheim.de\/cms\/16028\/vizemeister-sen-iv-b-standard-birgit-peter-handel","title":{"rendered":"Vizemeister Sen IV B Standard Birgit &#038; Peter Handel"},"content":{"rendered":"\n<p>Am 17.07.2021 lud die TSA im TSV Unterhaching 1910 e.V. zur Landesmeisterschaft der Senioren IV ein.  Unter der aktuellen Situation der Corona-Pandemie eine gro\u00dfe Herausforderung, die die TSA im TSV Unterhaching hervorragend gemeistert hat.<\/p>\n\n\n\n<!--more-->\n\n\n\n<p>Vor dem Turnier wurde getestet und au\u00dferhalb der Tanzfl\u00e4che waren Masken zu tragen. &nbsp;Zuschauern war es leider nicht erlaubt an der Veranstaltung teilzunehmen. <\/p>\n\n\n\n<p>Damit zu Hause die Fans der Paare miteifern konnten wurden Videos der Turniere, leicht zeitversetzt, online zu Verf\u00fcgung gestellt. Es gelang dem Veranstalter, trotz der Corona-Auflagen, eine famili\u00e4re Atmosph\u00e4re zu erzeugen, bei der es den Tanzpaaren Spa\u00df machte ihr Bestes auf der Fl\u00e4che zu geben, berichtete Birgit.<\/p>\n\n\n\n<p>F\u00fcr die TSA Weilheim starteten Birgit und Peter Handel in der Startklasse IV B. Das Ergebnis lautete Platz 2 f\u00fcr die Beiden &#8211; der Pokal des Vizemeister Sen IV B Standard ging nach Weilheim \ud83d\ude42<\/p>\n\n\n\n<p> <a href=\"http:\/\/www.bayern-surf.de\/tsaonline\/ergebnisse_17-18072021\/lm-sen-iv-2021\/index.htm\">Ergebnisse der Veranstaltung<\/a><\/p>\n\n\n\n<ul class=\"wp-block-gallery columns-2 is-cropped wp-block-gallery-1 is-layout-flex wp-block-gallery-is-layout-flex\"><li class=\"blocks-gallery-item\"><figure><img loading=\"lazy\" decoding=\"async\" width=\"2560\" height=\"3840\" src=\"https:\/\/tanzen-weilheim.de\/cms\/wp-content\/uploads\/2021\/07\/Handel_20210717_LMSENIVB_FKB_9143-2560x3840.jpg\" alt=\"\" data-id=\"16033\" data-link=\"https:\/\/tanzen-weilheim.de\/cms\/?attachment_id=16033\" class=\"wp-image-16033\" srcset=\"https:\/\/tanzen-weilheim.de\/cms\/wp-content\/uploads\/2021\/07\/Handel_20210717_LMSENIVB_FKB_9143-2560x3840.jpg 2560w, https:\/\/tanzen-weilheim.de\/cms\/wp-content\/uploads\/2021\/07\/Handel_20210717_LMSENIVB_FKB_9143-640x960.jpg 640w, https:\/\/tanzen-weilheim.de\/cms\/wp-content\/uploads\/2021\/07\/Handel_20210717_LMSENIVB_FKB_9143-1280x1920.jpg 1280w, https:\/\/tanzen-weilheim.de\/cms\/wp-content\/uploads\/2021\/07\/Handel_20210717_LMSENIVB_FKB_9143-768x1152.jpg 768w, https:\/\/tanzen-weilheim.de\/cms\/wp-content\/uploads\/2021\/07\/Handel_20210717_LMSENIVB_FKB_9143-400x600.jpg 400w\" sizes=\"auto, (max-width: 2560px) 100vw, 2560px\" \/><figcaption>Foto&#8217;s Klaus Butensch\u00f6n<\/figcaption><\/figure><\/li><li class=\"blocks-gallery-item\"><figure><img loading=\"lazy\" decoding=\"async\" width=\"2560\" height=\"3840\" src=\"https:\/\/tanzen-weilheim.de\/cms\/wp-content\/uploads\/2021\/07\/Handel_20210717_LMSENIVB_FKB_9151-1-2560x3840.jpg\" alt=\"\" data-id=\"16034\" data-link=\"https:\/\/tanzen-weilheim.de\/cms\/?attachment_id=16034\" class=\"wp-image-16034\" srcset=\"https:\/\/tanzen-weilheim.de\/cms\/wp-content\/uploads\/2021\/07\/Handel_20210717_LMSENIVB_FKB_9151-1-2560x3840.jpg 2560w, https:\/\/tanzen-weilheim.de\/cms\/wp-content\/uploads\/2021\/07\/Handel_20210717_LMSENIVB_FKB_9151-1-640x960.jpg 640w, https:\/\/tanzen-weilheim.de\/cms\/wp-content\/uploads\/2021\/07\/Handel_20210717_LMSENIVB_FKB_9151-1-1280x1920.jpg 1280w, https:\/\/tanzen-weilheim.de\/cms\/wp-content\/uploads\/2021\/07\/Handel_20210717_LMSENIVB_FKB_9151-1-768x1152.jpg 768w, https:\/\/tanzen-weilheim.de\/cms\/wp-content\/uploads\/2021\/07\/Handel_20210717_LMSENIVB_FKB_9151-1-400x600.jpg 400w\" sizes=\"auto, (max-width: 2560px) 100vw, 2560px\" \/><\/figure><\/li><li class=\"blocks-gallery-item\"><figure><img loading=\"lazy\" decoding=\"async\" width=\"2560\" height=\"3840\" src=\"https:\/\/tanzen-weilheim.de\/cms\/wp-content\/uploads\/2021\/07\/Handel_20210717_LMSENIVB_FKB_9207-2560x3840.jpg\" alt=\"\" data-id=\"16035\" data-link=\"https:\/\/tanzen-weilheim.de\/cms\/?attachment_id=16035\" class=\"wp-image-16035\" srcset=\"https:\/\/tanzen-weilheim.de\/cms\/wp-content\/uploads\/2021\/07\/Handel_20210717_LMSENIVB_FKB_9207-2560x3840.jpg 2560w, https:\/\/tanzen-weilheim.de\/cms\/wp-content\/uploads\/2021\/07\/Handel_20210717_LMSENIVB_FKB_9207-640x960.jpg 640w, https:\/\/tanzen-weilheim.de\/cms\/wp-content\/uploads\/2021\/07\/Handel_20210717_LMSENIVB_FKB_9207-1280x1920.jpg 1280w, https:\/\/tanzen-weilheim.de\/cms\/wp-content\/uploads\/2021\/07\/Handel_20210717_LMSENIVB_FKB_9207-768x1152.jpg 768w, https:\/\/tanzen-weilheim.de\/cms\/wp-content\/uploads\/2021\/07\/Handel_20210717_LMSENIVB_FKB_9207-400x600.jpg 400w\" sizes=\"auto, (max-width: 2560px) 100vw, 2560px\" \/><figcaption>Birgit und Peter Handel<br>Vizemeister SenIV B Standard<\/figcaption><\/figure><\/li><\/ul>\n\n\n\n<p>Herzlichen Gl\u00fcckwunsch  \u2013 weiter so \ud83d\ude42<\/p>\n","protected":false},"excerpt":{"rendered":"<p>Am 17.07.2021 lud die TSA im TSV Unterhaching 1910 e.V. zur Landesmeisterschaft der Senioren IV ein. Unter der aktuellen Situation der Corona-Pandemie eine gro\u00dfe Herausforderung, die die TSA im TSV Unterhaching hervorragend gemeistert hat.<\/p>\n","protected":false},"author":19,"featured_media":16035,"comment_status":"closed","ping_status":"closed","sticky":false,"template":"","format":"standard","meta":{"_jetpack_memberships_contains_paid_content":false,"footnotes":""},"categories":[1],"tags":[],"class_list":["post-16028","post","type-post","status-publish","format-standard","has-post-thumbnail","hentry","category-allgemein"],"jetpack_featured_media_url":"https:\/\/tanzen-weilheim.de\/cms\/wp-content\/uploads\/2021\/07\/Handel_20210717_LMSENIVB_FKB_9207.jpg","jetpack_sharing_enabled":true,"_links":{"self":[{"href":"https:\/\/tanzen-weilheim.de\/cms\/wp-json\/wp\/v2\/posts\/16028","targetHints":{"allow":["GET"]}}],"collection":[{"href":"https:\/\/tanzen-weilheim.de\/cms\/wp-json\/wp\/v2\/posts"}],"about":[{"href":"https:\/\/tanzen-weilheim.de\/cms\/wp-json\/wp\/v2\/types\/post"}],"author":[{"embeddable":true,"href":"https:\/\/tanzen-weilheim.de\/cms\/wp-json\/wp\/v2\/users\/19"}],"replies":[{"embeddable":true,"href":"https:\/\/tanzen-weilheim.de\/cms\/wp-json\/wp\/v2\/comments?post=16028"}],"version-history":[{"count":9,"href":"https:\/\/tanzen-weilheim.de\/cms\/wp-json\/wp\/v2\/posts\/16028\/revisions"}],"predecessor-version":[{"id":16042,"href":"https:\/\/tanzen-weilheim.de\/cms\/wp-json\/wp\/v2\/posts\/16028\/revisions\/16042"}],"wp:featuredmedia":[{"embeddable":true,"href":"https:\/\/tanzen-weilheim.de\/cms\/wp-json\/wp\/v2\/media\/16035"}],"wp:attachment":[{"href":"https:\/\/tanzen-weilheim.de\/cms\/wp-json\/wp\/v2\/media?parent=16028"}],"wp:term":[{"taxonomy":"category","embeddable":true,"href":"https:\/\/tanzen-weilheim.de\/cms\/wp-json\/wp\/v2\/categories?post=16028"},{"taxonomy":"post_tag","embeddable":true,"href":"https:\/\/tanzen-weilheim.de\/cms\/wp-json\/wp\/v2\/tags?post=16028"}],"curies":[{"name":"wp","href":"https:\/\/api.w.org\/{rel}","templated":true}]}}