{"id":15884,"date":"2021-05-31T08:10:40","date_gmt":"2021-05-31T06:10:40","guid":{"rendered":"http:\/\/tanzen-weilheim.de\/cms\/?p=15884"},"modified":"2021-05-31T08:14:39","modified_gmt":"2021-05-31T06:14:39","slug":"ein-taenzerischer-hoffnungsschimmer-die-nach-corona-turnier-aera-hat-begonnen","status":"publish","type":"post","link":"https:\/\/tanzen-weilheim.de\/cms\/15884\/ein-taenzerischer-hoffnungsschimmer-die-nach-corona-turnier-aera-hat-begonnen","title":{"rendered":"Ein t\u00e4nzerischer Hoffnungsschimmer: \t\t\t\t  Die Nach-Corona-Turnier-\u00c4ra hat begonnen!"},"content":{"rendered":"\n<p><strong>Weilheim\/Unterschlei\u00dfheim.<\/strong> Nach \u00fcber anderthalb Jahren Corona-bedingter Pause auch f\u00fcr den Tanz- und insb. f\u00fcr den Turniersport stand am letzten Maisamstag ENDLICH wieder ein echter Turniertermin auf dem Plan. <\/p>\n\n\n\n<!--more-->\n\n\n\n<p>Der Landestanzsportverband Bayern e.V. (LTVB) hatte am 02. Mai die Paare der Sen III S-Standard-Klasse informiert, dass die f\u00fcr das letzte Maiwochenende geplante Landesmeisterschaft nun auch tats\u00e4chlich durchgef\u00fchrt werden sollte. Der ausrichtende Verein, der TSC Unterschlei\u00dfheim e.V. hat hier wirklich eine grandiose und sehr arbeitsintensive Leistung abgeliefert, um dieses erste Turnier nach langer, langer Pause tats\u00e4chlich durchf\u00fchren zu k\u00f6nnen, und das unter Einhaltung s\u00e4mtlicher Vorschriften von Hygiene und Pandemiebek\u00e4mpfung. <\/p>\n\n\n\n<p>Dass diese Meisterschaften nicht unter f\u00fcr alle gleichen Voraussetzungen stattfinden konnten, was Vorbereitung, Training, Kondition, mentale St\u00e4rke etc. anging, das war allen Beteiligten klar und das hat der Sportdirektor Leistungssport des LTVB auch immer wieder betont. Dem LTVB ging es haupts\u00e4chlich um zwei Dinge. Einerseits darum, zumindest einigen Tanzpaaren aus Bayern einmal wieder die M\u00f6glichkeit zu verschaffen, ein echtes Turnier zu tanzen und daf\u00fcr auch formal korrekt trainieren zu d\u00fcrfen. Hierf\u00fcr wurden alle Paare der bayer. Sen III S Std zu Kaderpaaren auf Zeit ernannt, um auch rechtlich auf der sicheren Seite zu stehen. Und zum zweiten, um damit eine geordnete Qualifikation f\u00fcr den Deutschlandpokal&nbsp; dieser Paare im September zu erm\u00f6glichen.<\/p>\n\n\n\n<div class=\"wp-block-image\"><figure class=\"aligncenter is-resized\"><img loading=\"lazy\" decoding=\"async\" src=\"https:\/\/tanzen-weilheim.de\/cms\/wp-content\/uploads\/2021\/05\/Thomas_Renee_LM2021-1.jpg\" alt=\"\" class=\"wp-image-15914\" width=\"328\" height=\"478\" srcset=\"https:\/\/tanzen-weilheim.de\/cms\/wp-content\/uploads\/2021\/05\/Thomas_Renee_LM2021-1.jpg 2453w, https:\/\/tanzen-weilheim.de\/cms\/wp-content\/uploads\/2021\/05\/Thomas_Renee_LM2021-1-657x960.jpg 657w, https:\/\/tanzen-weilheim.de\/cms\/wp-content\/uploads\/2021\/05\/Thomas_Renee_LM2021-1-1315x1920.jpg 1315w, https:\/\/tanzen-weilheim.de\/cms\/wp-content\/uploads\/2021\/05\/Thomas_Renee_LM2021-1-768x1121.jpg 768w, https:\/\/tanzen-weilheim.de\/cms\/wp-content\/uploads\/2021\/05\/Thomas_Renee_LM2021-1-400x584.jpg 400w\" sizes=\"auto, (max-width: 328px) 100vw, 328px\" \/><figcaption>Thomas und Ren\u00e9e kurz vor dem Turnierbeginn<\/figcaption><\/figure><\/div>\n\n\n\n<p style=\"text-align:left\">Trotz logischerweise nicht optimaler Vorbereitung machten sich auch Thomas Koterba und Ren\u00e9e Rothb\u00f6ck auf den Weg in den M\u00fcnchner Norden, um die Farben der Kreisstadt und ihrer TSA zu vertreten. Nach Platz 18 auf der letzten Landesmeisterschaft (2019) erreichten sie diesmal den 14. Platz. Der Sprung ins Halbfinale, also unter die besten 12 blieb ihnen leider verwehrt, was nach Aussage der beiden vor allem an einer gewissen Nervosit\u00e4t lag. Angesichts der Umst\u00e4nde zeigten die beiden sich aber zufrieden und freuen sich nun auf die n\u00e4chsten Turniere. Der Meistertitel ging wie in 2019 und 2018 an Wolfgang Walter und Ilse von Beyer aus N\u00fcrnberg, gefolgt von Alexander Steinke und Birgit B\u00e4umer aus Puchheim sowie auf Platz 3 Peter Birndorfer und Tina Pothfelder aus Unterhaching.<\/p>\n\n\n\n<p><a href=\"https:\/\/ltvb.de\/wp-content\/uploads\/results\/9490\/index.htm\"> Ergebnissen der Landesmeisterschaft 2021<\/a><\/p>\n","protected":false},"excerpt":{"rendered":"<p>Weilheim\/Unterschlei\u00dfheim. Nach \u00fcber anderthalb Jahren Corona-bedingter Pause auch f\u00fcr den Tanz- und insb. f\u00fcr den Turniersport stand am letzten Maisamstag ENDLICH wieder ein echter Turniertermin auf dem Plan.<\/p>\n","protected":false},"author":17,"featured_media":15917,"comment_status":"closed","ping_status":"closed","sticky":false,"template":"","format":"standard","meta":{"_jetpack_memberships_contains_paid_content":false,"footnotes":""},"categories":[1],"tags":[],"class_list":["post-15884","post","type-post","status-publish","format-standard","has-post-thumbnail","hentry","category-allgemein"],"jetpack_featured_media_url":"https:\/\/tanzen-weilheim.de\/cms\/wp-content\/uploads\/2021\/05\/Thomas_Renee_LM2021_bearb.jpg","jetpack_sharing_enabled":true,"_links":{"self":[{"href":"https:\/\/tanzen-weilheim.de\/cms\/wp-json\/wp\/v2\/posts\/15884","targetHints":{"allow":["GET"]}}],"collection":[{"href":"https:\/\/tanzen-weilheim.de\/cms\/wp-json\/wp\/v2\/posts"}],"about":[{"href":"https:\/\/tanzen-weilheim.de\/cms\/wp-json\/wp\/v2\/types\/post"}],"author":[{"embeddable":true,"href":"https:\/\/tanzen-weilheim.de\/cms\/wp-json\/wp\/v2\/users\/17"}],"replies":[{"embeddable":true,"href":"https:\/\/tanzen-weilheim.de\/cms\/wp-json\/wp\/v2\/comments?post=15884"}],"version-history":[{"count":3,"href":"https:\/\/tanzen-weilheim.de\/cms\/wp-json\/wp\/v2\/posts\/15884\/revisions"}],"predecessor-version":[{"id":15918,"href":"https:\/\/tanzen-weilheim.de\/cms\/wp-json\/wp\/v2\/posts\/15884\/revisions\/15918"}],"wp:featuredmedia":[{"embeddable":true,"href":"https:\/\/tanzen-weilheim.de\/cms\/wp-json\/wp\/v2\/media\/15917"}],"wp:attachment":[{"href":"https:\/\/tanzen-weilheim.de\/cms\/wp-json\/wp\/v2\/media?parent=15884"}],"wp:term":[{"taxonomy":"category","embeddable":true,"href":"https:\/\/tanzen-weilheim.de\/cms\/wp-json\/wp\/v2\/categories?post=15884"},{"taxonomy":"post_tag","embeddable":true,"href":"https:\/\/tanzen-weilheim.de\/cms\/wp-json\/wp\/v2\/tags?post=15884"}],"curies":[{"name":"wp","href":"https:\/\/api.w.org\/{rel}","templated":true}]}}