{"id":15357,"date":"2020-10-31T17:44:53","date_gmt":"2020-10-31T16:44:53","guid":{"rendered":"http:\/\/tanzen-weilheim.de\/cms\/?p=15357"},"modified":"2020-11-24T07:14:50","modified_gmt":"2020-11-24T06:14:50","slug":"dtsa-abnahme-2020","status":"publish","type":"post","link":"https:\/\/tanzen-weilheim.de\/cms\/15357\/dtsa-abnahme-2020","title":{"rendered":"DTSA-Abnahme 2020"},"content":{"rendered":"\n<p><strong>Alle Weilheimer Paare erfolgreich bei der Abnahme des Deutschen Tanzsportabzeichens DTSA am 25.10.2020 bei der TSA Weilheim<\/strong><\/p>\n\n\n\n<!--more-->\n\n\n\n<p>Am Sonntag, den 25. Oktober 2020, richtete die Tanzsportabteilung des TSV 1847 Weilheim e.V. &nbsp; turnusm\u00e4\u00dfig die Abnahme des Deutschen Tanzsportabzeichens \u201e DTSA\u201c aus. Die diesj\u00e4hrige Abnahme wurde wegen der Corona-Pandemie unter strenger Einhaltung der gesetzlichen Vorschriften und des eigenen Hygienekonzepts konsequent durchgef\u00fchrt. Teilgenommen haben neben der TSA Weilheim die benachbarten Tanzsportvereine GTC Murnau, Tanzsportabteilung des TSV Partenkirchen und TSC T\u00f6lzer Land. Insgesamt fanden 34 Abnahmen statt in den Kategorien Bronze, Silber, Gold und Brillant.&nbsp;&nbsp;&nbsp;<\/p>\n\n\n\n<p>F\u00fcr die Abnahmen gelten grunds\u00e4tzlich die Wertungsrichtlinien f\u00fcr Tanzsportturniere im Deutschen Tanzsportverband. Wenngleich eine turnierm\u00e4\u00dfige Ausf\u00fchrung nicht verlangt wird, so m\u00fcssen die&nbsp; Grundanforderungen je nach Abzeichen sauber und exakt getanzt werden.<\/p>\n\n\n\n<p>Gewertet wurden die Paare von der lizensierten Trainerin Birgit Handel, die als besonderen Service jedem Paar pers\u00f6nlich ein fachlich fundiertes Feedback angeboten, das von allen gerne angenommen wurde. Alle Tanzsportlerinnen und Tanzsportler haben die Abnahme bestanden. Erreicht wurden bei der TSA Weilheim:&nbsp;<\/p>\n\n\n\n<div class=\"wp-block-image\"><figure class=\"aligncenter is-resized\"><img loading=\"lazy\" decoding=\"async\" src=\"https:\/\/tanzen-weilheim.de\/cms\/wp-content\/uploads\/2020\/11\/P1220957_Birgit_Chris_bei-der-Arbeit-_DTSA_2020.jpg\" alt=\"\" class=\"wp-image-15363\" width=\"255\" height=\"202\" srcset=\"https:\/\/tanzen-weilheim.de\/cms\/wp-content\/uploads\/2020\/11\/P1220957_Birgit_Chris_bei-der-Arbeit-_DTSA_2020.jpg 3454w, https:\/\/tanzen-weilheim.de\/cms\/wp-content\/uploads\/2020\/11\/P1220957_Birgit_Chris_bei-der-Arbeit-_DTSA_2020-960x763.jpg 960w, https:\/\/tanzen-weilheim.de\/cms\/wp-content\/uploads\/2020\/11\/P1220957_Birgit_Chris_bei-der-Arbeit-_DTSA_2020-1920x1525.jpg 1920w, https:\/\/tanzen-weilheim.de\/cms\/wp-content\/uploads\/2020\/11\/P1220957_Birgit_Chris_bei-der-Arbeit-_DTSA_2020-768x610.jpg 768w, https:\/\/tanzen-weilheim.de\/cms\/wp-content\/uploads\/2020\/11\/P1220957_Birgit_Chris_bei-der-Arbeit-_DTSA_2020-400x318.jpg 400w\" sizes=\"auto, (max-width: 255px) 100vw, 255px\" \/><\/figure><\/div>\n\n\n\n<p><strong>7 x Bronze (3 T\u00e4nze je 4 Figuren)<\/strong><br><strong>\u00a0<\/strong>Dieter und Barbara Keipinger, Heike K\u00f6glmaier, Joachim und Sabine Michel, Paulinus und Heidi Ostermayr<\/p>\n\n\n\n<ul class=\"wp-block-gallery columns-2 is-cropped wp-block-gallery-1 is-layout-flex wp-block-gallery-is-layout-flex\"><li class=\"blocks-gallery-item\"><figure><img loading=\"lazy\" decoding=\"async\" width=\"3576\" height=\"2683\" src=\"https:\/\/tanzen-weilheim.de\/cms\/wp-content\/uploads\/2020\/11\/P1220912_Keipinger_DTSA_2020.jpg\" alt=\"\" data-id=\"15364\" data-link=\"https:\/\/tanzen-weilheim.de\/cms\/15357\/dtsa-abnahme-2020\/p1220912_keipinger_dtsa_2020\" class=\"wp-image-15364\" srcset=\"https:\/\/tanzen-weilheim.de\/cms\/wp-content\/uploads\/2020\/11\/P1220912_Keipinger_DTSA_2020.jpg 3576w, https:\/\/tanzen-weilheim.de\/cms\/wp-content\/uploads\/2020\/11\/P1220912_Keipinger_DTSA_2020-960x720.jpg 960w, https:\/\/tanzen-weilheim.de\/cms\/wp-content\/uploads\/2020\/11\/P1220912_Keipinger_DTSA_2020-1920x1441.jpg 1920w, https:\/\/tanzen-weilheim.de\/cms\/wp-content\/uploads\/2020\/11\/P1220912_Keipinger_DTSA_2020-768x576.jpg 768w, https:\/\/tanzen-weilheim.de\/cms\/wp-content\/uploads\/2020\/11\/P1220912_Keipinger_DTSA_2020-400x300.jpg 400w\" sizes=\"auto, (max-width: 3576px) 100vw, 3576px\" \/><\/figure><\/li><li class=\"blocks-gallery-item\"><figure><img loading=\"lazy\" decoding=\"async\" width=\"2660\" height=\"2732\" src=\"https:\/\/tanzen-weilheim.de\/cms\/wp-content\/uploads\/2020\/11\/P1220918_Paul_Heike_DTSA_2020.jpg\" alt=\"\" data-id=\"15358\" data-link=\"https:\/\/tanzen-weilheim.de\/cms\/15357\/dtsa-abnahme-2020\/p1220918_paul_heike_dtsa_2020\" class=\"wp-image-15358\" srcset=\"https:\/\/tanzen-weilheim.de\/cms\/wp-content\/uploads\/2020\/11\/P1220918_Paul_Heike_DTSA_2020.jpg 2660w, https:\/\/tanzen-weilheim.de\/cms\/wp-content\/uploads\/2020\/11\/P1220918_Paul_Heike_DTSA_2020-935x960.jpg 935w, https:\/\/tanzen-weilheim.de\/cms\/wp-content\/uploads\/2020\/11\/P1220918_Paul_Heike_DTSA_2020-1869x1920.jpg 1869w, https:\/\/tanzen-weilheim.de\/cms\/wp-content\/uploads\/2020\/11\/P1220918_Paul_Heike_DTSA_2020-768x789.jpg 768w, https:\/\/tanzen-weilheim.de\/cms\/wp-content\/uploads\/2020\/11\/P1220918_Paul_Heike_DTSA_2020-400x411.jpg 400w\" sizes=\"auto, (max-width: 2660px) 100vw, 2660px\" \/><\/figure><\/li><\/ul>\n\n\n\n<p><strong>3 x Silber (5 T\u00e4nze je 8 Figuren)<\/strong><br>Viktoria May, Stefan und Nicole Schneider-Sendl<\/p>\n\n\n\n<ul class=\"wp-block-gallery columns-2 is-cropped wp-block-gallery-2 is-layout-flex wp-block-gallery-is-layout-flex\"><li class=\"blocks-gallery-item\"><figure><img loading=\"lazy\" decoding=\"async\" width=\"2978\" height=\"2481\" src=\"https:\/\/tanzen-weilheim.de\/cms\/wp-content\/uploads\/2020\/11\/P1220940_Chris_Viki_DTSA_2020.jpg\" alt=\"\" data-id=\"15360\" data-link=\"https:\/\/tanzen-weilheim.de\/cms\/15357\/dtsa-abnahme-2020\/p1220940_chris_viki_dtsa_2020\" class=\"wp-image-15360\" srcset=\"https:\/\/tanzen-weilheim.de\/cms\/wp-content\/uploads\/2020\/11\/P1220940_Chris_Viki_DTSA_2020.jpg 2978w, https:\/\/tanzen-weilheim.de\/cms\/wp-content\/uploads\/2020\/11\/P1220940_Chris_Viki_DTSA_2020-960x800.jpg 960w, https:\/\/tanzen-weilheim.de\/cms\/wp-content\/uploads\/2020\/11\/P1220940_Chris_Viki_DTSA_2020-1920x1600.jpg 1920w, https:\/\/tanzen-weilheim.de\/cms\/wp-content\/uploads\/2020\/11\/P1220940_Chris_Viki_DTSA_2020-768x640.jpg 768w, https:\/\/tanzen-weilheim.de\/cms\/wp-content\/uploads\/2020\/11\/P1220940_Chris_Viki_DTSA_2020-400x333.jpg 400w\" sizes=\"auto, (max-width: 2978px) 100vw, 2978px\" \/><\/figure><\/li><li class=\"blocks-gallery-item\"><figure><img loading=\"lazy\" decoding=\"async\" width=\"3355\" height=\"2603\" src=\"https:\/\/tanzen-weilheim.de\/cms\/wp-content\/uploads\/2020\/11\/P1220939_Seidl_DTSA_2020.jpg\" alt=\"\" data-id=\"15359\" data-link=\"https:\/\/tanzen-weilheim.de\/cms\/15357\/dtsa-abnahme-2020\/p1220939_seidl_dtsa_2020\" class=\"wp-image-15359\" srcset=\"https:\/\/tanzen-weilheim.de\/cms\/wp-content\/uploads\/2020\/11\/P1220939_Seidl_DTSA_2020.jpg 3355w, https:\/\/tanzen-weilheim.de\/cms\/wp-content\/uploads\/2020\/11\/P1220939_Seidl_DTSA_2020-960x745.jpg 960w, https:\/\/tanzen-weilheim.de\/cms\/wp-content\/uploads\/2020\/11\/P1220939_Seidl_DTSA_2020-1920x1490.jpg 1920w, https:\/\/tanzen-weilheim.de\/cms\/wp-content\/uploads\/2020\/11\/P1220939_Seidl_DTSA_2020-768x596.jpg 768w, https:\/\/tanzen-weilheim.de\/cms\/wp-content\/uploads\/2020\/11\/P1220939_Seidl_DTSA_2020-400x310.jpg 400w\" sizes=\"auto, (max-width: 3355px) 100vw, 3355px\" \/><\/figure><\/li><\/ul>\n\n\n\n<p><\/p>\n\n\n\n<p><strong>10 x Brillant (6 T\u00e4nze je 10 Figuren)<\/strong><br>Rainer Aumiller und Viola M\u00fcller-Roden, Peter und Bettina Heilmann,&nbsp; Werner und Birgit Lampl, Peter und Angelika Mayer, Stefan und Angela Olschewski<\/p>\n\n\n\n<ul class=\"wp-block-gallery columns-2 is-cropped wp-block-gallery-3 is-layout-flex wp-block-gallery-is-layout-flex\"><li class=\"blocks-gallery-item\"><figure><img loading=\"lazy\" decoding=\"async\" width=\"3652\" height=\"2121\" src=\"https:\/\/tanzen-weilheim.de\/cms\/wp-content\/uploads\/2020\/11\/P1220961_Teilnehmer_DTSA_2020.jpg\" alt=\"\" data-id=\"15361\" data-link=\"https:\/\/tanzen-weilheim.de\/cms\/15357\/dtsa-abnahme-2020\/p1220961_teilnehmer_dtsa_2020\" class=\"wp-image-15361\" srcset=\"https:\/\/tanzen-weilheim.de\/cms\/wp-content\/uploads\/2020\/11\/P1220961_Teilnehmer_DTSA_2020.jpg 3652w, https:\/\/tanzen-weilheim.de\/cms\/wp-content\/uploads\/2020\/11\/P1220961_Teilnehmer_DTSA_2020-960x558.jpg 960w, https:\/\/tanzen-weilheim.de\/cms\/wp-content\/uploads\/2020\/11\/P1220961_Teilnehmer_DTSA_2020-1920x1115.jpg 1920w, https:\/\/tanzen-weilheim.de\/cms\/wp-content\/uploads\/2020\/11\/P1220961_Teilnehmer_DTSA_2020-768x446.jpg 768w, https:\/\/tanzen-weilheim.de\/cms\/wp-content\/uploads\/2020\/11\/P1220961_Teilnehmer_DTSA_2020-400x232.jpg 400w\" sizes=\"auto, (max-width: 3652px) 100vw, 3652px\" \/><\/figure><\/li><li class=\"blocks-gallery-item\"><figure><img loading=\"lazy\" decoding=\"async\" width=\"1703\" height=\"1184\" src=\"https:\/\/tanzen-weilheim.de\/cms\/wp-content\/uploads\/2020\/11\/P1220970-C_olschewski_DTSA_2020.jpg\" alt=\"\" data-id=\"15362\" data-link=\"https:\/\/tanzen-weilheim.de\/cms\/15357\/dtsa-abnahme-2020\/p1220970-c_olschewski_dtsa_2020\" class=\"wp-image-15362\" srcset=\"https:\/\/tanzen-weilheim.de\/cms\/wp-content\/uploads\/2020\/11\/P1220970-C_olschewski_DTSA_2020.jpg 1703w, https:\/\/tanzen-weilheim.de\/cms\/wp-content\/uploads\/2020\/11\/P1220970-C_olschewski_DTSA_2020-960x667.jpg 960w, https:\/\/tanzen-weilheim.de\/cms\/wp-content\/uploads\/2020\/11\/P1220970-C_olschewski_DTSA_2020-768x534.jpg 768w, https:\/\/tanzen-weilheim.de\/cms\/wp-content\/uploads\/2020\/11\/P1220970-C_olschewski_DTSA_2020-400x278.jpg 400w\" sizes=\"auto, (max-width: 1703px) 100vw, 1703px\" \/><\/figure><\/li><\/ul>\n\n\n\n<p class=\"has-small-font-size\">Bericht: Peter Mayer <br>(stellv. Abteilungsleiter und Organisator der DTSA-Abnahme)<br>Foto: Peter Mayer<\/p>\n","protected":false},"excerpt":{"rendered":"<p>Alle Weilheimer Paare erfolgreich bei der Abnahme des Deutschen Tanzsportabzeichens DTSA am 25.10.2020 bei der TSA Weilheim<\/p>\n","protected":false},"author":12,"featured_media":15366,"comment_status":"closed","ping_status":"closed","sticky":false,"template":"","format":"standard","meta":{"_jetpack_memberships_contains_paid_content":false,"footnotes":""},"categories":[1],"tags":[],"class_list":["post-15357","post","type-post","status-publish","format-standard","has-post-thumbnail","hentry","category-allgemein"],"jetpack_featured_media_url":"https:\/\/tanzen-weilheim.de\/cms\/wp-content\/uploads\/2020\/11\/P1220828_spiegelsaal.jpg","jetpack_sharing_enabled":true,"_links":{"self":[{"href":"https:\/\/tanzen-weilheim.de\/cms\/wp-json\/wp\/v2\/posts\/15357","targetHints":{"allow":["GET"]}}],"collection":[{"href":"https:\/\/tanzen-weilheim.de\/cms\/wp-json\/wp\/v2\/posts"}],"about":[{"href":"https:\/\/tanzen-weilheim.de\/cms\/wp-json\/wp\/v2\/types\/post"}],"author":[{"embeddable":true,"href":"https:\/\/tanzen-weilheim.de\/cms\/wp-json\/wp\/v2\/users\/12"}],"replies":[{"embeddable":true,"href":"https:\/\/tanzen-weilheim.de\/cms\/wp-json\/wp\/v2\/comments?post=15357"}],"version-history":[{"count":6,"href":"https:\/\/tanzen-weilheim.de\/cms\/wp-json\/wp\/v2\/posts\/15357\/revisions"}],"predecessor-version":[{"id":16873,"href":"https:\/\/tanzen-weilheim.de\/cms\/wp-json\/wp\/v2\/posts\/15357\/revisions\/16873"}],"wp:featuredmedia":[{"embeddable":true,"href":"https:\/\/tanzen-weilheim.de\/cms\/wp-json\/wp\/v2\/media\/15366"}],"wp:attachment":[{"href":"https:\/\/tanzen-weilheim.de\/cms\/wp-json\/wp\/v2\/media?parent=15357"}],"wp:term":[{"taxonomy":"category","embeddable":true,"href":"https:\/\/tanzen-weilheim.de\/cms\/wp-json\/wp\/v2\/categories?post=15357"},{"taxonomy":"post_tag","embeddable":true,"href":"https:\/\/tanzen-weilheim.de\/cms\/wp-json\/wp\/v2\/tags?post=15357"}],"curies":[{"name":"wp","href":"https:\/\/api.w.org\/{rel}","templated":true}]}}