{"id":14852,"date":"2020-02-08T17:40:59","date_gmt":"2020-02-08T16:40:59","guid":{"rendered":"http:\/\/tanzen-weilheim.de\/cms\/?p=14852"},"modified":"2020-02-10T07:25:48","modified_gmt":"2020-02-10T06:25:48","slug":"abschlussabend-anfaengertanzkurs-2","status":"publish","type":"post","link":"https:\/\/tanzen-weilheim.de\/cms\/14852\/abschlussabend-anfaengertanzkurs-2","title":{"rendered":"Abschlussabend Anf\u00e4ngertanzkurs"},"content":{"rendered":"\n<p>Mit einem Glas Sekt wurden die G\u00e4ste des Abschlussabends \u201eTanzkurs f\u00fcr Anf\u00e4nger\u201c von Peter Handel im Mehrzweckraum des TSV-Vereinsheims herzlichst begr\u00fc\u00dft. <\/p>\n\n\n\n<!--more-->\n\n\n\n<p>An 10 Mittwoch Abenden haben die Trainer des Tanzkurses, Birgit und Peter Handel unterst\u00fctzt von Christine Beekmann, \u00a0den Tanzkurs-Teilnehmern Spa\u00df am Tanzen vermittelt. Gestern Abend war es nun so weit, sie durften ihre erworbenen Tanzf\u00e4higkeiten vor Publikum zeigen. <\/p>\n\n\n\n<p>Nach einem kleinen aber feinen Snack am Buffet hie\u00df es &#8222;Aufstellung zur Vorstellungsrunde&#8220;.<\/p>\n\n\n\n<div class=\"wp-block-image\"><figure class=\"alignright is-resized\"><img loading=\"lazy\" decoding=\"async\" src=\"https:\/\/tanzen-weilheim.de\/cms\/wp-content\/uploads\/2020\/02\/Polonaise-3840x2880.jpg\" alt=\"\" class=\"wp-image-14854\" width=\"313\" height=\"235\" srcset=\"https:\/\/tanzen-weilheim.de\/cms\/wp-content\/uploads\/2020\/02\/Polonaise-3840x2880.jpg 3840w, https:\/\/tanzen-weilheim.de\/cms\/wp-content\/uploads\/2020\/02\/Polonaise-960x720.jpg 960w, https:\/\/tanzen-weilheim.de\/cms\/wp-content\/uploads\/2020\/02\/Polonaise-1920x1440.jpg 1920w, https:\/\/tanzen-weilheim.de\/cms\/wp-content\/uploads\/2020\/02\/Polonaise-768x576.jpg 768w, https:\/\/tanzen-weilheim.de\/cms\/wp-content\/uploads\/2020\/02\/Polonaise-400x300.jpg 400w\" sizes=\"auto, (max-width: 313px) 100vw, 313px\" \/><\/figure><\/div>\n\n\n\n<p>Die Paare er\u00f6ffneten ihre Vorstellung mit einer Polonaise. Am Ende dieser Polonaise \u00fcberreichte Peter Handel den Damen  eine &nbsp;wundervolle, langstielige Rose.<\/p>\n\n\n\n<figure class=\"wp-block-image is-resized\"><img loading=\"lazy\" decoding=\"async\" src=\"https:\/\/tanzen-weilheim.de\/cms\/wp-content\/uploads\/2020\/02\/Gruppe.jpg\" alt=\"\" class=\"wp-image-14855\" width=\"291\" height=\"218\" srcset=\"https:\/\/tanzen-weilheim.de\/cms\/wp-content\/uploads\/2020\/02\/Gruppe.jpg 3652w, https:\/\/tanzen-weilheim.de\/cms\/wp-content\/uploads\/2020\/02\/Gruppe-960x720.jpg 960w, https:\/\/tanzen-weilheim.de\/cms\/wp-content\/uploads\/2020\/02\/Gruppe-1920x1440.jpg 1920w, https:\/\/tanzen-weilheim.de\/cms\/wp-content\/uploads\/2020\/02\/Gruppe-768x576.jpg 768w, https:\/\/tanzen-weilheim.de\/cms\/wp-content\/uploads\/2020\/02\/Gruppe-400x300.jpg 400w\" sizes=\"auto, (max-width: 291px) 100vw, 291px\" \/><\/figure>\n\n\n\n<p>Bei liebevoll ausgesuchter Musik zu den T\u00e4nzen Langsamer Walzer, Tango, Cha-Cha-Cha, Rumba und Jive zeigten die Tanzkursteilnehmer, unter gro\u00dfem Beifall des Publikums, ihr K\u00f6nnen.<\/p>\n\n\n\n<p>Die Abteilungsleitung der TSA und der Vorstand des F\u00f6rdervereins f\u00fcr Tanzen im Raum Weilheim e.V. bedankten sich mit einem kleinen Pr\u00e4sent bei den Tanzkursleitern.<\/p>\n\n\n\n<div class=\"wp-block-image\"><figure class=\"alignright is-resized\"><img loading=\"lazy\" decoding=\"async\" src=\"https:\/\/tanzen-weilheim.de\/cms\/wp-content\/uploads\/2020\/02\/Formation1.jpg\" alt=\"\" class=\"wp-image-14856\" width=\"215\" height=\"207\" srcset=\"https:\/\/tanzen-weilheim.de\/cms\/wp-content\/uploads\/2020\/02\/Formation1.jpg 1125w, https:\/\/tanzen-weilheim.de\/cms\/wp-content\/uploads\/2020\/02\/Formation1-960x923.jpg 960w, https:\/\/tanzen-weilheim.de\/cms\/wp-content\/uploads\/2020\/02\/Formation1-768x739.jpg 768w, https:\/\/tanzen-weilheim.de\/cms\/wp-content\/uploads\/2020\/02\/Formation1-400x385.jpg 400w\" sizes=\"auto, (max-width: 215px) 100vw, 215px\" \/><\/figure><\/div>\n\n\n\n<p>Den ganzen Abend wurde beherzt getanzt, so dass man froh war, sich einmal hinzusetzten zu k\u00f6nnen und die ersten Darbietung zu genie\u00dfen.  <br>Die\u00a0<a href=\"https:\/\/tanzen-weilheim.de\/cms\/uber-uns-main\/lumbago-show-dancers\">Formation<\/a> (aufgrund der engen Raumsituation mit nur 4 Paaren, anstelle von 8)  \u201eQuick-Quick-Slow\u201c mit ihrer neuen Choreographie <strong>\u201eFreeze Frame\u201c<\/strong>\u00a0hatte sich bereit gemacht und verwandelte den Mehrzweckraum in  die Bilder eines Kaleidoskops.<\/p>\n\n\n\n<ul class=\"wp-block-gallery columns-3 is-cropped wp-block-gallery-1 is-layout-flex wp-block-gallery-is-layout-flex\"><li class=\"blocks-gallery-item\"><figure><img loading=\"lazy\" decoding=\"async\" width=\"1040\" height=\"999\" src=\"https:\/\/tanzen-weilheim.de\/cms\/wp-content\/uploads\/2020\/02\/Formation2-1.jpg\" alt=\"\" data-id=\"14859\" data-link=\"https:\/\/tanzen-weilheim.de\/cms\/?attachment_id=14859\" class=\"wp-image-14859\" srcset=\"https:\/\/tanzen-weilheim.de\/cms\/wp-content\/uploads\/2020\/02\/Formation2-1.jpg 1040w, https:\/\/tanzen-weilheim.de\/cms\/wp-content\/uploads\/2020\/02\/Formation2-1-960x922.jpg 960w, https:\/\/tanzen-weilheim.de\/cms\/wp-content\/uploads\/2020\/02\/Formation2-1-768x738.jpg 768w, https:\/\/tanzen-weilheim.de\/cms\/wp-content\/uploads\/2020\/02\/Formation2-1-400x384.jpg 400w\" sizes=\"auto, (max-width: 1040px) 100vw, 1040px\" \/><\/figure><\/li><li class=\"blocks-gallery-item\"><figure><img loading=\"lazy\" decoding=\"async\" width=\"1124\" height=\"1056\" src=\"https:\/\/tanzen-weilheim.de\/cms\/wp-content\/uploads\/2020\/02\/Formation3-1.jpg\" alt=\"\" data-id=\"14860\" data-link=\"https:\/\/tanzen-weilheim.de\/cms\/?attachment_id=14860\" class=\"wp-image-14860\" srcset=\"https:\/\/tanzen-weilheim.de\/cms\/wp-content\/uploads\/2020\/02\/Formation3-1.jpg 1124w, https:\/\/tanzen-weilheim.de\/cms\/wp-content\/uploads\/2020\/02\/Formation3-1-960x902.jpg 960w, https:\/\/tanzen-weilheim.de\/cms\/wp-content\/uploads\/2020\/02\/Formation3-1-768x722.jpg 768w, https:\/\/tanzen-weilheim.de\/cms\/wp-content\/uploads\/2020\/02\/Formation3-1-400x376.jpg 400w\" sizes=\"auto, (max-width: 1124px) 100vw, 1124px\" \/><\/figure><\/li><li class=\"blocks-gallery-item\"><figure><img loading=\"lazy\" decoding=\"async\" width=\"1009\" height=\"617\" src=\"https:\/\/tanzen-weilheim.de\/cms\/wp-content\/uploads\/2020\/02\/Formation4.jpg\" alt=\"\" data-id=\"14861\" data-link=\"https:\/\/tanzen-weilheim.de\/cms\/?attachment_id=14861\" class=\"wp-image-14861\" srcset=\"https:\/\/tanzen-weilheim.de\/cms\/wp-content\/uploads\/2020\/02\/Formation4.jpg 1009w, https:\/\/tanzen-weilheim.de\/cms\/wp-content\/uploads\/2020\/02\/Formation4-960x587.jpg 960w, https:\/\/tanzen-weilheim.de\/cms\/wp-content\/uploads\/2020\/02\/Formation4-768x470.jpg 768w, https:\/\/tanzen-weilheim.de\/cms\/wp-content\/uploads\/2020\/02\/Formation4-400x245.jpg 400w\" sizes=\"auto, (max-width: 1009px) 100vw, 1009px\" \/><\/figure><\/li><\/ul>\n\n\n\n<p>Mit der zweiten Vorf\u00fchrung wurden die anwesenden G\u00e4ste von&nbsp; Peter und Angelika Mayer  nach S\u00fcdamerika, in die Welt des&nbsp; gef\u00fchlvollen Tango Argentinos entf\u00fchrt.<\/p>\n\n\n\n<p style=\"text-align:left\">Bei kleinen &nbsp;Tanz\u201cspielen\u201c, unter der Anleitung von Birgit, hatte jede Dame die M\u00f6glichkeit mit jedem Herrn zu tanzen \u2013 man lernte sich noch ein wenig besser kennen und hatte eine Menge Spa\u00df dabei.  <\/p>\n\n\n\n<p>Alle anwesenden Teilnehmer des Anf\u00e4nger-Tanzkurses sind am Mittwoch dem 26. April 2020 bei Start des <a href=\"https:\/\/tanzen-weilheim.de\/cms\/termine-main\/tanzkurse\">Fortgeschrittenen Tanzkurses<\/a> wieder dabei  <br>&#8211; Quereinsteiger sind herzlich willkommen <br>(Anmeldung unter <a href=\"mailto:tanzkurs@tanzen-weilheim.de\">tanzkurs@tanzen-weilheim.de<\/a>)<\/p>\n\n\n\n<p>F\u00fcr alle, die zwischen dem Anf\u00e4nger-Tanzkurs und dem Fortgeschrittenen-Tanzkurs, noch einen weiteren Tanz lernen wollen, bietet die TSA am <strong>18.03.2020 <\/strong>ab 20:30 Uhr einen <a href=\"https:\/\/tanzen-weilheim.de\/cms\/termine-main\/zusatzangebot\">Workshop Paso Doble<\/a>, unter der Leitung von Peter und Birgit Handel an (f\u00fcr die Kursteilnehmer ist dieser Workshop kostenfrei!). <\/p>\n","protected":false},"excerpt":{"rendered":"<p>Mit einem Glas Sekt wurden die G\u00e4ste des Abschlussabends \u201eTanzkurs f\u00fcr Anf\u00e4nger\u201c von Peter Handel im Mehrzweckraum des TSV-Vereinsheims herzlichst begr\u00fc\u00dft.<\/p>\n","protected":false},"author":19,"featured_media":14855,"comment_status":"closed","ping_status":"closed","sticky":false,"template":"","format":"standard","meta":{"_jetpack_memberships_contains_paid_content":false,"footnotes":""},"categories":[1],"tags":[],"class_list":["post-14852","post","type-post","status-publish","format-standard","has-post-thumbnail","hentry","category-allgemein"],"jetpack_featured_media_url":"https:\/\/tanzen-weilheim.de\/cms\/wp-content\/uploads\/2020\/02\/Gruppe.jpg","jetpack_sharing_enabled":true,"_links":{"self":[{"href":"https:\/\/tanzen-weilheim.de\/cms\/wp-json\/wp\/v2\/posts\/14852","targetHints":{"allow":["GET"]}}],"collection":[{"href":"https:\/\/tanzen-weilheim.de\/cms\/wp-json\/wp\/v2\/posts"}],"about":[{"href":"https:\/\/tanzen-weilheim.de\/cms\/wp-json\/wp\/v2\/types\/post"}],"author":[{"embeddable":true,"href":"https:\/\/tanzen-weilheim.de\/cms\/wp-json\/wp\/v2\/users\/19"}],"replies":[{"embeddable":true,"href":"https:\/\/tanzen-weilheim.de\/cms\/wp-json\/wp\/v2\/comments?post=14852"}],"version-history":[{"count":10,"href":"https:\/\/tanzen-weilheim.de\/cms\/wp-json\/wp\/v2\/posts\/14852\/revisions"}],"predecessor-version":[{"id":14885,"href":"https:\/\/tanzen-weilheim.de\/cms\/wp-json\/wp\/v2\/posts\/14852\/revisions\/14885"}],"wp:featuredmedia":[{"embeddable":true,"href":"https:\/\/tanzen-weilheim.de\/cms\/wp-json\/wp\/v2\/media\/14855"}],"wp:attachment":[{"href":"https:\/\/tanzen-weilheim.de\/cms\/wp-json\/wp\/v2\/media?parent=14852"}],"wp:term":[{"taxonomy":"category","embeddable":true,"href":"https:\/\/tanzen-weilheim.de\/cms\/wp-json\/wp\/v2\/categories?post=14852"},{"taxonomy":"post_tag","embeddable":true,"href":"https:\/\/tanzen-weilheim.de\/cms\/wp-json\/wp\/v2\/tags?post=14852"}],"curies":[{"name":"wp","href":"https:\/\/api.w.org\/{rel}","templated":true}]}}