{"id":14572,"date":"2020-01-19T17:53:27","date_gmt":"2020-01-19T16:53:27","guid":{"rendered":"http:\/\/tanzen-weilheim.de\/cms\/?p=14572"},"modified":"2020-01-20T14:40:15","modified_gmt":"2020-01-20T13:40:15","slug":"tsa-formation-mit-ihrer-neuen-choreopgraphie-freeze-frame","status":"publish","type":"post","link":"https:\/\/tanzen-weilheim.de\/cms\/14572\/tsa-formation-mit-ihrer-neuen-choreopgraphie-freeze-frame","title":{"rendered":"TSA Formation mit ihrer neuen Choreographie &#8222;Freeze Frame&#8220;"},"content":{"rendered":"\n<p>Gestern war es so weit &#8211; die Urauff\u00fchrung der TSA Formation unter ihrem neuen Namen &#8222;Quick-Quick-Slow&#8220; und  ihrer neuen Choreographie &#8222;Freeze Frame&#8220;.<\/p>\n\n\n\n<!--more-->\n\n\n\n<p>Zum ersten Mal, mit den neuen knallroten Kleidern&#8230;.da darf einem schon das  Herz ein wenig klopfen und dann noch auf dem Galaball der Tanzschule Dartmann  im MODEON in Marktoberdorf.<\/p>\n\n\n\n<div class=\"wp-block-image\"><figure class=\"aligncenter is-resized\"><img loading=\"lazy\" decoding=\"async\" src=\"https:\/\/tanzen-weilheim.de\/cms\/wp-content\/uploads\/2020\/01\/Formation__2019_Auftritt_Allg\u00e4u.jpg\" alt=\"\" class=\"wp-image-14570\" width=\"423\" height=\"564\" srcset=\"https:\/\/tanzen-weilheim.de\/cms\/wp-content\/uploads\/2020\/01\/Formation__2019_Auftritt_Allg\u00e4u.jpg 1200w, https:\/\/tanzen-weilheim.de\/cms\/wp-content\/uploads\/2020\/01\/Formation__2019_Auftritt_Allg\u00e4u-720x960.jpg 720w, https:\/\/tanzen-weilheim.de\/cms\/wp-content\/uploads\/2020\/01\/Formation__2019_Auftritt_Allg\u00e4u-768x1024.jpg 768w, https:\/\/tanzen-weilheim.de\/cms\/wp-content\/uploads\/2020\/01\/Formation__2019_Auftritt_Allg\u00e4u-400x533.jpg 400w\" sizes=\"auto, (max-width: 423px) 100vw, 423px\" \/><\/figure><\/div>\n\n\n\n<p>Es hat alles super geklappt, die Damen haben in ihren neuen Kleidern gestrahlt und das Publikum war begeistert, so die Trainerin Birgit Handel.<br>Jetzt gehts richtig los &#8211; Auftritte, Hobbyliga-Turnier&#8230;..<\/p>\n\n\n\n<p>Die &#8222;Quick-Quick-Slow&#8220;  freuen sich schon riesig auf ihren Auftritt in Weilheim am 22.02.2020 auf dem <strong>Schwarz-Wei\u00df-Ball (*) <\/strong>der Narrhalla Weilheim &#8211; vor heimischen Publikum macht es doch immer riesig Spa\u00df zu tanzen.<\/p>\n\n\n\n<p><br>(*) Die Tickets hierzu gibt es im Musikhaus Wiedemann in der M\u00fcnchener Stra\u00dfe und im Veranstaltungsb\u00fcro der Stadt Weilheim in der Admiral-Hipper-Stra\u00dfe. <\/p>\n","protected":false},"excerpt":{"rendered":"<p>Gestern war es so weit &#8211; die Urauff\u00fchrung der TSA Formation unter ihrem neuen Namen &#8222;Quick-Quick-Slow&#8220; und ihrer neuen Choreographie &#8222;Freeze Frame&#8220;.<\/p>\n","protected":false},"author":19,"featured_media":14570,"comment_status":"closed","ping_status":"closed","sticky":false,"template":"","format":"standard","meta":{"_jetpack_memberships_contains_paid_content":false,"footnotes":""},"categories":[1],"tags":[],"class_list":["post-14572","post","type-post","status-publish","format-standard","has-post-thumbnail","hentry","category-allgemein"],"jetpack_featured_media_url":"https:\/\/tanzen-weilheim.de\/cms\/wp-content\/uploads\/2020\/01\/Formation__2019_Auftritt_Allg\u00e4u.jpg","jetpack_sharing_enabled":true,"_links":{"self":[{"href":"https:\/\/tanzen-weilheim.de\/cms\/wp-json\/wp\/v2\/posts\/14572","targetHints":{"allow":["GET"]}}],"collection":[{"href":"https:\/\/tanzen-weilheim.de\/cms\/wp-json\/wp\/v2\/posts"}],"about":[{"href":"https:\/\/tanzen-weilheim.de\/cms\/wp-json\/wp\/v2\/types\/post"}],"author":[{"embeddable":true,"href":"https:\/\/tanzen-weilheim.de\/cms\/wp-json\/wp\/v2\/users\/19"}],"replies":[{"embeddable":true,"href":"https:\/\/tanzen-weilheim.de\/cms\/wp-json\/wp\/v2\/comments?post=14572"}],"version-history":[{"count":6,"href":"https:\/\/tanzen-weilheim.de\/cms\/wp-json\/wp\/v2\/posts\/14572\/revisions"}],"predecessor-version":[{"id":14597,"href":"https:\/\/tanzen-weilheim.de\/cms\/wp-json\/wp\/v2\/posts\/14572\/revisions\/14597"}],"wp:featuredmedia":[{"embeddable":true,"href":"https:\/\/tanzen-weilheim.de\/cms\/wp-json\/wp\/v2\/media\/14570"}],"wp:attachment":[{"href":"https:\/\/tanzen-weilheim.de\/cms\/wp-json\/wp\/v2\/media?parent=14572"}],"wp:term":[{"taxonomy":"category","embeddable":true,"href":"https:\/\/tanzen-weilheim.de\/cms\/wp-json\/wp\/v2\/categories?post=14572"},{"taxonomy":"post_tag","embeddable":true,"href":"https:\/\/tanzen-weilheim.de\/cms\/wp-json\/wp\/v2\/tags?post=14572"}],"curies":[{"name":"wp","href":"https:\/\/api.w.org\/{rel}","templated":true}]}}