{"id":14387,"date":"2019-12-14T16:28:24","date_gmt":"2019-12-14T15:28:24","guid":{"rendered":"http:\/\/tanzen-weilheim.de\/cms\/?p=14387"},"modified":"2020-01-20T14:39:39","modified_gmt":"2020-01-20T13:39:39","slug":"adventsturnier-2019-unterschleissheim","status":"publish","type":"post","link":"https:\/\/tanzen-weilheim.de\/cms\/14387\/adventsturnier-2019-unterschleissheim","title":{"rendered":"Adventsturnier 2019 Unterschlei\u00dfheim"},"content":{"rendered":"\n<div class=\"wp-block-image\"><figure class=\"alignright is-resized\"><img loading=\"lazy\" decoding=\"async\" src=\"https:\/\/tanzen-weilheim.de\/cms\/wp-content\/uploads\/2019\/12\/Czierpke_Unterschlei\u00dfheim_Advent_2019_C.jpg\" alt=\"\" class=\"wp-image-14388\" width=\"345\" height=\"224\" srcset=\"https:\/\/tanzen-weilheim.de\/cms\/wp-content\/uploads\/2019\/12\/Czierpke_Unterschlei\u00dfheim_Advent_2019_C.jpg 1225w, https:\/\/tanzen-weilheim.de\/cms\/wp-content\/uploads\/2019\/12\/Czierpke_Unterschlei\u00dfheim_Advent_2019_C-960x622.jpg 960w, https:\/\/tanzen-weilheim.de\/cms\/wp-content\/uploads\/2019\/12\/Czierpke_Unterschlei\u00dfheim_Advent_2019_C-768x498.jpg 768w, https:\/\/tanzen-weilheim.de\/cms\/wp-content\/uploads\/2019\/12\/Czierpke_Unterschlei\u00dfheim_Advent_2019_C-400x259.jpg 400w\" sizes=\"auto, (max-width: 345px) 100vw, 345px\" \/><figcaption>Richard &amp; Kamilla Sen III C Platz 1<\/figcaption><\/figure><\/div>\n\n\n\n<p>Jedes Jahr am dritten Adventswochenende richtet der TSC Unterschlei\u00dfheim im B\u00fcrgersaal des Rathauses ihre traditionellen Adventsturniere aus. <\/p>\n\n\n\n<!--more-->\n\n\n\n<p>Bei Paaren der TSA Weilheim ist dieses Turnier sehr beliebt, denn diese Tanzfl\u00e4che ist nicht nur sch\u00f6n, sondern auch zumeist sehr erfolgversprechend. Richard und Kamilla Czierpke vertraten die TSA Weilheim bei den Adventsturnieren  2019 in Unterschlei\u00dfheim. In ihrer Altersgruppe der Senioren III tanzten sie sich in ihrer Leistungsklasse C in den Standardt\u00e4nzen locker ins Finale und erreichten hier ganz souver\u00e4n das oberste Treppchen \u2013 Platz 1. <\/p>\n\n\n\n<div class=\"wp-block-image\"><figure class=\"alignleft is-resized\"><img loading=\"lazy\" decoding=\"async\" src=\"https:\/\/tanzen-weilheim.de\/cms\/wp-content\/uploads\/2019\/12\/Czierpke_Unterschlei\u00dfheim_Advent_2019_B.jpg\" alt=\"\" class=\"wp-image-14389\" width=\"347\" height=\"219\" srcset=\"https:\/\/tanzen-weilheim.de\/cms\/wp-content\/uploads\/2019\/12\/Czierpke_Unterschlei\u00dfheim_Advent_2019_B.jpg 1575w, https:\/\/tanzen-weilheim.de\/cms\/wp-content\/uploads\/2019\/12\/Czierpke_Unterschlei\u00dfheim_Advent_2019_B-960x610.jpg 960w, https:\/\/tanzen-weilheim.de\/cms\/wp-content\/uploads\/2019\/12\/Czierpke_Unterschlei\u00dfheim_Advent_2019_B-768x488.jpg 768w, https:\/\/tanzen-weilheim.de\/cms\/wp-content\/uploads\/2019\/12\/Czierpke_Unterschlei\u00dfheim_Advent_2019_B-400x254.jpg 400w\" sizes=\"auto, (max-width: 347px) 100vw, 347px\" \/><figcaption>Richard &amp; Kamilla Sen III B  <br>Platz 2  <\/figcaption><\/figure><\/div>\n\n\n\n<p>Als Sieger der Sen III C-Klasse durften sie in der n\u00e4chst h\u00f6heren Klassen Sen III B mittanzen. Hier zeigten sie ganz klar, dass sie in dieser Klassen schon angekommen sind. Sie erreichten zum zweiten Mal an diesem Tag das Trepperl, diesmal Platz 2. <\/p>\n\n\n\n<p>Nach diesem Wochenende fehlen den Beiden jetzt nur noch wenige Punkte zum Aufstieg in die Sen III B-Klasse und der wird  2020 nicht lange auf sich warten lassen.<\/p>\n\n\n\n<div class=\"wp-block-image\"><figure class=\"aligncenter is-resized\"><img loading=\"lazy\" decoding=\"async\" src=\"https:\/\/tanzen-weilheim.de\/cms\/wp-content\/uploads\/2019\/12\/Czierpke_Adventsturnier_2019_Pokale.jpg\" alt=\"\" class=\"wp-image-14390\" width=\"411\" height=\"295\" srcset=\"https:\/\/tanzen-weilheim.de\/cms\/wp-content\/uploads\/2019\/12\/Czierpke_Adventsturnier_2019_Pokale.jpg 1172w, https:\/\/tanzen-weilheim.de\/cms\/wp-content\/uploads\/2019\/12\/Czierpke_Adventsturnier_2019_Pokale-960x691.jpg 960w, https:\/\/tanzen-weilheim.de\/cms\/wp-content\/uploads\/2019\/12\/Czierpke_Adventsturnier_2019_Pokale-768x553.jpg 768w, https:\/\/tanzen-weilheim.de\/cms\/wp-content\/uploads\/2019\/12\/Czierpke_Adventsturnier_2019_Pokale-400x288.jpg 400w\" sizes=\"auto, (max-width: 411px) 100vw, 411px\" \/><figcaption>super gemacht ihr zwei &#8211; die Tanzsportabteilung gratuliert und freut sich mit euch \ud83d\ude42<\/figcaption><\/figure><\/div>\n\n\n\n<p><\/p>\n","protected":false},"excerpt":{"rendered":"<p>Jedes Jahr am dritten Adventswochenende richtet der TSC Unterschlei\u00dfheim im B\u00fcrgersaal des Rathauses ihre traditionellen Adventsturniere aus.<\/p>\n","protected":false},"author":19,"featured_media":14345,"comment_status":"closed","ping_status":"closed","sticky":false,"template":"","format":"standard","meta":{"_jetpack_memberships_contains_paid_content":false,"footnotes":""},"categories":[1],"tags":[],"class_list":["post-14387","post","type-post","status-publish","format-standard","has-post-thumbnail","hentry","category-allgemein"],"jetpack_featured_media_url":"https:\/\/tanzen-weilheim.de\/cms\/wp-content\/uploads\/2019\/12\/F\u00fcrth_Bayernpokal_2019.jpg","jetpack_sharing_enabled":true,"_links":{"self":[{"href":"https:\/\/tanzen-weilheim.de\/cms\/wp-json\/wp\/v2\/posts\/14387","targetHints":{"allow":["GET"]}}],"collection":[{"href":"https:\/\/tanzen-weilheim.de\/cms\/wp-json\/wp\/v2\/posts"}],"about":[{"href":"https:\/\/tanzen-weilheim.de\/cms\/wp-json\/wp\/v2\/types\/post"}],"author":[{"embeddable":true,"href":"https:\/\/tanzen-weilheim.de\/cms\/wp-json\/wp\/v2\/users\/19"}],"replies":[{"embeddable":true,"href":"https:\/\/tanzen-weilheim.de\/cms\/wp-json\/wp\/v2\/comments?post=14387"}],"version-history":[{"count":5,"href":"https:\/\/tanzen-weilheim.de\/cms\/wp-json\/wp\/v2\/posts\/14387\/revisions"}],"predecessor-version":[{"id":14596,"href":"https:\/\/tanzen-weilheim.de\/cms\/wp-json\/wp\/v2\/posts\/14387\/revisions\/14596"}],"wp:featuredmedia":[{"embeddable":true,"href":"https:\/\/tanzen-weilheim.de\/cms\/wp-json\/wp\/v2\/media\/14345"}],"wp:attachment":[{"href":"https:\/\/tanzen-weilheim.de\/cms\/wp-json\/wp\/v2\/media?parent=14387"}],"wp:term":[{"taxonomy":"category","embeddable":true,"href":"https:\/\/tanzen-weilheim.de\/cms\/wp-json\/wp\/v2\/categories?post=14387"},{"taxonomy":"post_tag","embeddable":true,"href":"https:\/\/tanzen-weilheim.de\/cms\/wp-json\/wp\/v2\/tags?post=14387"}],"curies":[{"name":"wp","href":"https:\/\/api.w.org\/{rel}","templated":true}]}}