{"id":14342,"date":"2019-12-02T20:54:54","date_gmt":"2019-12-02T19:54:54","guid":{"rendered":"http:\/\/tanzen-weilheim.de\/cms\/?p=14342"},"modified":"2020-01-20T14:42:26","modified_gmt":"2020-01-20T13:42:26","slug":"bayern-pokal-turniere-2019","status":"publish","type":"post","link":"https:\/\/tanzen-weilheim.de\/cms\/14342\/bayern-pokal-turniere-2019","title":{"rendered":"Bayern-Pokal-Turniere 2019"},"content":{"rendered":"\n<p>Seit einigen Jahren findet die Bayernpokal-Turnierserie statt. Hier werden in jedem Jahr die besten Paare in den Standard- und Lateinamerikanischen T\u00e4nzen ermittelt. <\/p>\n\n\n\n<!--more-->\n\n\n\n<p>In insgesamt f\u00fcnf Turnieren der Bayernpokal-Serie k\u00f6nnen die Paare Punkte sammeln um als Beste der Turnierserie den Bayernpokal in Empfang nehmen zu d\u00fcrfen. <\/p>\n\n\n\n<p>Das Finale der Senioren III Bayernpokalwertung fand vergangenen Samstag, 30. November 2019,  im TSC F\u00fcrth statt. <\/p>\n\n\n\n<div class=\"wp-block-image\"><figure class=\"aligncenter is-resized\"><img loading=\"lazy\" decoding=\"async\" src=\"https:\/\/tanzen-weilheim.de\/cms\/wp-content\/uploads\/2019\/12\/Bayernpokal2_2019.jpg\" alt=\"\" class=\"wp-image-14318\" width=\"260\" height=\"324\" srcset=\"https:\/\/tanzen-weilheim.de\/cms\/wp-content\/uploads\/2019\/12\/Bayernpokal2_2019.jpg 1021w, https:\/\/tanzen-weilheim.de\/cms\/wp-content\/uploads\/2019\/12\/Bayernpokal2_2019-768x960.jpg 768w, https:\/\/tanzen-weilheim.de\/cms\/wp-content\/uploads\/2019\/12\/Bayernpokal2_2019-400x500.jpg 400w\" sizes=\"auto, (max-width: 260px) 100vw, 260px\" \/><figcaption>Richard &amp; Kamilla      Gerlinde &amp; G\u00fcnter<\/figcaption><\/figure><\/div>\n\n\n\n<div class=\"wp-block-image\"><figure class=\"alignleft is-resized\"><img loading=\"lazy\" decoding=\"async\" src=\"https:\/\/tanzen-weilheim.de\/cms\/wp-content\/uploads\/2019\/10\/Zoubek3_Blitznicht.jpg\" alt=\"\" class=\"wp-image-14173\" width=\"147\" height=\"221\" srcset=\"https:\/\/tanzen-weilheim.de\/cms\/wp-content\/uploads\/2019\/10\/Zoubek3_Blitznicht.jpg 2000w, https:\/\/tanzen-weilheim.de\/cms\/wp-content\/uploads\/2019\/10\/Zoubek3_Blitznicht-640x960.jpg 640w, https:\/\/tanzen-weilheim.de\/cms\/wp-content\/uploads\/2019\/10\/Zoubek3_Blitznicht-1280x1920.jpg 1280w, https:\/\/tanzen-weilheim.de\/cms\/wp-content\/uploads\/2019\/10\/Zoubek3_Blitznicht-768x1152.jpg 768w, https:\/\/tanzen-weilheim.de\/cms\/wp-content\/uploads\/2019\/10\/Zoubek3_Blitznicht-400x600.jpg 400w\" sizes=\"auto, (max-width: 147px) 100vw, 147px\" \/><\/figure><\/div>\n\n\n\n<p><strong>G\u00fcnter &amp; Gerlinde Zoubek<\/strong> waren angereist um sich den Bayernpokal der Senioren III D Standard abzuholen. Auf 4 Turnieren, der insgesamt 5 Bayernpokalturniere der Senioren III D Klasse, hatten sie sich eine so hohe Punktzahl ertanzt, so dass bereits vor diesem Wochenende feststand \u2013 der Bayernpokal Senioren III D Standard geht nach Weilheim.<\/p>\n\n\n\n<div class=\"wp-block-image\"><figure class=\"aligncenter is-resized\"><img loading=\"lazy\" decoding=\"async\" src=\"https:\/\/tanzen-weilheim.de\/cms\/wp-content\/uploads\/2019\/12\/Bayernpokal3k_2019.jpg\" alt=\"\" class=\"wp-image-14316\" width=\"262\" height=\"183\" srcset=\"https:\/\/tanzen-weilheim.de\/cms\/wp-content\/uploads\/2019\/12\/Bayernpokal3k_2019.jpg 733w, https:\/\/tanzen-weilheim.de\/cms\/wp-content\/uploads\/2019\/12\/Bayernpokal3k_2019-400x279.jpg 400w\" sizes=\"auto, (max-width: 262px) 100vw, 262px\" \/><figcaption>Gewinner Bayernpokal Senioren III  D  <br>G\u00fcnter &amp; Gerlinde <br><\/figcaption><\/figure><\/div>\n\n\n\n<div class=\"wp-block-image\"><figure class=\"alignright is-resized\"><img loading=\"lazy\" decoding=\"async\" src=\"https:\/\/tanzen-weilheim.de\/cms\/wp-content\/uploads\/2019\/12\/F\u00fcrth_Bayernpokal_2019.jpg\" alt=\"\" class=\"wp-image-14345\" width=\"154\" height=\"230\" srcset=\"https:\/\/tanzen-weilheim.de\/cms\/wp-content\/uploads\/2019\/12\/F\u00fcrth_Bayernpokal_2019.jpg 428w, https:\/\/tanzen-weilheim.de\/cms\/wp-content\/uploads\/2019\/12\/F\u00fcrth_Bayernpokal_2019-400x598.jpg 400w\" sizes=\"auto, (max-width: 154px) 100vw, 154px\" \/><\/figure><\/div>\n\n\n\n<p>In der Senioren III C Standard Klasse ging es f\u00fcr&nbsp;<strong>Richard &amp; Kamilla Czierpke<\/strong>&nbsp;an den Start. Sie tanzten sich problemlos ins Finale des letzten Bayernpokalturniers. Im Finale drehten sie dann noch einmal richtig auf und tanzten sich mit dem <br>1. Platz ganz oben aufs Trepperl. Doch nicht nur das. In der anschlie\u00dfenden Wertung des Bayernpokals konnte sie sich noch einmal freuen. Mit ihren Ergebnissen haben sie den 2. Platz der Gesamtwertung &nbsp;Bayernpokal der Senioren III C Standard Klasse erreicht. <\/p>\n\n\n\n<div class=\"wp-block-image\"><figure class=\"aligncenter is-resized\"><img loading=\"lazy\" decoding=\"async\" src=\"https:\/\/tanzen-weilheim.de\/cms\/wp-content\/uploads\/2019\/12\/Bayernpokal4k_2019-2.jpg\" alt=\"\" class=\"wp-image-14325\" width=\"377\" height=\"204\" srcset=\"https:\/\/tanzen-weilheim.de\/cms\/wp-content\/uploads\/2019\/12\/Bayernpokal4k_2019-2.jpg 609w, https:\/\/tanzen-weilheim.de\/cms\/wp-content\/uploads\/2019\/12\/Bayernpokal4k_2019-2-400x217.jpg 400w\" sizes=\"auto, (max-width: 377px) 100vw, 377px\" \/><figcaption>Sieger  Bayernpokal Turnier  Sen III C Standard <br>Richard &amp; Kamilla<\/figcaption><\/figure><\/div>\n","protected":false},"excerpt":{"rendered":"<p>Seit einigen Jahren findet die Bayernpokal-Turnierserie statt. Hier werden in jedem Jahr die besten Paare in den Standard- und Lateinamerikanischen T\u00e4nzen ermittelt.<\/p>\n","protected":false},"author":19,"featured_media":14318,"comment_status":"closed","ping_status":"closed","sticky":false,"template":"","format":"standard","meta":{"_jetpack_memberships_contains_paid_content":false,"footnotes":""},"categories":[1],"tags":[],"class_list":["post-14342","post","type-post","status-publish","format-standard","has-post-thumbnail","hentry","category-allgemein"],"jetpack_featured_media_url":"https:\/\/tanzen-weilheim.de\/cms\/wp-content\/uploads\/2019\/12\/Bayernpokal2_2019.jpg","jetpack_sharing_enabled":true,"_links":{"self":[{"href":"https:\/\/tanzen-weilheim.de\/cms\/wp-json\/wp\/v2\/posts\/14342","targetHints":{"allow":["GET"]}}],"collection":[{"href":"https:\/\/tanzen-weilheim.de\/cms\/wp-json\/wp\/v2\/posts"}],"about":[{"href":"https:\/\/tanzen-weilheim.de\/cms\/wp-json\/wp\/v2\/types\/post"}],"author":[{"embeddable":true,"href":"https:\/\/tanzen-weilheim.de\/cms\/wp-json\/wp\/v2\/users\/19"}],"replies":[{"embeddable":true,"href":"https:\/\/tanzen-weilheim.de\/cms\/wp-json\/wp\/v2\/comments?post=14342"}],"version-history":[{"count":8,"href":"https:\/\/tanzen-weilheim.de\/cms\/wp-json\/wp\/v2\/posts\/14342\/revisions"}],"predecessor-version":[{"id":14600,"href":"https:\/\/tanzen-weilheim.de\/cms\/wp-json\/wp\/v2\/posts\/14342\/revisions\/14600"}],"wp:featuredmedia":[{"embeddable":true,"href":"https:\/\/tanzen-weilheim.de\/cms\/wp-json\/wp\/v2\/media\/14318"}],"wp:attachment":[{"href":"https:\/\/tanzen-weilheim.de\/cms\/wp-json\/wp\/v2\/media?parent=14342"}],"wp:term":[{"taxonomy":"category","embeddable":true,"href":"https:\/\/tanzen-weilheim.de\/cms\/wp-json\/wp\/v2\/categories?post=14342"},{"taxonomy":"post_tag","embeddable":true,"href":"https:\/\/tanzen-weilheim.de\/cms\/wp-json\/wp\/v2\/tags?post=14342"}],"curies":[{"name":"wp","href":"https:\/\/api.w.org\/{rel}","templated":true}]}}