{"id":14176,"date":"2019-10-26T20:59:13","date_gmt":"2019-10-26T18:59:13","guid":{"rendered":"http:\/\/tanzen-weilheim.de\/cms\/?p=14176"},"modified":"2020-01-20T14:41:45","modified_gmt":"2020-01-20T13:41:45","slug":"aufstieg-und-tolle-ergebnisse-fuer-weilheims-tanzpaare","status":"publish","type":"post","link":"https:\/\/tanzen-weilheim.de\/cms\/14176\/aufstieg-und-tolle-ergebnisse-fuer-weilheims-tanzpaare","title":{"rendered":"Aufstieg und tolle Ergebnisse f\u00fcr Weilheims Tanzpaare"},"content":{"rendered":"\n<p><strong>Weilheim \/ Gammelsdorf \/ M\u00fcnchen<\/strong>. Der Oktober ist wirklich eine tolle Zeit f\u00fcr die Tanzpaare der Tanzsportabteilung des TSV 1847 Weilheim e.V. (TSA). <\/p>\n\n\n\n<!--more-->\n\n\n\n<p> Am letzten Oktober-Wochenende waren gleich drei Paare der TSA unterwegs. In Gammelsdorf in der Hallertau standen die zweit\u00e4gigen Turniere um die sog. Hopfen-Pokale auf dem Plan und in M\u00fcnchen veranstaltete der TSC Savoy M\u00fcnchen die Bayerischen Meisterschaften f\u00fcr die Hauptgruppen in den lateinamerikanischen T\u00e4nzen.<\/p>\n\n\n\n<div class=\"wp-block-image\"><figure class=\"alignright is-resized\"><img loading=\"lazy\" decoding=\"async\" src=\"https:\/\/tanzen-weilheim.de\/cms\/wp-content\/uploads\/2019\/11\/Diana_Lennart_LM_2019_Savoy_1.jpg\" alt=\"\" class=\"wp-image-14207\" width=\"235\" height=\"352\" srcset=\"https:\/\/tanzen-weilheim.de\/cms\/wp-content\/uploads\/2019\/11\/Diana_Lennart_LM_2019_Savoy_1.jpg 1066w, https:\/\/tanzen-weilheim.de\/cms\/wp-content\/uploads\/2019\/11\/Diana_Lennart_LM_2019_Savoy_1-640x960.jpg 640w, https:\/\/tanzen-weilheim.de\/cms\/wp-content\/uploads\/2019\/11\/Diana_Lennart_LM_2019_Savoy_1-768x1153.jpg 768w, https:\/\/tanzen-weilheim.de\/cms\/wp-content\/uploads\/2019\/11\/Diana_Lennart_LM_2019_Savoy_1-400x600.jpg 400w\" sizes=\"auto, (max-width: 235px) 100vw, 235px\" \/><figcaption>Diana &amp; Lennart <\/figcaption><\/figure><\/div>\n\n\n\n<p>Bei dieser Landesmeisterschaft starteten nach intensivem Training Lennart Forster (19) und Diana Vollmann (15) in ihrer Altersklasse Hauptgruppe und dort in ihrer Leistungsklasse B-Latein. Sie k\u00e4mpften sich durch gutes Tanzen \u00fcber die Vor- und Zwischenrunde bis ins Halbfinale vor und belegten dort einen wirklich guten 11. Gesamtplatz. Ihr Trainer Igor Akalowski war sehr zufrieden mit den Beiden. Sie selber waren es auch, zumindest mit ihrem Tanzen; bei der Platzierung h\u00e4tten sie sich noch den einen oder anderen Platz mehr schon gew\u00fcnscht, aber das ist ja auch v\u00f6llig normal.<\/p>\n\n\n\n<div class=\"wp-block-image\"><figure class=\"alignleft is-resized\"><img loading=\"lazy\" decoding=\"async\" src=\"https:\/\/tanzen-weilheim.de\/cms\/wp-content\/uploads\/2019\/10\/Czierpke-Sen-III-C-Samstag.jpg\" alt=\"\" class=\"wp-image-14179\" width=\"422\" height=\"237\" srcset=\"https:\/\/tanzen-weilheim.de\/cms\/wp-content\/uploads\/2019\/10\/Czierpke-Sen-III-C-Samstag.jpg 1024w, https:\/\/tanzen-weilheim.de\/cms\/wp-content\/uploads\/2019\/10\/Czierpke-Sen-III-C-Samstag-960x540.jpg 960w, https:\/\/tanzen-weilheim.de\/cms\/wp-content\/uploads\/2019\/10\/Czierpke-Sen-III-C-Samstag-768x432.jpg 768w, https:\/\/tanzen-weilheim.de\/cms\/wp-content\/uploads\/2019\/10\/Czierpke-Sen-III-C-Samstag-400x225.jpg 400w\" sizes=\"auto, (max-width: 422px) 100vw, 422px\" \/><figcaption>Sen III C Std Samstag; 1. Platz Richard &amp; Kamilla Czierpke<\/figcaption><\/figure><\/div>\n\n\n\n<p>Beim traditionellen Hopfenpokal in Gammelsdorf in der Hallertau traten heuer zwei Paare unserer TSA an. Richard und Kamilla Czierpke starteten in Ihrer Altersgruppe Senioren III (ein Partner \u00fcber 50, der zweite \u00fcber 55 Jahre) am Samstag in der Leistungsklasse C in den Standardt\u00e4nzen und gewannen das Turnier souver\u00e4n mit 16 von 20 m\u00f6glichen Einser-Wertungen. In der gleichen Altersklasse, aber noch in der Leistungsklasse D, starteten G\u00fcnter und Gerlinde Zoubek auch am Samstag und sicherten sich in einem starken Feld den 3. Platz. Sie gingen am gleichen Tag auch noch in der n\u00e4chstj\u00fcngeren Altersgruppe der Senioren II (ein Partner \u00fcber 40, der zweite \u00fcber 45 Jahre) auf das Parkett und das aus einem besonderen Grund. Sie tanzten sich auch hier gegen die im Schnitt 10 Jahre j\u00fcngere Konkurrenz auf den 3. Platz und damit erneut aufs Trepperl. Damit hatten Sie dann genau ein Jahr nach ihrem ersten leistungssportlichen Turnier die notwendigen Punkte beisammen, um in die n\u00e4chsth\u00f6here Leistungsklasse C aufzusteigen. Auch hier stellten sie sich sogleich der Konkurrenz und erreichten ihrem dritten Turnier des gleichen Tages im Halbfinale einen bemerkenswerten 8. Platz; sie schrammten damit nur knapp am sechspaarigen Finale vorbei. Insgesamt war das t\u00e4nzerisch und nicht zuletzt auch konditionell eine herausragende Tages-Gesamtleistung!<\/p>\n\n\n\n<div class=\"wp-block-image\"><figure class=\"alignleft is-resized\"><img loading=\"lazy\" decoding=\"async\" src=\"https:\/\/tanzen-weilheim.de\/cms\/wp-content\/uploads\/2019\/10\/Zoubek-Sen-II-D-Samstag.jpg\" alt=\"\" class=\"wp-image-14181\" width=\"379\" height=\"284\" srcset=\"https:\/\/tanzen-weilheim.de\/cms\/wp-content\/uploads\/2019\/10\/Zoubek-Sen-II-D-Samstag.jpg 1024w, https:\/\/tanzen-weilheim.de\/cms\/wp-content\/uploads\/2019\/10\/Zoubek-Sen-II-D-Samstag-960x720.jpg 960w, https:\/\/tanzen-weilheim.de\/cms\/wp-content\/uploads\/2019\/10\/Zoubek-Sen-II-D-Samstag-768x576.jpg 768w, https:\/\/tanzen-weilheim.de\/cms\/wp-content\/uploads\/2019\/10\/Zoubek-Sen-II-D-Samstag-400x300.jpg 400w\" sizes=\"auto, (max-width: 379px) 100vw, 379px\" \/><figcaption>Sen III D Std.; 3. Platz f\u00fcr G\u00fcnter und Gerlinde Zoubek<\/figcaption><\/figure><\/div>\n\n\n\n<p>Und G\u00fcnter und Gerlinde lie\u00dfen dann auch am Sonntag nicht locker. Sie starteten erneut in beiden Altersklassen Senioren II und III, um sich in der neuen Leistungsklasse gleich mal an die Konkurrenz zu gew\u00f6hnen und der Konkurrenz zu zeigen, dass sie nun auch dabei sind. Und das gelang hervorragend. Bei den Senioren II erreichten sie das Halbfinale und wie beim ersten C-Start am Vortag wieder einen tollen 8. Platz. In ihrer eigentlichen Altersgruppe, den Senioren III zeigten sie dann auch gleich, da\u00df der Aufstieg kein Zufall war. Sie erreichten locker das Finale und ertanzten sich dort mit dem hervorragenden 5. Platz bereits die erste Platzierung f\u00fcr den n\u00e4chsten Aufstieg. Die Beiden holten sich somit an einem Wochenende bei sage und schreibe f\u00fcnf Turnierstarts 3 Platzierungen und einen Aufstieg und sind auch in der neuen Klasse gleich \u201evoll mit dabei\u201c.<\/p>\n\n\n\n<div class=\"wp-block-image\"><figure class=\"alignright is-resized\"><img loading=\"lazy\" decoding=\"async\" src=\"https:\/\/tanzen-weilheim.de\/cms\/wp-content\/uploads\/2019\/10\/Zoubek-Sen-III-D-Samstag.jpg\" alt=\"\" class=\"wp-image-14180\" width=\"428\" height=\"321\" srcset=\"https:\/\/tanzen-weilheim.de\/cms\/wp-content\/uploads\/2019\/10\/Zoubek-Sen-III-D-Samstag.jpg 1024w, https:\/\/tanzen-weilheim.de\/cms\/wp-content\/uploads\/2019\/10\/Zoubek-Sen-III-D-Samstag-960x720.jpg 960w, https:\/\/tanzen-weilheim.de\/cms\/wp-content\/uploads\/2019\/10\/Zoubek-Sen-III-D-Samstag-768x576.jpg 768w, https:\/\/tanzen-weilheim.de\/cms\/wp-content\/uploads\/2019\/10\/Zoubek-Sen-III-D-Samstag-400x300.jpg 400w\" sizes=\"auto, (max-width: 428px) 100vw, 428px\" \/><figcaption>Sen II D Std; 3. Platz und Aufstieg in die C f\u00fcr G\u00fcnter und Gerlinde Zoubek<\/figcaption><\/figure><\/div>\n\n\n\n<p>Die Abteilung gratuliert allen Paaren zu den starken Leistungen und freut sich sehr dar\u00fcber!<\/p>\n\n\n\n<p>27.10.2019\/tk<\/p>\n\n\n\n<p style=\"font-size:8px\"> Foto&#8217;s:  peter-vollmann-photography   und privat<\/p>\n","protected":false},"excerpt":{"rendered":"<p>Weilheim \/ Gammelsdorf \/ M\u00fcnchen. Der Oktober ist wirklich eine tolle Zeit f\u00fcr die Tanzpaare der Tanzsportabteilung des TSV 1847 Weilheim e.V. (TSA).<\/p>\n","protected":false},"author":17,"featured_media":14207,"comment_status":"closed","ping_status":"closed","sticky":false,"template":"","format":"standard","meta":{"_jetpack_memberships_contains_paid_content":false,"footnotes":""},"categories":[1],"tags":[],"class_list":["post-14176","post","type-post","status-publish","format-standard","has-post-thumbnail","hentry","category-allgemein"],"jetpack_featured_media_url":"https:\/\/tanzen-weilheim.de\/cms\/wp-content\/uploads\/2019\/11\/Diana_Lennart_LM_2019_Savoy_1.jpg","jetpack_sharing_enabled":true,"_links":{"self":[{"href":"https:\/\/tanzen-weilheim.de\/cms\/wp-json\/wp\/v2\/posts\/14176","targetHints":{"allow":["GET"]}}],"collection":[{"href":"https:\/\/tanzen-weilheim.de\/cms\/wp-json\/wp\/v2\/posts"}],"about":[{"href":"https:\/\/tanzen-weilheim.de\/cms\/wp-json\/wp\/v2\/types\/post"}],"author":[{"embeddable":true,"href":"https:\/\/tanzen-weilheim.de\/cms\/wp-json\/wp\/v2\/users\/17"}],"replies":[{"embeddable":true,"href":"https:\/\/tanzen-weilheim.de\/cms\/wp-json\/wp\/v2\/comments?post=14176"}],"version-history":[{"count":9,"href":"https:\/\/tanzen-weilheim.de\/cms\/wp-json\/wp\/v2\/posts\/14176\/revisions"}],"predecessor-version":[{"id":14599,"href":"https:\/\/tanzen-weilheim.de\/cms\/wp-json\/wp\/v2\/posts\/14176\/revisions\/14599"}],"wp:featuredmedia":[{"embeddable":true,"href":"https:\/\/tanzen-weilheim.de\/cms\/wp-json\/wp\/v2\/media\/14207"}],"wp:attachment":[{"href":"https:\/\/tanzen-weilheim.de\/cms\/wp-json\/wp\/v2\/media?parent=14176"}],"wp:term":[{"taxonomy":"category","embeddable":true,"href":"https:\/\/tanzen-weilheim.de\/cms\/wp-json\/wp\/v2\/categories?post=14176"},{"taxonomy":"post_tag","embeddable":true,"href":"https:\/\/tanzen-weilheim.de\/cms\/wp-json\/wp\/v2\/tags?post=14176"}],"curies":[{"name":"wp","href":"https:\/\/api.w.org\/{rel}","templated":true}]}}