{"id":14134,"date":"2019-10-13T07:40:47","date_gmt":"2019-10-13T05:40:47","guid":{"rendered":"http:\/\/tanzen-weilheim.de\/cms\/?p=14134"},"modified":"2020-01-21T11:16:11","modified_gmt":"2020-01-21T10:16:11","slug":"thomas-koterba-und-renee-rothboeck-in-bilbao","status":"publish","type":"post","link":"https:\/\/tanzen-weilheim.de\/cms\/14134\/thomas-koterba-und-renee-rothboeck-in-bilbao","title":{"rendered":"Thomas Koterba und Ren\u00e9e Rothb\u00f6ck in Bilbao"},"content":{"rendered":"\n<p><strong>Erste Teilnahme an einer <a href=\"https:\/\/www.worlddancesport.org\/Event\/Competition\/World_Championship-Bilbao-22091\/Senior_III-Standard-54114\/Ranking\">Tanzsport-Weltmeisterschaft<\/a> f\u00fcr ein Paar des TSV 1847 Weilheim e.V.<\/strong><\/p>\n\n\n\n<!--more-->\n\n\n\n<p> Nach dem zweiten Saisonh\u00f6hepunkt mit dem Deutschlandpokal Ende September stand nun f\u00fcr Thomas Koterba und Ren\u00e9e Rothb\u00f6ck am vergangenen Freitag, den 11.10.2019 das absolute Saison-Highlight auf dem Plan. <\/p>\n\n\n\n<p>Zum ersten Mal in der Geschichte der Tanzsportabteilung des TSV 1847 Weilheim e.V. nahm mit Thomas und Ren\u00e9e ein Paar aus Weilheim an einer offiziellen Weltmeisterschaft der WDSF (World Dance Sport Federation, Mitglied im Internationalen Olympischen Komitee IOC) teil. Die Ausrichtung der Weltmeisterschaft der Senioren III (ein Partner \u00fcber 50 Jahre, der zweite \u00fcber 55) in den Standardt\u00e4nzen wurde in diesem Jahr dem spanischen Tanzsportverband \u00fcbertragen und in <a href=\"https:\/\/de.wikipedia.org\/wiki\/Bilbao\">Bilbao<\/a>, der Hauptstadt des nordspanischen Baskenlandes ausgetragen.<\/p>\n\n\n\n<p>\u00dcber die Landesmeisterschaften in Bayern, diverse Ranglistenturniere bundesweit und die Teilnahme am Deutschlandpokal (so hei\u00dft bei den Senioren III die Deutsche Meisterschaft) haben sich die zwei einer eigentlich unzureichenden Vorbereitung (hartn\u00e4ckig krankheitsbedingt) zum Trotz f\u00fcr die Teilnahme an dieser Weltmeisterschaft qualifiziert. Auch wenn die Aussichten aufgrund dieses Makels nicht \u00fcberragend waren, lie\u00dfen sich die beiden dieses Highlight nicht entgehen und schrieben so ein kleines St\u00fcck Abteilungsgeschichte. <\/p>\n\n\n\n<div class=\"wp-block-image\"><figure class=\"alignleft is-resized\"><img loading=\"lazy\" decoding=\"async\" src=\"https:\/\/tanzen-weilheim.de\/cms\/wp-content\/uploads\/2019\/10\/Koterba-Rothb\u00f6ck-06.jpg\" alt=\"\" class=\"wp-image-14135\" width=\"235\" height=\"352\" srcset=\"https:\/\/tanzen-weilheim.de\/cms\/wp-content\/uploads\/2019\/10\/Koterba-Rothb\u00f6ck-06.jpg 683w, https:\/\/tanzen-weilheim.de\/cms\/wp-content\/uploads\/2019\/10\/Koterba-Rothb\u00f6ck-06-640x960.jpg 640w, https:\/\/tanzen-weilheim.de\/cms\/wp-content\/uploads\/2019\/10\/Koterba-Rothb\u00f6ck-06-400x600.jpg 400w\" sizes=\"auto, (max-width: 235px) 100vw, 235px\" \/><figcaption>Thomas &amp; Ren\u00e8e<\/figcaption><\/figure><\/div>\n\n\n\n<p>Bis in der 6. Gruppe des ersten Tanzes der Vorrunde Thomas und Ren\u00e9e mit ihrem Langsamen Walzer starteten, hatte vorher noch nie ein Weilheimer Paar sich einer solchen Herausforderung gestellt bzw. stellen k\u00f6nnen und d\u00fcrfen. Und diese Herausforderung betrifft ja nicht nur die Vorbereitung, sondern eine ganze Menge mehr, von den Beantragungen der Auslandsstartgenehmigung beim Deutschen Tanzsportverband e.V. (DTV, Mitglied im Deutschen Olympischen Sportbund) \u00fcber Flugbuchungen, Hotelrecherchen bis zur Frage, ob der Arbeitgeber daf\u00fcr Urlaub genehmigt, oder wie genau man vom Flughafen in die Innenstadt oder vom Hotel zur Sportst\u00e4tte kommt etc. Und nicht zuletzt sind hier auch die Kosten nicht unerheblich, die in diesem Sport komplett von den Paaren selber getragen werden m\u00fcssen. Aber zusammen mit ihren Tanzsportfreunden Raimund und Ulla Wilhelm vom WBC 84 Memmingen e.V. arbeiteten sie alle diese H\u00fcrden ab und flogen voller Freude gemeinsam ins mit ca. 30\u00b0 noch hochsommerlich warme Bilbao. <\/p>\n\n\n\n<div class=\"wp-block-image\"><figure class=\"alignright is-resized\"><img loading=\"lazy\" decoding=\"async\" src=\"https:\/\/tanzen-weilheim.de\/cms\/wp-content\/uploads\/2019\/10\/Thomas_Ulla_WM_2019.jpg\" alt=\"\" class=\"wp-image-14136\" width=\"297\" height=\"469\" srcset=\"https:\/\/tanzen-weilheim.de\/cms\/wp-content\/uploads\/2019\/10\/Thomas_Ulla_WM_2019.jpg 589w, https:\/\/tanzen-weilheim.de\/cms\/wp-content\/uploads\/2019\/10\/Thomas_Ulla_WM_2019-379x600.jpg 379w\" sizes=\"auto, (max-width: 297px) 100vw, 297px\" \/><figcaption>Thomas &amp; Ren\u00e9e (TSA Weilheim) mit  <br>Ulla &amp; Reimund Wilhelm ( WBC 84 Memmingen)<\/figcaption><\/figure><\/div>\n\n\n\n<p>Sie stellten sich dem neunk\u00f6pfigen internationalen Wertungsgericht und landeten nach Vorrunde und Redance auf dem 134. (Raimund und Ulla) bzw. 128. Platz (Thomas und Ren\u00e9e). Angesichts der Vorbereitungsprobleme sowie auch der sehr hohen Qualit\u00e4t des Startfeldes konnten beide Paare damit sehr zufrieden sein und waren es sichtlich auch. <\/p>\n\n\n\n<p>Am h\u00f6chstrangigen Wettbewerb eines Sportes allein teilnehmen zu k\u00f6nnen, das ist schon etwas ganz besonderes! Und so nahmen alle vier (die in Begleitung einer kleinen Fan-Kolonie aus Verwandt- und Bekanntschaft dort starteten) das Ganze absolut sportlich-olympisch und waren \u00fcbergl\u00fccklich \u00fcber dieses Highlight im Sportlerleben. <\/p>\n\n\n\n<p>Ein solches internationales und hochklassiges Turnier l\u00e4uft auch etwas anders ab, als ein normales Sportturnier in Deutschland, so ist z.B. zwar die Tanzfl\u00e4che etwas gr\u00f6\u00dfer, daf\u00fcr starten aber nicht \u2013 wie bei uns \u2013&nbsp; nur 6 Paare gleichzeitig, sondern 12 oder manchmal auch noch mehr Paare. <\/p>\n\n\n\n<div class=\"wp-block-file\"><a href=\"https:\/\/tanzen-weilheim.de\/cms\/wp-content\/uploads\/2019\/10\/LW_WM_2019.mp4\">Hier ein Blick auf den Langsamer Walzer <\/a><\/div>\n\n\n\n<div class=\"wp-block-file\"><a href=\"https:\/\/tanzen-weilheim.de\/cms\/wp-content\/uploads\/2019\/10\/SL_WM_2019.mp4\">und den  Slow Fox <\/a><\/div>\n\n\n\n<p>Kollisionen lassen sich dabei dann zwar nicht g\u00e4nzlich vermeiden, aber durch die sehr hohe Qualit\u00e4t der Teilnehmer und das wirklich tolle, sportliche Miteinander \u00fcber Sprach- und L\u00e4ndergrenzen hinweg macht das wirklich viel, viel Freude! Und das Gef\u00fchl, beim Einmarsch f\u00fcr Deutschland anzutreten (\u201eThomas Koterba and Ren\u00e9e Rothb\u00f6ck, representing Germany\u2026\u201c) und sich mit den Besten der Besten zu messen, das ist auch ein ganz tolles Gef\u00fchl.<\/p>\n\n\n\n<div class=\"wp-block-image\"><figure class=\"alignleft is-resized\"><img loading=\"lazy\" decoding=\"async\" src=\"https:\/\/tanzen-weilheim.de\/cms\/wp-content\/uploads\/2019\/10\/WM_2019_Gruppenfoto_1-1.jpg\" alt=\"\" class=\"wp-image-14137\" width=\"443\" height=\"214\" srcset=\"https:\/\/tanzen-weilheim.de\/cms\/wp-content\/uploads\/2019\/10\/WM_2019_Gruppenfoto_1-1.jpg 1024w, https:\/\/tanzen-weilheim.de\/cms\/wp-content\/uploads\/2019\/10\/WM_2019_Gruppenfoto_1-1-960x466.jpg 960w, https:\/\/tanzen-weilheim.de\/cms\/wp-content\/uploads\/2019\/10\/WM_2019_Gruppenfoto_1-1-768x373.jpg 768w, https:\/\/tanzen-weilheim.de\/cms\/wp-content\/uploads\/2019\/10\/WM_2019_Gruppenfoto_1-1-400x194.jpg 400w\" sizes=\"auto, (max-width: 443px) 100vw, 443px\" \/><figcaption>das Deutsche Team in Bilbao<\/figcaption><\/figure><\/div>\n\n\n\n<p>Ganz\nnebenbei ist auch Bilbao als Stadt wundersch\u00f6n und allemal eine Reise wert, was\nalle acht in den noch angeh\u00e4ngten 2 Wochenendtagen ausgiebig nutzen.\nWeltmeister wurden v\u00f6llig verdient Moreno Carnelli und Michela Saggiorato aus\nItalien vor den deutschen Meistern Thomas und Susanne Schmidt aus Berlin und\nAldo Mazzi und Roberta Pisacane, ebenfalls aus Italien, das mit 55 Paaren das\ngr\u00f6\u00dfte Startkontingent stellte, gefolgt von Deutschland mit 34 Paaren.\nInsgesamt waren knapp 180 Paare aus 23 L\u00e4ndern dieser Erde gemeldet, wobei es\nkurz vor dem Start noch ein paar Absagen gab.<\/p>\n\n\n\n<p>Die Abteilung gratuliert den beiden zu dem tollen Ergebnis und freut sich sehr \u00fcber diesen Meilenstein in der Abteilungsgeschichte!<\/p>\n\n\n\n<p><\/p>\n","protected":false},"excerpt":{"rendered":"<p>Erste Teilnahme an einer Tanzsport-Weltmeisterschaft f\u00fcr ein Paar des TSV 1847 Weilheim e.V.<\/p>\n","protected":false},"author":17,"featured_media":14115,"comment_status":"closed","ping_status":"closed","sticky":false,"template":"","format":"standard","meta":{"_jetpack_memberships_contains_paid_content":false,"footnotes":""},"categories":[1],"tags":[],"class_list":["post-14134","post","type-post","status-publish","format-standard","has-post-thumbnail","hentry","category-allgemein"],"jetpack_featured_media_url":"https:\/\/tanzen-weilheim.de\/cms\/wp-content\/uploads\/2019\/10\/Renee_Thomas_WM2019.jpg","jetpack_sharing_enabled":true,"_links":{"self":[{"href":"https:\/\/tanzen-weilheim.de\/cms\/wp-json\/wp\/v2\/posts\/14134","targetHints":{"allow":["GET"]}}],"collection":[{"href":"https:\/\/tanzen-weilheim.de\/cms\/wp-json\/wp\/v2\/posts"}],"about":[{"href":"https:\/\/tanzen-weilheim.de\/cms\/wp-json\/wp\/v2\/types\/post"}],"author":[{"embeddable":true,"href":"https:\/\/tanzen-weilheim.de\/cms\/wp-json\/wp\/v2\/users\/17"}],"replies":[{"embeddable":true,"href":"https:\/\/tanzen-weilheim.de\/cms\/wp-json\/wp\/v2\/comments?post=14134"}],"version-history":[{"count":15,"href":"https:\/\/tanzen-weilheim.de\/cms\/wp-json\/wp\/v2\/posts\/14134\/revisions"}],"predecessor-version":[{"id":14614,"href":"https:\/\/tanzen-weilheim.de\/cms\/wp-json\/wp\/v2\/posts\/14134\/revisions\/14614"}],"wp:featuredmedia":[{"embeddable":true,"href":"https:\/\/tanzen-weilheim.de\/cms\/wp-json\/wp\/v2\/media\/14115"}],"wp:attachment":[{"href":"https:\/\/tanzen-weilheim.de\/cms\/wp-json\/wp\/v2\/media?parent=14134"}],"wp:term":[{"taxonomy":"category","embeddable":true,"href":"https:\/\/tanzen-weilheim.de\/cms\/wp-json\/wp\/v2\/categories?post=14134"},{"taxonomy":"post_tag","embeddable":true,"href":"https:\/\/tanzen-weilheim.de\/cms\/wp-json\/wp\/v2\/tags?post=14134"}],"curies":[{"name":"wp","href":"https:\/\/api.w.org\/{rel}","templated":true}]}}