{"id":14043,"date":"2019-09-28T23:28:39","date_gmt":"2019-09-28T21:28:39","guid":{"rendered":"http:\/\/tanzen-weilheim.de\/cms\/?p=14043"},"modified":"2020-01-21T11:16:56","modified_gmt":"2020-01-21T10:16:56","slug":"die-tsa-ist-erstmals-seit-2008-wieder-auf-einer-deutschen-meisterschaft-vertreten","status":"publish","type":"post","link":"https:\/\/tanzen-weilheim.de\/cms\/14043\/die-tsa-ist-erstmals-seit-2008-wieder-auf-einer-deutschen-meisterschaft-vertreten","title":{"rendered":"Die TSA ist erstmals seit 2008 wieder auf einer Deutschen Meisterschaft vertreten!"},"content":{"rendered":"\n<!--more-->\n\n\n\n<p>Trotz krankheitsbedingt nur unzureichender Vorbereitung fuhren Thomas Koterba und Ren\u00e9e Rothb\u00f6ck am letzten September-Samstag aufgeregt und voller Freude an den Bodensee nach Friedrichshafen-Ettenkirch. Der Grund f\u00fcr die Freude und die Aufregung war klar: Es war die erste Deutsche Meisterschaft f\u00fcr das S-Klasse-Paar der Tanzsportabteilung des TSV 1847 Weilheim e. V. (TSA), die in der Altersklasse der Senioren III (ein Partner \u00fcber 50, der zweite \u00fcber 55 Jahre) den Titel \u201eDeutschlandpokal\u201c tr\u00e4gt. <\/p>\n\n\n\n<p>Der ATC Graf Zeppelin Friedrichshafen hat sich f\u00fcr die Ausrichtung dieses <a href=\"http:\/\/www.atc-grafzeppelin.de\/tur\/2019DP\/index.htm\">Deutschlandpokales<\/a> m\u00e4chtig ins Zeug gelegt; es war eine rundum gelungene und sehr angenehme Veranstaltung. Eine tolle, luftig-helle Halle mit bester Infrastruktur f\u00fcr ein solches Tanzsport-Highlight, zu dem \u00fcber 100 der besten Paare aus ganz Deutschland teilnahmen. Die Stimmung und die sportliche Fairness unter den Paaren waren ausgezeichnet; man kennt sich weitgehend und freut sich, miteinander zu tanzen und die Besten des Jahres zu ermitteln. Nach der Vorrunde wurde ein Fahneneinmarsch mit den Flaggen der 16 Bundesl\u00e4nder und den diese repr\u00e4sentierenden Paaren zelebriert, der von kurzen Begr\u00fc\u00dfungsworten der Vertreterin der Stadt Friedrichshafen und des Vertreters des Deutschen Tanzsportverbandes DTV gefolgt wurde. Dann wurde f\u00fcr alle Paare die Deutsche Nationalhymne gesungen und gespielt; schon ein bewegender Augenblick, gerade beim ersten Mal. Noch ein Gruppenbild, tolle Begr\u00fc\u00dfungsgeschenken f\u00fcr alle Paare und schon ging\u00b4s weiter. <\/p>\n\n\n\n<div class=\"wp-block-image\"><figure class=\"aligncenter is-resized\"><img loading=\"lazy\" decoding=\"async\" src=\"https:\/\/tanzen-weilheim.de\/cms\/wp-content\/uploads\/2019\/06\/Koterba-Rothb\u00f6ck-12a-2490x3840.jpg\" alt=\"\" class=\"wp-image-13296\" width=\"258\" height=\"398\" srcset=\"https:\/\/tanzen-weilheim.de\/cms\/wp-content\/uploads\/2019\/06\/Koterba-Rothb\u00f6ck-12a-2490x3840.jpg 2490w, https:\/\/tanzen-weilheim.de\/cms\/wp-content\/uploads\/2019\/06\/Koterba-Rothb\u00f6ck-12a-622x960.jpg 622w, https:\/\/tanzen-weilheim.de\/cms\/wp-content\/uploads\/2019\/06\/Koterba-Rothb\u00f6ck-12a-1245x1920.jpg 1245w, https:\/\/tanzen-weilheim.de\/cms\/wp-content\/uploads\/2019\/06\/Koterba-Rothb\u00f6ck-12a-768x1185.jpg 768w, https:\/\/tanzen-weilheim.de\/cms\/wp-content\/uploads\/2019\/06\/Koterba-Rothb\u00f6ck-12a-389x600.jpg 389w\" sizes=\"auto, (max-width: 258px) 100vw, 258px\" \/><figcaption>Thomas &amp; Ren\u00e8e<\/figcaption><\/figure><\/div>\n\n\n\n<p>Thomas und Ren\u00e9e  konnten sich im Fr\u00fchjahr\/Sommer leider aufgrund einer hartn\u00e4ckigen Erkrankung nicht optimal auf diesen zweiten von drei Saisonh\u00f6hepunkten vorbereiten, qualifizierten sich aber dennoch \u00fcber eine Reihe von Ranglistenturnieren, sowie die Bayerische Meisterschaft im Juni erfolgreich f\u00fcr die \u201eDeutsche\u201c und erreichten dort auch klar und eindeutig die zweite Runde. Weiter ging\u00b4s diesmal leider noch nicht, sie beendeten ihre erste gemeinsame Deutsche Meisterschaft mit einem respektablen 82. Rang. Beide genossen das Turnier und die tolle, kameradschaftliche Stimmung sehr und nahmen es quasi mit auch als Vorbereitung f\u00fcr den dritten und bedeutsamsten Saisonh\u00f6hepunkt, die Weltmeisterschaften der Senioren III Mitte Oktober im spanischen Bilbao. Damit wird die TSA zum ersten Mal in ihrer Geschichte an einer offiziellen Weltmeisterschaft des Welt-Tanzsport-Verbandes WDSF (World Dance Sport Federation) teilnehmen, was nat\u00fcrlich auch f\u00fcr die Abteilung ein bedeutsames Ereignis darstellt.<\/p>\n\n\n\n<p>Foto&#8217;s: privat<\/p>\n","protected":false},"excerpt":{"rendered":"","protected":false},"author":17,"featured_media":14050,"comment_status":"closed","ping_status":"closed","sticky":false,"template":"","format":"standard","meta":{"_jetpack_memberships_contains_paid_content":false,"footnotes":""},"categories":[1],"tags":[],"class_list":["post-14043","post","type-post","status-publish","format-standard","has-post-thumbnail","hentry","category-allgemein"],"jetpack_featured_media_url":"https:\/\/tanzen-weilheim.de\/cms\/wp-content\/uploads\/2019\/09\/Gruppenbild-DP.jpg","jetpack_sharing_enabled":true,"_links":{"self":[{"href":"https:\/\/tanzen-weilheim.de\/cms\/wp-json\/wp\/v2\/posts\/14043","targetHints":{"allow":["GET"]}}],"collection":[{"href":"https:\/\/tanzen-weilheim.de\/cms\/wp-json\/wp\/v2\/posts"}],"about":[{"href":"https:\/\/tanzen-weilheim.de\/cms\/wp-json\/wp\/v2\/types\/post"}],"author":[{"embeddable":true,"href":"https:\/\/tanzen-weilheim.de\/cms\/wp-json\/wp\/v2\/users\/17"}],"replies":[{"embeddable":true,"href":"https:\/\/tanzen-weilheim.de\/cms\/wp-json\/wp\/v2\/comments?post=14043"}],"version-history":[{"count":7,"href":"https:\/\/tanzen-weilheim.de\/cms\/wp-json\/wp\/v2\/posts\/14043\/revisions"}],"predecessor-version":[{"id":14615,"href":"https:\/\/tanzen-weilheim.de\/cms\/wp-json\/wp\/v2\/posts\/14043\/revisions\/14615"}],"wp:featuredmedia":[{"embeddable":true,"href":"https:\/\/tanzen-weilheim.de\/cms\/wp-json\/wp\/v2\/media\/14050"}],"wp:attachment":[{"href":"https:\/\/tanzen-weilheim.de\/cms\/wp-json\/wp\/v2\/media?parent=14043"}],"wp:term":[{"taxonomy":"category","embeddable":true,"href":"https:\/\/tanzen-weilheim.de\/cms\/wp-json\/wp\/v2\/categories?post=14043"},{"taxonomy":"post_tag","embeddable":true,"href":"https:\/\/tanzen-weilheim.de\/cms\/wp-json\/wp\/v2\/tags?post=14043"}],"curies":[{"name":"wp","href":"https:\/\/api.w.org\/{rel}","templated":true}]}}