{"id":14040,"date":"2019-09-30T09:59:30","date_gmt":"2019-09-30T07:59:30","guid":{"rendered":"http:\/\/tanzen-weilheim.de\/cms\/?p=14040"},"modified":"2020-01-20T14:44:06","modified_gmt":"2020-01-20T13:44:06","slug":"lets-dance-workshop-in-bad-woerishofen","status":"publish","type":"post","link":"https:\/\/tanzen-weilheim.de\/cms\/14040\/lets-dance-workshop-in-bad-woerishofen","title":{"rendered":"Let&#8217;s dance Workshop in Bad W\u00f6rishofen"},"content":{"rendered":"\n<p>Der LTVB pr\u00e4sentierte, am 29.09.2019, in Zusammenarbeit mit dem TSC 71 Bad W\u00f6rishofen, den Let&#8217;s Dance Profi Marta Arndt.<\/p>\n\n\n\n<!--more-->\n\n\n\n<p>Marta Arndt zeigt normalerweise vor einem Millionenpublikum ihr K\u00f6nnen. Doch die Kneippst\u00e4dter (Bad W\u00f6rishofen) Tanzsportler erwiesen sich als Gl\u00fcckspilze und hatten die Weltmeisterin zu Gast.<\/p>\n\n\n\n<p>Let\u2019s Dance\u201c hie\u00df es dann in der Kneippstadt \u2013 zumindest ein bisschen. Zu Gast war Marta Arndt Profit\u00e4nzerin und Weltmeisterin von der gleichnamigen Fernseh-Tanzshow. <\/p>\n\n\n\n<p>Christopher Roth und und Victoria May aus der TSA im TSV 1847 Weilheim e.V. waren sofort begeistert von der Idee bei Marta Arndt einen Workshop mitzumachen. Sie hatten  sich daher sofort nach der Ver\u00f6ffentlichung des Workshops f\u00fcr eine Teilnahme beworben.  Die Freude war riesig, als sie eine Zusage bekamen.<\/p>\n\n\n\n<p>Voller Spannung und Vorfreude fuhren die Beiden am vergangenen Sonntag nach Bad W\u00f6rishofen. Es wurde noch besser, als sich die Zwei es vorstellen konnte &#8211; Marta zeigte sich als  ein Profi zum Anfassen &#8211; eine total super nette, aufgeweckte Frau, die es versteht die Teilnehmer so richtig zu motivieren.<\/p>\n\n\n\n<div class=\"wp-block-image\"><figure class=\"aligncenter is-resized\"><img loading=\"lazy\" decoding=\"async\" src=\"https:\/\/tanzen-weilheim.de\/cms\/wp-content\/uploads\/2019\/09\/Bad-W\u00f6rishofen_2019.jpg\" alt=\"\" class=\"wp-image-14041\" width=\"325\" height=\"433\" srcset=\"https:\/\/tanzen-weilheim.de\/cms\/wp-content\/uploads\/2019\/09\/Bad-W\u00f6rishofen_2019.jpg 1024w, https:\/\/tanzen-weilheim.de\/cms\/wp-content\/uploads\/2019\/09\/Bad-W\u00f6rishofen_2019-720x960.jpg 720w, https:\/\/tanzen-weilheim.de\/cms\/wp-content\/uploads\/2019\/09\/Bad-W\u00f6rishofen_2019-768x1024.jpg 768w, https:\/\/tanzen-weilheim.de\/cms\/wp-content\/uploads\/2019\/09\/Bad-W\u00f6rishofen_2019-400x533.jpg 400w\" sizes=\"auto, (max-width: 325px) 100vw, 325px\" \/><figcaption>Viktoria, Marta und Chris <\/figcaption><\/figure><\/div>\n\n\n\n<p>In Latein wurde eine kleine Rumba-Folge einstudiert.  &#8222;Ich durfte mit Marta vortanzen &#8211; ich hatte eine Weltmeisterin in den Armen&#8220;, berichtete Chris mit einem Leuchten in den Augen. Auch Viktoria strahlte \u00fcber das ganze Gesicht, als Marta meinte &#8222;ihr tanzt doch schon Turnier&#8220;. Ein so gro\u00dfes Lob aus dem Munde einer Weltmeisterin l\u00e4sst einen schon beinahe \u00fcber die Tanzfl\u00e4che schweben.<\/p>\n\n\n\n<p>In Standard wurde eine kleine Langsamen Walzer-Folge einstudiert. Das Lustige daran war, dass das genau die gleiche Folge war, die Chris seiner neuen Tanzpartnerin Victoria die letzten Wochen beigebracht hatte, so dass das eine spitzen Erg\u00e4nzung f\u00fcr die Beiden war.<\/p>\n\n\n\n<p>Chris und Victoria  fanden es einfach &#8222;mega&#8220; und sind dankbar, dass sie mitmachen durften.<br>Auf diesem Wege ein herzliches Dankesch\u00f6n der Beiden an den TSC 71 Bad W\u00f6rishofen, dass sie so herzlich von den Kneippst\u00e4dter empfangen wurden &#8211; es war eine super sch\u00f6ne Veranstaltung.<\/p>\n","protected":false},"excerpt":{"rendered":"<p>Der LTVB pr\u00e4sentierte, am 29.09.2019, in Zusammenarbeit mit dem TSC 71 Bad W\u00f6rishofen, den Let&#8217;s Dance Profi Marta Arndt.<\/p>\n","protected":false},"author":19,"featured_media":14041,"comment_status":"closed","ping_status":"closed","sticky":false,"template":"","format":"standard","meta":{"_jetpack_memberships_contains_paid_content":false,"footnotes":""},"categories":[1],"tags":[],"class_list":["post-14040","post","type-post","status-publish","format-standard","has-post-thumbnail","hentry","category-allgemein"],"jetpack_featured_media_url":"https:\/\/tanzen-weilheim.de\/cms\/wp-content\/uploads\/2019\/09\/Bad-W\u00f6rishofen_2019.jpg","jetpack_sharing_enabled":true,"_links":{"self":[{"href":"https:\/\/tanzen-weilheim.de\/cms\/wp-json\/wp\/v2\/posts\/14040","targetHints":{"allow":["GET"]}}],"collection":[{"href":"https:\/\/tanzen-weilheim.de\/cms\/wp-json\/wp\/v2\/posts"}],"about":[{"href":"https:\/\/tanzen-weilheim.de\/cms\/wp-json\/wp\/v2\/types\/post"}],"author":[{"embeddable":true,"href":"https:\/\/tanzen-weilheim.de\/cms\/wp-json\/wp\/v2\/users\/19"}],"replies":[{"embeddable":true,"href":"https:\/\/tanzen-weilheim.de\/cms\/wp-json\/wp\/v2\/comments?post=14040"}],"version-history":[{"count":4,"href":"https:\/\/tanzen-weilheim.de\/cms\/wp-json\/wp\/v2\/posts\/14040\/revisions"}],"predecessor-version":[{"id":14603,"href":"https:\/\/tanzen-weilheim.de\/cms\/wp-json\/wp\/v2\/posts\/14040\/revisions\/14603"}],"wp:featuredmedia":[{"embeddable":true,"href":"https:\/\/tanzen-weilheim.de\/cms\/wp-json\/wp\/v2\/media\/14041"}],"wp:attachment":[{"href":"https:\/\/tanzen-weilheim.de\/cms\/wp-json\/wp\/v2\/media?parent=14040"}],"wp:term":[{"taxonomy":"category","embeddable":true,"href":"https:\/\/tanzen-weilheim.de\/cms\/wp-json\/wp\/v2\/categories?post=14040"},{"taxonomy":"post_tag","embeddable":true,"href":"https:\/\/tanzen-weilheim.de\/cms\/wp-json\/wp\/v2\/tags?post=14040"}],"curies":[{"name":"wp","href":"https:\/\/api.w.org\/{rel}","templated":true}]}}