{"id":13963,"date":"2019-09-23T07:52:15","date_gmt":"2019-09-23T05:52:15","guid":{"rendered":"http:\/\/tanzen-weilheim.de\/cms\/?p=13963"},"modified":"2020-01-20T14:46:50","modified_gmt":"2020-01-20T13:46:50","slug":"ranglistenwochenende-im-mainzer-schloss","status":"publish","type":"post","link":"https:\/\/tanzen-weilheim.de\/cms\/13963\/ranglistenwochenende-im-mainzer-schloss","title":{"rendered":"Ranglistenwochenende im Mainzer Schloss"},"content":{"rendered":"\n<p>Das Kurf\u00fcrstliche Schloss zu Mainz bot mit seinem Renaissance-Stil ein w\u00fcrdiges Ambiente f\u00fcr gleich zwei Ranglistenturniere, die der Tanz-Club Rot-Weiss Casino Mainz ausrichtete. <\/p>\n\n\n\n<!--more-->\n\n\n\n<p>Gro\u00dfe Startfelder und hochkar\u00e4tige Paare sorgten daf\u00fcr, dass das Publikum bei den Turnieren der Senioren II und III S-Standard einiges geboten bekam. <\/p>\n\n\n\n<p>Bernd &amp; Angela St\u00fchler nutzten die Chance, in diesem herrlichen Ambiente, gleich 2 Ranglistenturniere zu tanzen.<\/p>\n\n\n\n<figure class=\"wp-block-image\"><img loading=\"lazy\" decoding=\"async\" width=\"2756\" height=\"3840\" src=\"https:\/\/tanzen-weilheim.de\/cms\/wp-content\/uploads\/2019\/09\/St\u00fchler-3_2019_bearb-2756x3840.jpg\" alt=\"\" class=\"wp-image-13989\" srcset=\"https:\/\/tanzen-weilheim.de\/cms\/wp-content\/uploads\/2019\/09\/St\u00fchler-3_2019_bearb-2756x3840.jpg 2756w, https:\/\/tanzen-weilheim.de\/cms\/wp-content\/uploads\/2019\/09\/St\u00fchler-3_2019_bearb-689x960.jpg 689w, https:\/\/tanzen-weilheim.de\/cms\/wp-content\/uploads\/2019\/09\/St\u00fchler-3_2019_bearb-1378x1920.jpg 1378w, https:\/\/tanzen-weilheim.de\/cms\/wp-content\/uploads\/2019\/09\/St\u00fchler-3_2019_bearb-768x1070.jpg 768w, https:\/\/tanzen-weilheim.de\/cms\/wp-content\/uploads\/2019\/09\/St\u00fchler-3_2019_bearb-400x557.jpg 400w\" sizes=\"auto, (max-width: 2756px) 100vw, 2756px\" \/><figcaption>Bernd &amp; Angela <\/figcaption><\/figure>\n\n\n\n<p>Gestartet wurde am Samstagmittag mit 87 Paaren der Senioren II S-Standard (ein Partner \u00fcber 40 Jahre, der andere \u00fcber 45) . <br>Mit teilweise 8 Paaren auf der relative kleinen Fl\u00e4che war es nicht immer leicht seine Choreographie perfekt auf die Fl\u00e4che zubringen. Bernd &amp; Angela gaben ihr Bestes und ertanzten sich hier einen hervorragenden 29. Platz.<\/p>\n\n\n\n<p>Gleich am n\u00e4chsten Morgen ging es im Schloss mit dem zweiten Ranglistenturnier weiter &#8211; Bernd &amp; Angela waren wieder dabei. Von den gemeldeten Paaren der Senioren III S-Standard  (ein Partner \u00fcber 50 Jahre, der andere \u00fcber 55) traten 64 Paare an. Mit sechs Paaren pro Gruppe war zudem f\u00fcr alle genug Platz auf der Fl\u00e4che.<\/p>\n\n\n\n<p>Bernd &amp; Angela erreichten die 3. Zwischenrunde und konnten sich hier auf Platz 10 platzieren &#8211;  3. bestes Bayerisches Paar, damit sind Bernd &amp; Angela zufrieden und hoch motiviert am 28.09.2019 auf dem  <br><a href=\"https:\/\/www.atc-grafzeppelin.de\/cms\/28-sept-2019-deutschlandpokal-sen-iii-standard\/\">Deutschland Pokal der Sen III S<\/a>  an an den Start zu gehen. <\/p>\n\n\n\n<p>Gratulation, weiter so!<\/p>\n\n\n\n<p>Hier geht es zu den Ergebnisse der beiden <a href=\"https:\/\/www.tanzen-in-mainz.de\/index.php\/nachrichten2\/19-baelle-a-veranstaltungen\/953-ranglistenwochenende-im-mainzer-schloss\">Ranglistenturniere&nbsp;in&nbsp;Mainz.<\/a><\/p>\n\n\n\n<p>Foto&#8217;s: LTVB<\/p>\n","protected":false},"excerpt":{"rendered":"<p>Das Kurf\u00fcrstliche Schloss zu Mainz bot mit seinem Renaissance-Stil ein w\u00fcrdiges Ambiente f\u00fcr gleich zwei Ranglistenturniere, die der Tanz-Club Rot-Weiss Casino Mainz ausrichtete.<\/p>\n","protected":false},"author":19,"featured_media":13991,"comment_status":"closed","ping_status":"closed","sticky":false,"template":"","format":"standard","meta":{"_jetpack_memberships_contains_paid_content":false,"footnotes":""},"categories":[1],"tags":[],"class_list":["post-13963","post","type-post","status-publish","format-standard","has-post-thumbnail","hentry","category-allgemein"],"jetpack_featured_media_url":"https:\/\/tanzen-weilheim.de\/cms\/wp-content\/uploads\/2019\/09\/St\u00fchler-2_2019_bearb.jpg","jetpack_sharing_enabled":true,"_links":{"self":[{"href":"https:\/\/tanzen-weilheim.de\/cms\/wp-json\/wp\/v2\/posts\/13963","targetHints":{"allow":["GET"]}}],"collection":[{"href":"https:\/\/tanzen-weilheim.de\/cms\/wp-json\/wp\/v2\/posts"}],"about":[{"href":"https:\/\/tanzen-weilheim.de\/cms\/wp-json\/wp\/v2\/types\/post"}],"author":[{"embeddable":true,"href":"https:\/\/tanzen-weilheim.de\/cms\/wp-json\/wp\/v2\/users\/19"}],"replies":[{"embeddable":true,"href":"https:\/\/tanzen-weilheim.de\/cms\/wp-json\/wp\/v2\/comments?post=13963"}],"version-history":[{"count":12,"href":"https:\/\/tanzen-weilheim.de\/cms\/wp-json\/wp\/v2\/posts\/13963\/revisions"}],"predecessor-version":[{"id":14605,"href":"https:\/\/tanzen-weilheim.de\/cms\/wp-json\/wp\/v2\/posts\/13963\/revisions\/14605"}],"wp:featuredmedia":[{"embeddable":true,"href":"https:\/\/tanzen-weilheim.de\/cms\/wp-json\/wp\/v2\/media\/13991"}],"wp:attachment":[{"href":"https:\/\/tanzen-weilheim.de\/cms\/wp-json\/wp\/v2\/media?parent=13963"}],"wp:term":[{"taxonomy":"category","embeddable":true,"href":"https:\/\/tanzen-weilheim.de\/cms\/wp-json\/wp\/v2\/categories?post=13963"},{"taxonomy":"post_tag","embeddable":true,"href":"https:\/\/tanzen-weilheim.de\/cms\/wp-json\/wp\/v2\/tags?post=13963"}],"curies":[{"name":"wp","href":"https:\/\/api.w.org\/{rel}","templated":true}]}}