{"id":13707,"date":"2019-07-29T11:20:46","date_gmt":"2019-07-29T09:20:46","guid":{"rendered":"http:\/\/tanzen-weilheim.de\/cms\/?p=13707"},"modified":"2020-01-21T11:17:49","modified_gmt":"2020-01-21T10:17:49","slug":"pfaffenwinkelpokal-2019","status":"publish","type":"post","link":"https:\/\/tanzen-weilheim.de\/cms\/13707\/pfaffenwinkelpokal-2019","title":{"rendered":"Pfaffenwinkelpokal 2019"},"content":{"rendered":"\n<!--more-->\n\n\n\n<p><strong>Weilheim<\/strong>. Es ist seit einigen Jahren in Weilheim Tradition, dass die\nTSA im TSV 1847 Weilheim die Turniere um die sog. Pfaffenwinkelpokale\nausrichtet, dieses Jahr ein reines Leistungssport-Turnier. &nbsp;Wie jedes Jahr wurde mit der Auswahl der\nTurniere versucht m\u00f6glichst vielen TSA Paaren die Gelegenheit zu geben, vor\nheimischem Publikum zu tanzen. <\/p>\n\n\n\n<p>3 Tepperl-Pl\u00e4tze und 4 Final-Teilnahmen f\u00fcr die TSA Weilheim beim Pfaffenwinkelpokal 2019. Das ist die Ausbeute der Tanzsportabteilung des TSV 1847 Weilheim e.V. (TSA) beim Pfaffenwinkelpokal, der dieses Jahr wieder in der Stadthalle Weilheim ausgetragen wurde. &nbsp;Erfreulich war, dass dieses Jahr alle geplanten Startklassen durchgef\u00fchrt werden konnte, auch wenn es am Tag vor der Veranstaltung doch noch einige kurzfristige Absagen gab. <\/p>\n\n\n\n<div class=\"wp-block-image\"><figure class=\"aligncenter is-resized\"><img loading=\"lazy\" decoding=\"async\" src=\"https:\/\/tanzen-weilheim.de\/cms\/wp-content\/uploads\/2019\/07\/Pokal_Tassen_2019_be-1.jpg\" alt=\"\" class=\"wp-image-13673\" width=\"298\" height=\"231\" srcset=\"https:\/\/tanzen-weilheim.de\/cms\/wp-content\/uploads\/2019\/07\/Pokal_Tassen_2019_be-1.jpg 2955w, https:\/\/tanzen-weilheim.de\/cms\/wp-content\/uploads\/2019\/07\/Pokal_Tassen_2019_be-1-960x746.jpg 960w, https:\/\/tanzen-weilheim.de\/cms\/wp-content\/uploads\/2019\/07\/Pokal_Tassen_2019_be-1-1920x1492.jpg 1920w, https:\/\/tanzen-weilheim.de\/cms\/wp-content\/uploads\/2019\/07\/Pokal_Tassen_2019_be-1-768x597.jpg 768w, https:\/\/tanzen-weilheim.de\/cms\/wp-content\/uploads\/2019\/07\/Pokal_Tassen_2019_be-1-400x311.jpg 400w\" sizes=\"auto, (max-width: 298px) 100vw, 298px\" \/><figcaption>Pfaffenwinkel-Pokal 2019<\/figcaption><\/figure><\/div>\n\n\n\n<p>Hier die Gewinner der Pfaffenwinkel-Pokale 2019:<br><\/p>\n\n\n\n<p class=\"has-small-font-size\">SenIII D&nbsp;&nbsp;&nbsp;&nbsp;&nbsp;&nbsp;&nbsp;&nbsp; Georg &amp; Birgit Stockinger &nbsp;&nbsp;&nbsp;                           &nbsp;Tanzsportclub Alemana Puchheim<br>SenII D&nbsp;&nbsp;&nbsp;&nbsp;&nbsp;&nbsp;&nbsp;&nbsp;&nbsp;&nbsp; Frank Liedtke &amp; Cibele Marin-Liedtke &nbsp;&nbsp;&nbsp;&nbsp;&nbsp;&nbsp;&nbsp; TSC Rondo im TSV Haar<br>SenIII C&nbsp;&nbsp;&nbsp;&nbsp;&nbsp;&nbsp;&nbsp;&nbsp;&nbsp; Herbert &amp; Maria Neuhauser&nbsp;&nbsp;&nbsp;&nbsp;&nbsp;&nbsp;&nbsp;&nbsp;&nbsp;&nbsp;&nbsp;&nbsp;&nbsp; &nbsp;&nbsp;&nbsp;&nbsp;&nbsp;&nbsp;&nbsp;&nbsp;&nbsp;&nbsp;&nbsp; TSC Aristocats Bregenz<br>SenII C&nbsp;&nbsp;&nbsp;&nbsp;&nbsp;&nbsp;&nbsp;&nbsp;&nbsp;&nbsp; Marc &amp; Martina Gruber&nbsp;&nbsp;&nbsp;&nbsp;&nbsp;&nbsp;&nbsp;&nbsp;&nbsp;&nbsp;&nbsp;&nbsp;&nbsp;&nbsp;&nbsp;&nbsp;&nbsp;&nbsp;&nbsp;&nbsp;&nbsp;&nbsp;&nbsp;&nbsp;&nbsp;&nbsp;&nbsp;&nbsp;&nbsp;&nbsp;&nbsp;&nbsp;  TSC Kufstein <br>SenIII B&nbsp;&nbsp;&nbsp;&nbsp;&nbsp;&nbsp;&nbsp;&nbsp;&nbsp;Wolfram &amp; Sylvia Langrock&nbsp;&nbsp;&nbsp;&nbsp;&nbsp;&nbsp;&nbsp;&nbsp;&nbsp;&nbsp;&nbsp;&nbsp;&nbsp;&nbsp;&nbsp;&nbsp;&nbsp;&nbsp;&nbsp;&nbsp;&nbsp;&nbsp;&nbsp;&nbsp;   TSA d. TSV Unterhaching 1910<br>SenII B&nbsp;&nbsp;&nbsp;&nbsp;&nbsp;&nbsp;&nbsp;&nbsp;&nbsp;&nbsp; Eugen &amp; Bianca-Roxana Cosma&nbsp;&nbsp;&nbsp;&nbsp;&nbsp;&nbsp;&nbsp;&nbsp;&nbsp;&nbsp;&nbsp;&nbsp;&nbsp;&nbsp;&nbsp;&nbsp;&nbsp;&nbsp;   TSC dancepoint K\u00f6nigsbrunn<br>SenIII A&nbsp;&nbsp;&nbsp;&nbsp;&nbsp;&nbsp;&nbsp;&nbsp; Hubert &amp; Freya Tro\u00dfmann&nbsp;&nbsp;&nbsp;&nbsp;&nbsp;&nbsp;&nbsp;&nbsp;&nbsp;&nbsp;&nbsp;&nbsp;&nbsp;&nbsp;&nbsp;&nbsp;&nbsp;&nbsp;&nbsp;&nbsp;&nbsp;&nbsp;&nbsp;&nbsp;&nbsp;&nbsp;&nbsp;&nbsp; TSC dancepoint K\u00f6nigsbrunn<br>SenII A&nbsp;&nbsp;&nbsp;&nbsp;&nbsp;&nbsp;&nbsp;&nbsp;&nbsp;&nbsp; Dr. Florian Uhl &amp; Bettina Kunz&nbsp;&nbsp;&nbsp;&nbsp;&nbsp;&nbsp;&nbsp;&nbsp;&nbsp;&nbsp;&nbsp;&nbsp;&nbsp;&nbsp;&nbsp;&nbsp;&nbsp;&nbsp;&nbsp;  TSA d. TSV Unterhaching 1910<br>SenIII S&nbsp;&nbsp;&nbsp;&nbsp;&nbsp;&nbsp;&nbsp;&nbsp;&nbsp; Peter Birndorfer &amp; Christina Pothfelder&nbsp;&nbsp;&nbsp;&nbsp;&nbsp;TSA d. TSV Unterhaching 1910<br>SenII S&nbsp;&nbsp;&nbsp;&nbsp;&nbsp;&nbsp;&nbsp;&nbsp;&nbsp;&nbsp;&nbsp;Gerad Dorsch &amp; Sabine Haas&nbsp;&nbsp;&nbsp;&nbsp;&nbsp;&nbsp;&nbsp;&nbsp;&nbsp;&nbsp;&nbsp;&nbsp;&nbsp;&nbsp;&nbsp;&nbsp;&nbsp;&nbsp;&nbsp;&nbsp;&nbsp;&nbsp;&nbsp;  TC Der Frankfurter Kreis<\/p>\n\n\n\n<p><a href=\"https:\/\/tanzen-weilheim.de\/cms\/ergebnisse-main\/ergebnisse\">Ergebnisse: Pfaffenwinkelpokal 2019<\/a><\/p>\n\n\n\n<p>F\u00fcr der TSA am Start waren die Paare G\u00fcnter &amp; Gerlinde Zoubek, Berthold &amp; Valinja Bauer, Sigi Schuster-Ambs &amp; Renate Ambs, sowie Thomas Koterba &amp; Ren\u00e9e Rothb\u00f6ck. <br> <br>G\u00fcnter &amp; Gerlinde starteten in den Startklassen SenIII D und SenII D. In beiden Klassen erreichten sie das locker das Finale. Sie hatten allen Grund zur Freude Platz 4 in SenIII D und Platz 2 in SenII D. <\/p>\n\n\n\n<ul class=\"wp-block-gallery columns-2 is-cropped wp-block-gallery-1 is-layout-flex wp-block-gallery-is-layout-flex\"><li class=\"blocks-gallery-item\"><figure><img loading=\"lazy\" decoding=\"async\" width=\"3393\" height=\"2203\" src=\"https:\/\/tanzen-weilheim.de\/cms\/wp-content\/uploads\/2019\/07\/SenIIID_Pfaff_2019_be.jpg\" alt=\"\" data-id=\"13649\" data-link=\"https:\/\/tanzen-weilheim.de\/cms\/ergebnisse-main\/pfaffenwinkel-pokal\/pfaffenwinkel-pokal-2019\/seniiid_pfaff_2019_be\" class=\"wp-image-13649\" srcset=\"https:\/\/tanzen-weilheim.de\/cms\/wp-content\/uploads\/2019\/07\/SenIIID_Pfaff_2019_be.jpg 3393w, https:\/\/tanzen-weilheim.de\/cms\/wp-content\/uploads\/2019\/07\/SenIIID_Pfaff_2019_be-960x623.jpg 960w, https:\/\/tanzen-weilheim.de\/cms\/wp-content\/uploads\/2019\/07\/SenIIID_Pfaff_2019_be-1920x1247.jpg 1920w, https:\/\/tanzen-weilheim.de\/cms\/wp-content\/uploads\/2019\/07\/SenIIID_Pfaff_2019_be-768x499.jpg 768w, https:\/\/tanzen-weilheim.de\/cms\/wp-content\/uploads\/2019\/07\/SenIIID_Pfaff_2019_be-400x260.jpg 400w\" sizes=\"auto, (max-width: 3393px) 100vw, 3393px\" \/><figcaption>Siegerehrung SenIII D<\/figcaption><\/figure><\/li><li class=\"blocks-gallery-item\"><figure><img loading=\"lazy\" decoding=\"async\" width=\"3101\" height=\"1837\" src=\"https:\/\/tanzen-weilheim.de\/cms\/wp-content\/uploads\/2019\/07\/SenIID_Pfaff_2019_be.jpg\" alt=\"\" data-id=\"13645\" data-link=\"https:\/\/tanzen-weilheim.de\/cms\/ergebnisse-main\/pfaffenwinkel-pokal\/pfaffenwinkel-pokal-2019\/seniid_pfaff_2019_be\" class=\"wp-image-13645\" srcset=\"https:\/\/tanzen-weilheim.de\/cms\/wp-content\/uploads\/2019\/07\/SenIID_Pfaff_2019_be.jpg 3101w, https:\/\/tanzen-weilheim.de\/cms\/wp-content\/uploads\/2019\/07\/SenIID_Pfaff_2019_be-960x569.jpg 960w, https:\/\/tanzen-weilheim.de\/cms\/wp-content\/uploads\/2019\/07\/SenIID_Pfaff_2019_be-1920x1137.jpg 1920w, https:\/\/tanzen-weilheim.de\/cms\/wp-content\/uploads\/2019\/07\/SenIID_Pfaff_2019_be-768x455.jpg 768w, https:\/\/tanzen-weilheim.de\/cms\/wp-content\/uploads\/2019\/07\/SenIID_Pfaff_2019_be-400x237.jpg 400w\" sizes=\"auto, (max-width: 3101px) 100vw, 3101px\" \/><figcaption>Siegerehrung SenII D<\/figcaption><\/figure><\/li><li class=\"blocks-gallery-item\"><figure><img loading=\"lazy\" decoding=\"async\" width=\"2469\" height=\"2508\" src=\"https:\/\/tanzen-weilheim.de\/cms\/wp-content\/uploads\/2019\/07\/Zoubek_Pfaff_2019_2_be.jpg\" alt=\"\" data-id=\"13717\" data-link=\"https:\/\/tanzen-weilheim.de\/cms\/13707\/pfaffenwinkelpokal-2019\/zoubek_pfaff_2019_2_be\" class=\"wp-image-13717\" srcset=\"https:\/\/tanzen-weilheim.de\/cms\/wp-content\/uploads\/2019\/07\/Zoubek_Pfaff_2019_2_be.jpg 2469w, https:\/\/tanzen-weilheim.de\/cms\/wp-content\/uploads\/2019\/07\/Zoubek_Pfaff_2019_2_be-945x960.jpg 945w, https:\/\/tanzen-weilheim.de\/cms\/wp-content\/uploads\/2019\/07\/Zoubek_Pfaff_2019_2_be-1890x1920.jpg 1890w, https:\/\/tanzen-weilheim.de\/cms\/wp-content\/uploads\/2019\/07\/Zoubek_Pfaff_2019_2_be-768x780.jpg 768w, https:\/\/tanzen-weilheim.de\/cms\/wp-content\/uploads\/2019\/07\/Zoubek_Pfaff_2019_2_be-400x406.jpg 400w\" sizes=\"auto, (max-width: 2469px) 100vw, 2469px\" \/><figcaption>G\u00fcnter &amp; Gerlinde<\/figcaption><\/figure><\/li><\/ul>\n\n\n\n<p>Gleich im Anschluss zeigten Berthold und Valinja Bauer in den Startklassen SenIII C und Sen II C ihr t\u00e4nzerisches K\u00f6nnen. &nbsp;<\/p>\n\n\n\n<ul class=\"wp-block-gallery columns-2 is-cropped wp-block-gallery-2 is-layout-flex wp-block-gallery-is-layout-flex\"><li class=\"blocks-gallery-item\"><figure><img loading=\"lazy\" decoding=\"async\" width=\"3840\" height=\"2880\" src=\"https:\/\/tanzen-weilheim.de\/cms\/wp-content\/uploads\/2019\/07\/20190727_112856_SenIIIC-3840x2880.jpg\" alt=\"\" data-id=\"13677\" data-link=\"https:\/\/tanzen-weilheim.de\/cms\/galerie-main\/2019-2\/20190727_112856_seniiic\" class=\"wp-image-13677\" srcset=\"https:\/\/tanzen-weilheim.de\/cms\/wp-content\/uploads\/2019\/07\/20190727_112856_SenIIIC-3840x2880.jpg 3840w, https:\/\/tanzen-weilheim.de\/cms\/wp-content\/uploads\/2019\/07\/20190727_112856_SenIIIC-960x720.jpg 960w, https:\/\/tanzen-weilheim.de\/cms\/wp-content\/uploads\/2019\/07\/20190727_112856_SenIIIC-1920x1440.jpg 1920w, https:\/\/tanzen-weilheim.de\/cms\/wp-content\/uploads\/2019\/07\/20190727_112856_SenIIIC-768x576.jpg 768w, https:\/\/tanzen-weilheim.de\/cms\/wp-content\/uploads\/2019\/07\/20190727_112856_SenIIIC-400x300.jpg 400w\" sizes=\"auto, (max-width: 3840px) 100vw, 3840px\" \/><figcaption>SenIII C<\/figcaption><\/figure><\/li><li class=\"blocks-gallery-item\"><figure><img loading=\"lazy\" decoding=\"async\" width=\"3840\" height=\"2880\" src=\"https:\/\/tanzen-weilheim.de\/cms\/wp-content\/uploads\/2019\/07\/20190727_121132_SenIIC-3840x2880.jpg\" alt=\"\" data-id=\"13678\" data-link=\"https:\/\/tanzen-weilheim.de\/cms\/galerie-main\/2019-2\/20190727_121132_seniic\" class=\"wp-image-13678\" srcset=\"https:\/\/tanzen-weilheim.de\/cms\/wp-content\/uploads\/2019\/07\/20190727_121132_SenIIC-3840x2880.jpg 3840w, https:\/\/tanzen-weilheim.de\/cms\/wp-content\/uploads\/2019\/07\/20190727_121132_SenIIC-960x720.jpg 960w, https:\/\/tanzen-weilheim.de\/cms\/wp-content\/uploads\/2019\/07\/20190727_121132_SenIIC-1920x1440.jpg 1920w, https:\/\/tanzen-weilheim.de\/cms\/wp-content\/uploads\/2019\/07\/20190727_121132_SenIIC-768x576.jpg 768w, https:\/\/tanzen-weilheim.de\/cms\/wp-content\/uploads\/2019\/07\/20190727_121132_SenIIC-400x300.jpg 400w\" sizes=\"auto, (max-width: 3840px) 100vw, 3840px\" \/><figcaption>SenII C<\/figcaption><\/figure><\/li><li class=\"blocks-gallery-item\"><figure><img loading=\"lazy\" decoding=\"async\" width=\"2394\" height=\"2671\" src=\"https:\/\/tanzen-weilheim.de\/cms\/wp-content\/uploads\/2019\/07\/Bauer_Pfaff_2019_4_Be.jpg\" alt=\"\" data-id=\"13703\" data-link=\"https:\/\/tanzen-weilheim.de\/cms\/galerie-main\/2019-2\/bauer_pfaff_2019_4_be\" class=\"wp-image-13703\" srcset=\"https:\/\/tanzen-weilheim.de\/cms\/wp-content\/uploads\/2019\/07\/Bauer_Pfaff_2019_4_Be.jpg 2394w, https:\/\/tanzen-weilheim.de\/cms\/wp-content\/uploads\/2019\/07\/Bauer_Pfaff_2019_4_Be-860x960.jpg 860w, https:\/\/tanzen-weilheim.de\/cms\/wp-content\/uploads\/2019\/07\/Bauer_Pfaff_2019_4_Be-1721x1920.jpg 1721w, https:\/\/tanzen-weilheim.de\/cms\/wp-content\/uploads\/2019\/07\/Bauer_Pfaff_2019_4_Be-768x857.jpg 768w, https:\/\/tanzen-weilheim.de\/cms\/wp-content\/uploads\/2019\/07\/Bauer_Pfaff_2019_4_Be-400x446.jpg 400w\" sizes=\"auto, (max-width: 2394px) 100vw, 2394px\" \/><figcaption>Berthold &amp; Valinja SenII C<\/figcaption><\/figure><\/li><\/ul>\n\n\n\n<p>Nachdem Sigi sein Deb\u00fct als neuer Turnierleiter der TSA  hervorragend absolviert hatte, griffen Sigi &amp; Renate nach einer kurzen Regenerations- und Umzugspause in den Startklassen SenIII B und SenII B in das Turniergeschehen ein. Die beiden hatten sichtlich Freude beim Tanzen und erreichten damit ganz locker die Endrunden &#8211; Platz 2 in SenIII B und Platz 4 in SenII B \u2013 da darf man durchaus vor Freude strahlen. <\/p>\n\n\n\n<ul class=\"wp-block-gallery columns-2 is-cropped wp-block-gallery-3 is-layout-flex wp-block-gallery-is-layout-flex\"><li class=\"blocks-gallery-item\"><figure><img loading=\"lazy\" decoding=\"async\" width=\"3768\" height=\"2195\" src=\"https:\/\/tanzen-weilheim.de\/cms\/wp-content\/uploads\/2019\/07\/SenIIIB_Pfaff_2019_be.jpg\" alt=\"\" data-id=\"13647\" data-link=\"https:\/\/tanzen-weilheim.de\/cms\/ergebnisse-main\/pfaffenwinkel-pokal\/pfaffenwinkel-pokal-2019\/seniiib_pfaff_2019_be\" class=\"wp-image-13647\" srcset=\"https:\/\/tanzen-weilheim.de\/cms\/wp-content\/uploads\/2019\/07\/SenIIIB_Pfaff_2019_be.jpg 3768w, https:\/\/tanzen-weilheim.de\/cms\/wp-content\/uploads\/2019\/07\/SenIIIB_Pfaff_2019_be-960x559.jpg 960w, https:\/\/tanzen-weilheim.de\/cms\/wp-content\/uploads\/2019\/07\/SenIIIB_Pfaff_2019_be-1920x1118.jpg 1920w, https:\/\/tanzen-weilheim.de\/cms\/wp-content\/uploads\/2019\/07\/SenIIIB_Pfaff_2019_be-768x447.jpg 768w, https:\/\/tanzen-weilheim.de\/cms\/wp-content\/uploads\/2019\/07\/SenIIIB_Pfaff_2019_be-400x233.jpg 400w\" sizes=\"auto, (max-width: 3768px) 100vw, 3768px\" \/><figcaption>Siegerehrung SenIII B<\/figcaption><\/figure><\/li><li class=\"blocks-gallery-item\"><figure><img loading=\"lazy\" decoding=\"async\" width=\"3718\" height=\"2251\" src=\"https:\/\/tanzen-weilheim.de\/cms\/wp-content\/uploads\/2019\/07\/SenIIB_Pfaff_2019be.jpg\" alt=\"\" data-id=\"13643\" data-link=\"https:\/\/tanzen-weilheim.de\/cms\/ergebnisse-main\/pfaffenwinkel-pokal\/pfaffenwinkel-pokal-2019\/seniib_pfaff_2019be\" class=\"wp-image-13643\" srcset=\"https:\/\/tanzen-weilheim.de\/cms\/wp-content\/uploads\/2019\/07\/SenIIB_Pfaff_2019be.jpg 3718w, https:\/\/tanzen-weilheim.de\/cms\/wp-content\/uploads\/2019\/07\/SenIIB_Pfaff_2019be-960x581.jpg 960w, https:\/\/tanzen-weilheim.de\/cms\/wp-content\/uploads\/2019\/07\/SenIIB_Pfaff_2019be-1920x1162.jpg 1920w, https:\/\/tanzen-weilheim.de\/cms\/wp-content\/uploads\/2019\/07\/SenIIB_Pfaff_2019be-768x465.jpg 768w, https:\/\/tanzen-weilheim.de\/cms\/wp-content\/uploads\/2019\/07\/SenIIB_Pfaff_2019be-400x242.jpg 400w\" sizes=\"auto, (max-width: 3718px) 100vw, 3718px\" \/><figcaption>SenII B Siegerehrung<\/figcaption><\/figure><\/li><li class=\"blocks-gallery-item\"><figure><img loading=\"lazy\" decoding=\"async\" width=\"2857\" height=\"2683\" src=\"https:\/\/tanzen-weilheim.de\/cms\/wp-content\/uploads\/2019\/07\/Sigi_Renate_Pfaff_2019_1_be.jpg\" alt=\"\" data-id=\"13719\" data-link=\"https:\/\/tanzen-weilheim.de\/cms\/13707\/pfaffenwinkelpokal-2019\/sigi_renate_pfaff_2019_1_be\" class=\"wp-image-13719\" srcset=\"https:\/\/tanzen-weilheim.de\/cms\/wp-content\/uploads\/2019\/07\/Sigi_Renate_Pfaff_2019_1_be.jpg 2857w, https:\/\/tanzen-weilheim.de\/cms\/wp-content\/uploads\/2019\/07\/Sigi_Renate_Pfaff_2019_1_be-960x902.jpg 960w, https:\/\/tanzen-weilheim.de\/cms\/wp-content\/uploads\/2019\/07\/Sigi_Renate_Pfaff_2019_1_be-1920x1803.jpg 1920w, https:\/\/tanzen-weilheim.de\/cms\/wp-content\/uploads\/2019\/07\/Sigi_Renate_Pfaff_2019_1_be-768x721.jpg 768w, https:\/\/tanzen-weilheim.de\/cms\/wp-content\/uploads\/2019\/07\/Sigi_Renate_Pfaff_2019_1_be-400x376.jpg 400w\" sizes=\"auto, (max-width: 2857px) 100vw, 2857px\" \/><figcaption>Sigi &amp; Renate<\/figcaption><\/figure><\/li><\/ul>\n\n\n\n<p><br>Die SenIII A-Klassen liefen verletzungsbedingt leider ohne Weilheimer Beteiligung.<\/p>\n\n\n\n<ul class=\"wp-block-gallery columns-2 is-cropped wp-block-gallery-4 is-layout-flex wp-block-gallery-is-layout-flex\"><li class=\"blocks-gallery-item\"><figure><img loading=\"lazy\" decoding=\"async\" width=\"3556\" height=\"2058\" src=\"https:\/\/tanzen-weilheim.de\/cms\/wp-content\/uploads\/2019\/07\/SenIIIA_Pfaff_2019_be.jpg\" alt=\"\" data-id=\"13646\" data-link=\"https:\/\/tanzen-weilheim.de\/cms\/ergebnisse-main\/pfaffenwinkel-pokal\/pfaffenwinkel-pokal-2019\/seniiia_pfaff_2019_be\" class=\"wp-image-13646\" srcset=\"https:\/\/tanzen-weilheim.de\/cms\/wp-content\/uploads\/2019\/07\/SenIIIA_Pfaff_2019_be.jpg 3556w, https:\/\/tanzen-weilheim.de\/cms\/wp-content\/uploads\/2019\/07\/SenIIIA_Pfaff_2019_be-960x556.jpg 960w, https:\/\/tanzen-weilheim.de\/cms\/wp-content\/uploads\/2019\/07\/SenIIIA_Pfaff_2019_be-1920x1111.jpg 1920w, https:\/\/tanzen-weilheim.de\/cms\/wp-content\/uploads\/2019\/07\/SenIIIA_Pfaff_2019_be-768x444.jpg 768w, https:\/\/tanzen-weilheim.de\/cms\/wp-content\/uploads\/2019\/07\/SenIIIA_Pfaff_2019_be-400x231.jpg 400w\" sizes=\"auto, (max-width: 3556px) 100vw, 3556px\" \/><figcaption>SenIII A<\/figcaption><\/figure><\/li><li class=\"blocks-gallery-item\"><figure><img loading=\"lazy\" decoding=\"async\" width=\"3498\" height=\"2400\" src=\"https:\/\/tanzen-weilheim.de\/cms\/wp-content\/uploads\/2019\/07\/SenIIA_Pfaff_2019_be.jpg\" alt=\"\" data-id=\"13642\" data-link=\"https:\/\/tanzen-weilheim.de\/cms\/ergebnisse-main\/pfaffenwinkel-pokal\/pfaffenwinkel-pokal-2019\/seniia_pfaff_2019_be\" class=\"wp-image-13642\" srcset=\"https:\/\/tanzen-weilheim.de\/cms\/wp-content\/uploads\/2019\/07\/SenIIA_Pfaff_2019_be.jpg 3498w, https:\/\/tanzen-weilheim.de\/cms\/wp-content\/uploads\/2019\/07\/SenIIA_Pfaff_2019_be-960x659.jpg 960w, https:\/\/tanzen-weilheim.de\/cms\/wp-content\/uploads\/2019\/07\/SenIIA_Pfaff_2019_be-1920x1317.jpg 1920w, https:\/\/tanzen-weilheim.de\/cms\/wp-content\/uploads\/2019\/07\/SenIIA_Pfaff_2019_be-768x527.jpg 768w, https:\/\/tanzen-weilheim.de\/cms\/wp-content\/uploads\/2019\/07\/SenIIA_Pfaff_2019_be-400x274.jpg 400w\" sizes=\"auto, (max-width: 3498px) 100vw, 3498px\" \/><figcaption>SenII A<\/figcaption><\/figure><\/li><\/ul>\n\n\n\n<p>Hochmotiviert traten Thomas &amp; Ren\u00e8e in der SenIII S Klasse an. In der Vorrunde zeigten sie, dass sie ganz klar in das Finale geh\u00f6ren \u2013 das Ergebnis war im Finale dann Platz 5. <\/p>\n\n\n\n<ul class=\"wp-block-gallery columns-2 is-cropped wp-block-gallery-5 is-layout-flex wp-block-gallery-is-layout-flex\"><li class=\"blocks-gallery-item\"><figure><img loading=\"lazy\" decoding=\"async\" width=\"1508\" height=\"1131\" src=\"https:\/\/tanzen-weilheim.de\/cms\/wp-content\/uploads\/2019\/07\/SenIIIA_Pfaffw_2019_Goran.jpg\" alt=\"\" data-id=\"13726\" data-link=\"https:\/\/tanzen-weilheim.de\/cms\/13707\/pfaffenwinkelpokal-2019\/seniiia_pfaffw_2019_goran\" class=\"wp-image-13726\" srcset=\"https:\/\/tanzen-weilheim.de\/cms\/wp-content\/uploads\/2019\/07\/SenIIIA_Pfaffw_2019_Goran.jpg 1508w, https:\/\/tanzen-weilheim.de\/cms\/wp-content\/uploads\/2019\/07\/SenIIIA_Pfaffw_2019_Goran-960x720.jpg 960w, https:\/\/tanzen-weilheim.de\/cms\/wp-content\/uploads\/2019\/07\/SenIIIA_Pfaffw_2019_Goran-768x576.jpg 768w, https:\/\/tanzen-weilheim.de\/cms\/wp-content\/uploads\/2019\/07\/SenIIIA_Pfaffw_2019_Goran-400x300.jpg 400w\" sizes=\"auto, (max-width: 1508px) 100vw, 1508px\" \/><figcaption>SenIII S<\/figcaption><\/figure><\/li><li class=\"blocks-gallery-item\"><figure><img loading=\"lazy\" decoding=\"async\" width=\"2814\" height=\"2317\" src=\"https:\/\/tanzen-weilheim.de\/cms\/wp-content\/uploads\/2019\/07\/SenIIS_Pfaff_2019_be.jpg\" alt=\"\" data-id=\"13651\" data-link=\"https:\/\/tanzen-weilheim.de\/cms\/ergebnisse-main\/pfaffenwinkel-pokal\/pfaffenwinkel-pokal-2019\/seniis_pfaff_2019_be\" class=\"wp-image-13651\" srcset=\"https:\/\/tanzen-weilheim.de\/cms\/wp-content\/uploads\/2019\/07\/SenIIS_Pfaff_2019_be.jpg 2814w, https:\/\/tanzen-weilheim.de\/cms\/wp-content\/uploads\/2019\/07\/SenIIS_Pfaff_2019_be-960x790.jpg 960w, https:\/\/tanzen-weilheim.de\/cms\/wp-content\/uploads\/2019\/07\/SenIIS_Pfaff_2019_be-1920x1581.jpg 1920w, https:\/\/tanzen-weilheim.de\/cms\/wp-content\/uploads\/2019\/07\/SenIIS_Pfaff_2019_be-768x632.jpg 768w, https:\/\/tanzen-weilheim.de\/cms\/wp-content\/uploads\/2019\/07\/SenIIS_Pfaff_2019_be-400x329.jpg 400w\" sizes=\"auto, (max-width: 2814px) 100vw, 2814px\" \/><figcaption>SenII S<\/figcaption><\/figure><\/li><li class=\"blocks-gallery-item\"><figure><img loading=\"lazy\" decoding=\"async\" width=\"2484\" height=\"2437\" src=\"https:\/\/tanzen-weilheim.de\/cms\/wp-content\/uploads\/2019\/07\/Thomas_Renee_Pfaff_2019_1_be-1.jpg\" alt=\"\" data-id=\"13722\" data-link=\"https:\/\/tanzen-weilheim.de\/cms\/13707\/pfaffenwinkelpokal-2019\/thomas_renee_pfaff_2019_1_be-2\" class=\"wp-image-13722\" srcset=\"https:\/\/tanzen-weilheim.de\/cms\/wp-content\/uploads\/2019\/07\/Thomas_Renee_Pfaff_2019_1_be-1.jpg 2484w, https:\/\/tanzen-weilheim.de\/cms\/wp-content\/uploads\/2019\/07\/Thomas_Renee_Pfaff_2019_1_be-1-960x942.jpg 960w, https:\/\/tanzen-weilheim.de\/cms\/wp-content\/uploads\/2019\/07\/Thomas_Renee_Pfaff_2019_1_be-1-1920x1884.jpg 1920w, https:\/\/tanzen-weilheim.de\/cms\/wp-content\/uploads\/2019\/07\/Thomas_Renee_Pfaff_2019_1_be-1-768x753.jpg 768w, https:\/\/tanzen-weilheim.de\/cms\/wp-content\/uploads\/2019\/07\/Thomas_Renee_Pfaff_2019_1_be-1-400x392.jpg 400w\" sizes=\"auto, (max-width: 2484px) 100vw, 2484px\" \/><figcaption>Thomas &amp; Ren\u00e9e<\/figcaption><\/figure><\/li><\/ul>\n\n\n\n<p>Das vertretene Publikum sah einen tollen Turniertag, die Paare f\u00fchlten sich in der Weilheimer Stadthalle, trotz des hei\u00dfen Wetters, pudelwohl. &nbsp;Insgesamt l\u00e4sst sich ohne weiteres res\u00fcmieren, dass auch dieser Pfaffenwinkelpokal ein voller Erfolg war und den Paaren und Zuschauern in bester Erinnerung bleiben wird. <br>Ein herzliches Dankesch\u00f6n gilt an dieser Stelle dem Catering-Team und K\u00fcchenb\u00e4ckern des F\u00f6rdervereins f\u00fcr Tanzsport im Raum Weilheim, den Helfern rund um das Turniergeschehen \u2013 Kasse, Turnierb\u00fcro, Wertungsrichterbetreuung, Musikaufbau, Musikverantwortlichen <br>Turnierleitung und nicht zuletzt an die Organisatoren der Veranstaltung f\u00fcr die  Vorarbeiten und in den Nacharbeiten.<\/p>\n\n\n\n<p>Danke auch an das Wertungsrichter-Team, das an diesen langen Turniertag hervorragende Arbeit geleistet hat.<\/p>\n\n\n\n<div class=\"wp-block-image\"><figure class=\"aligncenter is-resized\"><img loading=\"lazy\" decoding=\"async\" src=\"https:\/\/tanzen-weilheim.de\/cms\/wp-content\/uploads\/2019\/07\/20190727_172850_WR-3840x2880.jpg\" alt=\"\" class=\"wp-image-13685\" width=\"330\" height=\"248\" srcset=\"https:\/\/tanzen-weilheim.de\/cms\/wp-content\/uploads\/2019\/07\/20190727_172850_WR-3840x2880.jpg 3840w, https:\/\/tanzen-weilheim.de\/cms\/wp-content\/uploads\/2019\/07\/20190727_172850_WR-960x720.jpg 960w, https:\/\/tanzen-weilheim.de\/cms\/wp-content\/uploads\/2019\/07\/20190727_172850_WR-1920x1440.jpg 1920w, https:\/\/tanzen-weilheim.de\/cms\/wp-content\/uploads\/2019\/07\/20190727_172850_WR-768x576.jpg 768w, https:\/\/tanzen-weilheim.de\/cms\/wp-content\/uploads\/2019\/07\/20190727_172850_WR-400x300.jpg 400w\" sizes=\"auto, (max-width: 330px) 100vw, 330px\" \/><figcaption>Wolfgang Schintlmeister, Peter Stiefel, Mathias K\u00f6nig, Carsten Wiethaup und Claudia Iglseder<\/figcaption><\/figure><\/div>\n\n\n\n<p>Die Abteilung gratuliert allen Paaren aus nah und fern ganz herzlich zu den tollen Ergebnissen und freut sich mit und f\u00fcr die eigenen Paare zur hervorragenden Weilheimer Gesamtleistung!<\/p>\n\n\n\n<p class=\"has-small-font-size\">Foto&#8217;s: TSA_privat<\/p>\n","protected":false},"excerpt":{"rendered":"","protected":false},"author":19,"featured_media":13741,"comment_status":"closed","ping_status":"closed","sticky":false,"template":"","format":"standard","meta":{"_jetpack_memberships_contains_paid_content":false,"footnotes":""},"categories":[1],"tags":[],"class_list":["post-13707","post","type-post","status-publish","format-standard","has-post-thumbnail","hentry","category-allgemein"],"jetpack_featured_media_url":"https:\/\/tanzen-weilheim.de\/cms\/wp-content\/uploads\/2019\/07\/Pfaff_Stuttgart_2019_be.jpg","jetpack_sharing_enabled":true,"_links":{"self":[{"href":"https:\/\/tanzen-weilheim.de\/cms\/wp-json\/wp\/v2\/posts\/13707","targetHints":{"allow":["GET"]}}],"collection":[{"href":"https:\/\/tanzen-weilheim.de\/cms\/wp-json\/wp\/v2\/posts"}],"about":[{"href":"https:\/\/tanzen-weilheim.de\/cms\/wp-json\/wp\/v2\/types\/post"}],"author":[{"embeddable":true,"href":"https:\/\/tanzen-weilheim.de\/cms\/wp-json\/wp\/v2\/users\/19"}],"replies":[{"embeddable":true,"href":"https:\/\/tanzen-weilheim.de\/cms\/wp-json\/wp\/v2\/comments?post=13707"}],"version-history":[{"count":17,"href":"https:\/\/tanzen-weilheim.de\/cms\/wp-json\/wp\/v2\/posts\/13707\/revisions"}],"predecessor-version":[{"id":14616,"href":"https:\/\/tanzen-weilheim.de\/cms\/wp-json\/wp\/v2\/posts\/13707\/revisions\/14616"}],"wp:featuredmedia":[{"embeddable":true,"href":"https:\/\/tanzen-weilheim.de\/cms\/wp-json\/wp\/v2\/media\/13741"}],"wp:attachment":[{"href":"https:\/\/tanzen-weilheim.de\/cms\/wp-json\/wp\/v2\/media?parent=13707"}],"wp:term":[{"taxonomy":"category","embeddable":true,"href":"https:\/\/tanzen-weilheim.de\/cms\/wp-json\/wp\/v2\/categories?post=13707"},{"taxonomy":"post_tag","embeddable":true,"href":"https:\/\/tanzen-weilheim.de\/cms\/wp-json\/wp\/v2\/tags?post=13707"}],"curies":[{"name":"wp","href":"https:\/\/api.w.org\/{rel}","templated":true}]}}