{"id":13626,"date":"2019-07-26T14:05:21","date_gmt":"2019-07-26T12:05:21","guid":{"rendered":"http:\/\/tanzen-weilheim.de\/cms\/?p=13626"},"modified":"2020-01-21T11:19:17","modified_gmt":"2020-01-21T10:19:17","slug":"bavarian-dance-days","status":"publish","type":"post","link":"https:\/\/tanzen-weilheim.de\/cms\/13626\/bavarian-dance-days","title":{"rendered":"Bavarian Dance Days 2019"},"content":{"rendered":"\n<p>Rosenheim\/Weilheim. Die Bavarian Dance Days in Rosenheim geh\u00f6ren mit 80 angebotenen Startklassen<\/p>\n\n\n\n<!--more-->\n\n\n\n<p> an zwei Tagen zu den gr\u00f6\u00dften Turnieren in Bayern. F\u00fcr die Freunde der Statistik: Im Durchschnitt sind das 3,63 Turniere pro Stunde!<\/p>\n\n\n\n<p>Dieses Jahr freuten sich die Veranstalter \u00fcber 731 Meldungen und 587 Starts, wobei auch dieses Jahr wieder einige Paare aus den Nachbarl\u00e4ndern Tschechien, \u00d6sterreich und der Schweiz die Gelegenheit nutzten ihr t\u00e4nzerisches K\u00f6nnen zu pr\u00e4sentieren.<\/p>\n\n\n\n<p>Lennart Forster und Diana Vollmann starteten gleich 4 x an diesem Wochenende. In der HGr B Latein erreichten sie locker das Finale und freuten sich \u00fcber Platz 4 und 5. <br>In der HGr A Standard &#8211; sie sind erst vor 3 Wochen aufgestiegen &#8211; lief es noch nicht ganz so, wie sie sich das vorgestellt hatten &#8211; aber sie sind motiviert und beim n\u00e4chsten Turnier schaut es dann sicher wieder besser aus &#8211; wir dr\u00fccken die Daumen.<\/p>\n\n\n\n<ul class=\"wp-block-gallery columns-2 is-cropped wp-block-gallery-1 is-layout-flex wp-block-gallery-is-layout-flex\"><li class=\"blocks-gallery-item\"><figure><img loading=\"lazy\" decoding=\"async\" width=\"1109\" height=\"1717\" src=\"https:\/\/tanzen-weilheim.de\/cms\/wp-content\/uploads\/2019\/07\/Forster-Vollmann_lat2_priv.jpg\" alt=\"\" data-id=\"13630\" data-link=\"https:\/\/tanzen-weilheim.de\/cms\/13626\/bavarian-dance-days\/forster-vollmann_lat2_priv\" class=\"wp-image-13630\" srcset=\"https:\/\/tanzen-weilheim.de\/cms\/wp-content\/uploads\/2019\/07\/Forster-Vollmann_lat2_priv.jpg 1109w, https:\/\/tanzen-weilheim.de\/cms\/wp-content\/uploads\/2019\/07\/Forster-Vollmann_lat2_priv-620x960.jpg 620w, https:\/\/tanzen-weilheim.de\/cms\/wp-content\/uploads\/2019\/07\/Forster-Vollmann_lat2_priv-768x1189.jpg 768w, https:\/\/tanzen-weilheim.de\/cms\/wp-content\/uploads\/2019\/07\/Forster-Vollmann_lat2_priv-388x600.jpg 388w\" sizes=\"auto, (max-width: 1109px) 100vw, 1109px\" \/><figcaption>HGr B Latein<\/figcaption><\/figure><\/li><li class=\"blocks-gallery-item\"><figure><img loading=\"lazy\" decoding=\"async\" width=\"2534\" height=\"1963\" src=\"https:\/\/tanzen-weilheim.de\/cms\/wp-content\/uploads\/2019\/07\/E57A2583_bearbeitet_MM-1.jpg\" alt=\"\" data-id=\"13629\" data-link=\"https:\/\/tanzen-weilheim.de\/cms\/13626\/bavarian-dance-days\/e57a2583_bearbeitet_mm-2\" class=\"wp-image-13629\" srcset=\"https:\/\/tanzen-weilheim.de\/cms\/wp-content\/uploads\/2019\/07\/E57A2583_bearbeitet_MM-1.jpg 2534w, https:\/\/tanzen-weilheim.de\/cms\/wp-content\/uploads\/2019\/07\/E57A2583_bearbeitet_MM-1-960x744.jpg 960w, https:\/\/tanzen-weilheim.de\/cms\/wp-content\/uploads\/2019\/07\/E57A2583_bearbeitet_MM-1-1920x1487.jpg 1920w, https:\/\/tanzen-weilheim.de\/cms\/wp-content\/uploads\/2019\/07\/E57A2583_bearbeitet_MM-1-768x595.jpg 768w, https:\/\/tanzen-weilheim.de\/cms\/wp-content\/uploads\/2019\/07\/E57A2583_bearbeitet_MM-1-400x310.jpg 400w\" sizes=\"auto, (max-width: 2534px) 100vw, 2534px\" \/><figcaption>HGr A Standard<\/figcaption><\/figure><\/li><\/ul>\n\n\n\n<p>G\u00fcnter und Gerlinde Zoubek nutzten ebenfalls die Chance gleich an  2 Tagen in SenIII D und SenII D zu starten. Und es hat sich gelohnt. 3 x gelang es ihnen sich in das Finale zu tanzen, ja einmal sogar aufs Trepperl mit Platz 2 und so ganz nebenbei noch 21 Punkte &#8211; herzlichen Gl\u00fcckwunsch.<\/p>\n\n\n\n<figure class=\"wp-block-image\"><img loading=\"lazy\" decoding=\"async\" width=\"2000\" height=\"3000\" src=\"https:\/\/tanzen-weilheim.de\/cms\/wp-content\/uploads\/2019\/07\/Zoubek2_blitznicht.jpg\" alt=\"\" class=\"wp-image-13526\" srcset=\"https:\/\/tanzen-weilheim.de\/cms\/wp-content\/uploads\/2019\/07\/Zoubek2_blitznicht.jpg 2000w, https:\/\/tanzen-weilheim.de\/cms\/wp-content\/uploads\/2019\/07\/Zoubek2_blitznicht-640x960.jpg 640w, https:\/\/tanzen-weilheim.de\/cms\/wp-content\/uploads\/2019\/07\/Zoubek2_blitznicht-1280x1920.jpg 1280w, https:\/\/tanzen-weilheim.de\/cms\/wp-content\/uploads\/2019\/07\/Zoubek2_blitznicht-768x1152.jpg 768w, https:\/\/tanzen-weilheim.de\/cms\/wp-content\/uploads\/2019\/07\/Zoubek2_blitznicht-400x600.jpg 400w\" sizes=\"auto, (max-width: 2000px) 100vw, 2000px\" \/><figcaption>G\u00fcnter &amp; Gerlinde<\/figcaption><\/figure>\n","protected":false},"excerpt":{"rendered":"<p>Rosenheim\/Weilheim. Die Bavarian Dance Days in Rosenheim geh\u00f6ren mit 80 angebotenen Startklassen<\/p>\n","protected":false},"author":19,"featured_media":13630,"comment_status":"closed","ping_status":"closed","sticky":false,"template":"","format":"standard","meta":{"_jetpack_memberships_contains_paid_content":false,"footnotes":""},"categories":[1],"tags":[],"class_list":["post-13626","post","type-post","status-publish","format-standard","has-post-thumbnail","hentry","category-allgemein"],"jetpack_featured_media_url":"https:\/\/tanzen-weilheim.de\/cms\/wp-content\/uploads\/2019\/07\/Forster-Vollmann_lat2_priv.jpg","jetpack_sharing_enabled":true,"_links":{"self":[{"href":"https:\/\/tanzen-weilheim.de\/cms\/wp-json\/wp\/v2\/posts\/13626","targetHints":{"allow":["GET"]}}],"collection":[{"href":"https:\/\/tanzen-weilheim.de\/cms\/wp-json\/wp\/v2\/posts"}],"about":[{"href":"https:\/\/tanzen-weilheim.de\/cms\/wp-json\/wp\/v2\/types\/post"}],"author":[{"embeddable":true,"href":"https:\/\/tanzen-weilheim.de\/cms\/wp-json\/wp\/v2\/users\/19"}],"replies":[{"embeddable":true,"href":"https:\/\/tanzen-weilheim.de\/cms\/wp-json\/wp\/v2\/comments?post=13626"}],"version-history":[{"count":6,"href":"https:\/\/tanzen-weilheim.de\/cms\/wp-json\/wp\/v2\/posts\/13626\/revisions"}],"predecessor-version":[{"id":14618,"href":"https:\/\/tanzen-weilheim.de\/cms\/wp-json\/wp\/v2\/posts\/13626\/revisions\/14618"}],"wp:featuredmedia":[{"embeddable":true,"href":"https:\/\/tanzen-weilheim.de\/cms\/wp-json\/wp\/v2\/media\/13630"}],"wp:attachment":[{"href":"https:\/\/tanzen-weilheim.de\/cms\/wp-json\/wp\/v2\/media?parent=13626"}],"wp:term":[{"taxonomy":"category","embeddable":true,"href":"https:\/\/tanzen-weilheim.de\/cms\/wp-json\/wp\/v2\/categories?post=13626"},{"taxonomy":"post_tag","embeddable":true,"href":"https:\/\/tanzen-weilheim.de\/cms\/wp-json\/wp\/v2\/tags?post=13626"}],"curies":[{"name":"wp","href":"https:\/\/api.w.org\/{rel}","templated":true}]}}