{"id":13473,"date":"2019-06-17T17:26:06","date_gmt":"2019-06-17T15:26:06","guid":{"rendered":"http:\/\/tanzen-weilheim.de\/cms\/?p=13473"},"modified":"2019-07-04T09:24:30","modified_gmt":"2019-07-04T07:24:30","slug":"2-x-platz-1-fuer-stuehlers-beim-tanzen-im-dreilaendereck","status":"publish","type":"post","link":"https:\/\/tanzen-weilheim.de\/cms\/13473\/2-x-platz-1-fuer-stuehlers-beim-tanzen-im-dreilaendereck","title":{"rendered":"2 x Platz 1 f\u00fcr Bernd &#038; Angela beim Tanzen im Dreil\u00e4ndereck"},"content":{"rendered":"\n<p><strong>Weilheim\/Aachen.<\/strong>Ausrichter der 17. Dreil\u00e4ndereckturniere waren am Samstag der  TSC Schwarz-Gelb Aachen e.V.  und am Sonntag der TSC Gr\u00fcn-Weiss Aquisgrana Aachener.V.<\/p>\n\n\n\n<p>Hoch motiviert und sehr gut vorbereitet waren Bernd &amp; Angela St\u00fchler f\u00fcr beide Tage in der Sen III S Standard gemeldet. <\/p>\n\n\n\n<figure class=\"wp-block-image\"><img loading=\"lazy\" decoding=\"async\" width=\"3840\" height=\"2880\" src=\"https:\/\/tanzen-weilheim.de\/cms\/wp-content\/uploads\/2019\/07\/Aachen_2019_Stuehler_SenIII_Tag2-3840x2880.jpg\" alt=\"\" class=\"wp-image-13474\" srcset=\"https:\/\/tanzen-weilheim.de\/cms\/wp-content\/uploads\/2019\/07\/Aachen_2019_Stuehler_SenIII_Tag2-3840x2880.jpg 3840w, https:\/\/tanzen-weilheim.de\/cms\/wp-content\/uploads\/2019\/07\/Aachen_2019_Stuehler_SenIII_Tag2-960x720.jpg 960w, https:\/\/tanzen-weilheim.de\/cms\/wp-content\/uploads\/2019\/07\/Aachen_2019_Stuehler_SenIII_Tag2-1920x1440.jpg 1920w, https:\/\/tanzen-weilheim.de\/cms\/wp-content\/uploads\/2019\/07\/Aachen_2019_Stuehler_SenIII_Tag2-768x576.jpg 768w, https:\/\/tanzen-weilheim.de\/cms\/wp-content\/uploads\/2019\/07\/Aachen_2019_Stuehler_SenIII_Tag2-400x300.jpg 400w\" sizes=\"auto, (max-width: 3840px) 100vw, 3840px\" \/><\/figure>\n\n\n\n<p>Bernd &amp; Angela genossen die Turniere der SenIII S, die sie an beiden Tagen ganz eindeutig gewonnen haben.   Am meisten freut es die Beiden, dass sie das Publikum mit ihrem Tanzen begeistern konnten.<\/p>\n\n\n\n<p>2 x Platz 1! Gratulation &#8211; das habt ihr wirklich super gemacht!<\/p>\n\n\n\n<p><a href=\"http:\/\/tanzenim3le.de\/de\/ergebnisse#2019\">Ergebnisse der 17. Dreil\u00e4ndereckturniere&nbsp;<\/a><\/p>\n\n\n\n<figure class=\"wp-block-image is-resized\"><img loading=\"lazy\" decoding=\"async\" src=\"https:\/\/tanzen-weilheim.de\/cms\/wp-content\/uploads\/2019\/07\/Aachen_Schild-2880x3840.jpg\" alt=\"\" class=\"wp-image-13475\" width=\"399\" height=\"532\" srcset=\"https:\/\/tanzen-weilheim.de\/cms\/wp-content\/uploads\/2019\/07\/Aachen_Schild-2880x3840.jpg 2880w, https:\/\/tanzen-weilheim.de\/cms\/wp-content\/uploads\/2019\/07\/Aachen_Schild-720x960.jpg 720w, https:\/\/tanzen-weilheim.de\/cms\/wp-content\/uploads\/2019\/07\/Aachen_Schild-1440x1920.jpg 1440w, https:\/\/tanzen-weilheim.de\/cms\/wp-content\/uploads\/2019\/07\/Aachen_Schild-768x1024.jpg 768w, https:\/\/tanzen-weilheim.de\/cms\/wp-content\/uploads\/2019\/07\/Aachen_Schild-400x533.jpg 400w\" sizes=\"auto, (max-width: 399px) 100vw, 399px\" \/><\/figure>\n\n\n\n<p>Foto&#8217;s: privat<\/p>\n","protected":false},"excerpt":{"rendered":"<p>Weilheim\/Aachen.Ausrichter der 17. Dreil\u00e4ndereckturniere waren am Samstag der TSC Schwarz-Gelb Aachen e.V. und am Sonntag der TSC Gr\u00fcn-Weiss Aquisgrana Aachener.V. Hoch motiviert und sehr gut vorbereitet waren Bernd &amp; Angela St\u00fchler f\u00fcr beide Tage in der Sen III S Standard gemeldet. Bernd &amp; Angela genossen die Turniere der SenIII S, die sie an beiden Tagen [&hellip;]<\/p>\n","protected":false},"author":19,"featured_media":13474,"comment_status":"closed","ping_status":"closed","sticky":false,"template":"","format":"standard","meta":{"_jetpack_memberships_contains_paid_content":false,"footnotes":""},"categories":[1],"tags":[],"class_list":["post-13473","post","type-post","status-publish","format-standard","has-post-thumbnail","hentry","category-allgemein"],"jetpack_featured_media_url":"https:\/\/tanzen-weilheim.de\/cms\/wp-content\/uploads\/2019\/07\/Aachen_2019_Stuehler_SenIII_Tag2.jpg","jetpack_sharing_enabled":true,"_links":{"self":[{"href":"https:\/\/tanzen-weilheim.de\/cms\/wp-json\/wp\/v2\/posts\/13473","targetHints":{"allow":["GET"]}}],"collection":[{"href":"https:\/\/tanzen-weilheim.de\/cms\/wp-json\/wp\/v2\/posts"}],"about":[{"href":"https:\/\/tanzen-weilheim.de\/cms\/wp-json\/wp\/v2\/types\/post"}],"author":[{"embeddable":true,"href":"https:\/\/tanzen-weilheim.de\/cms\/wp-json\/wp\/v2\/users\/19"}],"replies":[{"embeddable":true,"href":"https:\/\/tanzen-weilheim.de\/cms\/wp-json\/wp\/v2\/comments?post=13473"}],"version-history":[{"count":11,"href":"https:\/\/tanzen-weilheim.de\/cms\/wp-json\/wp\/v2\/posts\/13473\/revisions"}],"predecessor-version":[{"id":13524,"href":"https:\/\/tanzen-weilheim.de\/cms\/wp-json\/wp\/v2\/posts\/13473\/revisions\/13524"}],"wp:featuredmedia":[{"embeddable":true,"href":"https:\/\/tanzen-weilheim.de\/cms\/wp-json\/wp\/v2\/media\/13474"}],"wp:attachment":[{"href":"https:\/\/tanzen-weilheim.de\/cms\/wp-json\/wp\/v2\/media?parent=13473"}],"wp:term":[{"taxonomy":"category","embeddable":true,"href":"https:\/\/tanzen-weilheim.de\/cms\/wp-json\/wp\/v2\/categories?post=13473"},{"taxonomy":"post_tag","embeddable":true,"href":"https:\/\/tanzen-weilheim.de\/cms\/wp-json\/wp\/v2\/tags?post=13473"}],"curies":[{"name":"wp","href":"https:\/\/api.w.org\/{rel}","templated":true}]}}