{"id":13456,"date":"2019-07-01T16:18:48","date_gmt":"2019-07-01T14:18:48","guid":{"rendered":"http:\/\/tanzen-weilheim.de\/cms\/?p=13456"},"modified":"2020-01-21T11:20:04","modified_gmt":"2020-01-21T10:20:04","slug":"ergebnisse-der-landesmeisterschaften-am-einem-heissen-wochenende","status":"publish","type":"post","link":"https:\/\/tanzen-weilheim.de\/cms\/13456\/ergebnisse-der-landesmeisterschaften-am-einem-heissen-wochenende","title":{"rendered":"&#8222;heisse&#8220;Landesmeister-schaft"},"content":{"rendered":"\n<p><\/p>\n\n\n\n<p><strong>M\u00fcnchen\/Karlsfeld<\/strong>.\u00a0 Samstag und Sonntag, 29. und 30. Juni 2019 &#8211;\u00a0 ein sehr hei\u00dfes Wochenende <\/p>\n\n\n\n<!--more-->\n\n\n\n<p>\u2013 da geht man eigentlich zum Baden an den See.<br>Doch f\u00fcr 8 Paare der Tanzsportabteilung des TSV 1847 Weilheim e.V. (TSA) stand der Saisonh\u00f6hepunkt auf dem Programm, n\u00e4mlich die Landesmeisterschaften in den Standardt\u00e4nzen der Hauptgruppe und der Senioren III; die Hauptgruppe samstags in den Clubr\u00e4umen des GSC M\u00fcnchen und die Senioren III sonntags im B\u00fcrgersaal Karlsfeld, ausgerichtet vom TSC Unterschlei\u00dfheim.<\/p>\n\n\n\n<div class=\"wp-block-image\"><figure class=\"aligncenter is-resized\"><img loading=\"lazy\" decoding=\"async\" src=\"https:\/\/tanzen-weilheim.de\/cms\/wp-content\/uploads\/2019\/07\/E57A2400-Bearbeitet-2560x3840.jpg\" alt=\"\" class=\"wp-image-13539\" width=\"199\" height=\"299\" srcset=\"https:\/\/tanzen-weilheim.de\/cms\/wp-content\/uploads\/2019\/07\/E57A2400-Bearbeitet-2560x3840.jpg 2560w, https:\/\/tanzen-weilheim.de\/cms\/wp-content\/uploads\/2019\/07\/E57A2400-Bearbeitet-640x960.jpg 640w, https:\/\/tanzen-weilheim.de\/cms\/wp-content\/uploads\/2019\/07\/E57A2400-Bearbeitet-1280x1920.jpg 1280w, https:\/\/tanzen-weilheim.de\/cms\/wp-content\/uploads\/2019\/07\/E57A2400-Bearbeitet-768x1152.jpg 768w, https:\/\/tanzen-weilheim.de\/cms\/wp-content\/uploads\/2019\/07\/E57A2400-Bearbeitet-400x600.jpg 400w\" sizes=\"auto, (max-width: 199px) 100vw, 199px\" \/><figcaption>Lennart &amp; Diana<\/figcaption><\/figure><\/div>\n\n\n\n<p>Am Samstag wurde die TSA von Lennart Forster &amp; Diana Vollmann vertreten. Die Beiden hatten sich super vorbereitet. Schon in der Vorrunde erhielten sie von den f\u00fcnf Wertungsrichtern (von denen aus Neutralit\u00e4tsgr\u00fcnden drei aus au\u00dferbayerischen Landestanzsportverb\u00e4nden kamen) 24 der 25 m\u00f6glichen Kreuze. &nbsp;Mit 23 Kreuzen in der Zwischenrunde qualifizierten sie sich eindeutig f\u00fcr das Finale. Hier tanzten sie sich auf den respektablen 5. Platz und stiegen gem\u00e4\u00df Beschluss des LTVB in die zweith\u00f6chste Klasse im deutschen Amateurtanzsport, in die A-Klasse, auf. &nbsp;<\/p>\n\n\n\n<figure class=\"wp-block-image is-resized\"><img loading=\"lazy\" decoding=\"async\" src=\"https:\/\/tanzen-weilheim.de\/cms\/wp-content\/uploads\/2019\/07\/Diana_Lennart_Aufstieg_A_Standard-1.jpg\" alt=\"\" class=\"wp-image-13457\" width=\"320\" height=\"240\" srcset=\"https:\/\/tanzen-weilheim.de\/cms\/wp-content\/uploads\/2019\/07\/Diana_Lennart_Aufstieg_A_Standard-1.jpg 1024w, https:\/\/tanzen-weilheim.de\/cms\/wp-content\/uploads\/2019\/07\/Diana_Lennart_Aufstieg_A_Standard-1-960x720.jpg 960w, https:\/\/tanzen-weilheim.de\/cms\/wp-content\/uploads\/2019\/07\/Diana_Lennart_Aufstieg_A_Standard-1-768x576.jpg 768w, https:\/\/tanzen-weilheim.de\/cms\/wp-content\/uploads\/2019\/07\/Diana_Lennart_Aufstieg_A_Standard-1-400x300.jpg 400w\" sizes=\"auto, (max-width: 320px) 100vw, 320px\" \/><figcaption>Aufstieg in die Hauptgruppe A Standard <br>f\u00fcr Lennart &amp;  Diana<\/figcaption><\/figure>\n\n\n\n<p>&nbsp;<a href=\"https:\/\/www.gsc-muenchen.de\/turniertanz\/turnierergebnisse\/\">Ergebnisse&nbsp;der&nbsp;Landesmeisterschaft&nbsp;Hauptgruppe&nbsp;im&nbsp;GSC&nbsp;M\u00fcnchen<\/a><\/p>\n\n\n\n<p>Aber das sehr hei\u00dfe Wochenende war ja noch nicht\nvorbei! <\/p>\n\n\n\n<p>Gleich am n\u00e4chsten Tag ging es f\u00fcr die Paare der Senioren III zum TSC Unterschlei\u00dfheim in B\u00fcrgersaal Karlsfeld., der diese zweite Landesmeisterschaft des Wochenendes ausrichtete. Auch hier war, wie im GSC M\u00fcnchen, die Stimmung in der Halle absolut super und forderte die Paare zu tollen Leistungen heraus. Vorteil des B\u00fcrgersaals Karlsfeld, er war klimatisiert \u2013 zur gro\u00dfen Freude der Paare.<\/p>\n\n\n\n<div class=\"wp-block-image\"><figure class=\"alignleft is-resized\"><img loading=\"lazy\" decoding=\"async\" src=\"https:\/\/tanzen-weilheim.de\/cms\/wp-content\/uploads\/2019\/07\/Zoubek2_blitznicht.jpg\" alt=\"\" class=\"wp-image-13526\" width=\"247\" height=\"371\" srcset=\"https:\/\/tanzen-weilheim.de\/cms\/wp-content\/uploads\/2019\/07\/Zoubek2_blitznicht.jpg 2000w, https:\/\/tanzen-weilheim.de\/cms\/wp-content\/uploads\/2019\/07\/Zoubek2_blitznicht-640x960.jpg 640w, https:\/\/tanzen-weilheim.de\/cms\/wp-content\/uploads\/2019\/07\/Zoubek2_blitznicht-1280x1920.jpg 1280w, https:\/\/tanzen-weilheim.de\/cms\/wp-content\/uploads\/2019\/07\/Zoubek2_blitznicht-768x1152.jpg 768w, https:\/\/tanzen-weilheim.de\/cms\/wp-content\/uploads\/2019\/07\/Zoubek2_blitznicht-400x600.jpg 400w\" sizes=\"auto, (max-width: 247px) 100vw, 247px\" \/><figcaption>G\u00fcnter &amp; Gerlinde<\/figcaption><\/figure><\/div>\n\n\n\n<p>Als erstes TSA Paar waren an Sonntag G\u00fcnter &amp; Gerlinde Zoubek in der Startklasse Sen III D am Start. Es lief richtig gut f\u00fcr die Beiden, sie qualifizierten sich f\u00fcr das Finale, ja sie konnten sogar noch etwas drauflegen und erreichten eine weitere Platzierung \u2013 Platz 5. <\/p>\n\n\n\n<figure class=\"wp-block-image\"><img loading=\"lazy\" decoding=\"async\" width=\"1000\" height=\"750\" src=\"https:\/\/tanzen-weilheim.de\/cms\/wp-content\/uploads\/2019\/07\/2019-06-30-LM-Siegerehrung-Sen-III-D.jpg\" alt=\"\" class=\"wp-image-13502\" srcset=\"https:\/\/tanzen-weilheim.de\/cms\/wp-content\/uploads\/2019\/07\/2019-06-30-LM-Siegerehrung-Sen-III-D.jpg 1000w, https:\/\/tanzen-weilheim.de\/cms\/wp-content\/uploads\/2019\/07\/2019-06-30-LM-Siegerehrung-Sen-III-D-960x720.jpg 960w, https:\/\/tanzen-weilheim.de\/cms\/wp-content\/uploads\/2019\/07\/2019-06-30-LM-Siegerehrung-Sen-III-D-768x576.jpg 768w, https:\/\/tanzen-weilheim.de\/cms\/wp-content\/uploads\/2019\/07\/2019-06-30-LM-Siegerehrung-Sen-III-D-400x300.jpg 400w\" sizes=\"auto, (max-width: 1000px) 100vw, 1000px\" \/><\/figure>\n\n\n\n<p>Als n\u00e4chstes gingen die Sen III C-Klassen-Paare der TSA Berthold &amp; Valinja Bauer, sowie Richard &amp; Kamilla Czierpke an den Start \u2013 insgesamt waren es hier 15 Paare.<\/p>\n\n\n\n<p>Berthold und Valinja tanzten eine sehr souver\u00e4ne Vor- und Zwischenrunde. F\u00fcr sie ging es nur ganz knapp am Finale vorbei \u2013 geteilter 7.-8. Platz <\/p>\n\n\n\n<ul class=\"wp-block-gallery columns-2 is-cropped wp-block-gallery-1 is-layout-flex wp-block-gallery-is-layout-flex\"><li class=\"blocks-gallery-item\"><figure><img loading=\"lazy\" decoding=\"async\" width=\"2523\" height=\"3840\" src=\"https:\/\/tanzen-weilheim.de\/cms\/wp-content\/uploads\/2019\/03\/Bauer-13a-2523x3840.jpg\" alt=\"\" data-id=\"12835\" data-link=\"https:\/\/tanzen-weilheim.de\/cms\/12833\/3-platz-fuer-ehepaar-zoubek-dazu-3-x-finale-fuer-weilheimer-paare-beim-19-wuermpokal-in-stockdorf\/bauer-13a-5\" class=\"wp-image-12835\" srcset=\"https:\/\/tanzen-weilheim.de\/cms\/wp-content\/uploads\/2019\/03\/Bauer-13a-2523x3840.jpg 2523w, https:\/\/tanzen-weilheim.de\/cms\/wp-content\/uploads\/2019\/03\/Bauer-13a-631x960.jpg 631w, https:\/\/tanzen-weilheim.de\/cms\/wp-content\/uploads\/2019\/03\/Bauer-13a-1262x1920.jpg 1262w, https:\/\/tanzen-weilheim.de\/cms\/wp-content\/uploads\/2019\/03\/Bauer-13a-768x1169.jpg 768w, https:\/\/tanzen-weilheim.de\/cms\/wp-content\/uploads\/2019\/03\/Bauer-13a-394x600.jpg 394w\" sizes=\"auto, (max-width: 2523px) 100vw, 2523px\" \/><figcaption>Berthold &amp; Valinja<\/figcaption><\/figure><\/li><li class=\"blocks-gallery-item\"><figure><img loading=\"lazy\" decoding=\"async\" width=\"428\" height=\"640\" src=\"https:\/\/tanzen-weilheim.de\/cms\/wp-content\/uploads\/2019\/06\/IMG_0545_Czierpke_2019-1.jpg\" alt=\"\" data-id=\"13347\" data-link=\"https:\/\/tanzen-weilheim.de\/cms\/galerie-main\/2019-2\/img_0545_czierpke_2019-2\" class=\"wp-image-13347\" srcset=\"https:\/\/tanzen-weilheim.de\/cms\/wp-content\/uploads\/2019\/06\/IMG_0545_Czierpke_2019-1.jpg 428w, https:\/\/tanzen-weilheim.de\/cms\/wp-content\/uploads\/2019\/06\/IMG_0545_Czierpke_2019-1-400x598.jpg 400w\" sizes=\"auto, (max-width: 428px) 100vw, 428px\" \/><figcaption>Richard &amp; Kamilla<\/figcaption><\/figure><\/li><\/ul>\n\n\n\n<p>Richard und Kamilla zeigten bereits in der Vorrunde und Zwischenrunde, dass sie ganz vorne in ihrer Leistungsklasse Sen III C mitmischen wollen. Sie lie\u00dfen auch im Finale nicht nach und erreichten f\u00fcr sich und die TSA eine Trepperl-Platzierung. Ihre Freude war riesig, als sie die Bronzemedaille f\u00fcr den 3. Platz \u00fcberreicht bekamen. <\/p>\n\n\n\n<figure class=\"wp-block-image is-resized\"><img loading=\"lazy\" decoding=\"async\" src=\"https:\/\/tanzen-weilheim.de\/cms\/wp-content\/uploads\/2019\/07\/2019-06-30-LM-Siegerehrung-Sen-III-C.jpg\" alt=\"\" class=\"wp-image-13503\" width=\"587\" height=\"440\" srcset=\"https:\/\/tanzen-weilheim.de\/cms\/wp-content\/uploads\/2019\/07\/2019-06-30-LM-Siegerehrung-Sen-III-C.jpg 1000w, https:\/\/tanzen-weilheim.de\/cms\/wp-content\/uploads\/2019\/07\/2019-06-30-LM-Siegerehrung-Sen-III-C-960x720.jpg 960w, https:\/\/tanzen-weilheim.de\/cms\/wp-content\/uploads\/2019\/07\/2019-06-30-LM-Siegerehrung-Sen-III-C-768x576.jpg 768w, https:\/\/tanzen-weilheim.de\/cms\/wp-content\/uploads\/2019\/07\/2019-06-30-LM-Siegerehrung-Sen-III-C-400x300.jpg 400w\" sizes=\"auto, (max-width: 587px) 100vw, 587px\" \/><\/figure>\n\n\n\n<p>Siegfried Schuster-Ambs &amp; Renate Ambs gingen in der Sen III B f\u00fcr die TSA an den Start. Sie erreichten das Halbfinale und verpassten als 7. (von 19) nur hauchd\u00fcnn das Finale der besten sechs Paare.<\/p>\n\n\n\n<ul class=\"wp-block-gallery columns-2 is-cropped wp-block-gallery-2 is-layout-flex wp-block-gallery-is-layout-flex\"><li class=\"blocks-gallery-item\"><figure><img loading=\"lazy\" decoding=\"async\" width=\"1365\" height=\"2048\" src=\"https:\/\/tanzen-weilheim.de\/cms\/wp-content\/uploads\/2019\/06\/Ambs-03.jpg\" alt=\"\" data-id=\"13310\" data-link=\"https:\/\/tanzen-weilheim.de\/cms\/13308\/seniorenwochenende-freising-und-muenchner-tanzturniertag-zweimal-trepperl-fuer-weilheimer-paare\/ambs-03\" class=\"wp-image-13310\" srcset=\"https:\/\/tanzen-weilheim.de\/cms\/wp-content\/uploads\/2019\/06\/Ambs-03.jpg 1365w, https:\/\/tanzen-weilheim.de\/cms\/wp-content\/uploads\/2019\/06\/Ambs-03-640x960.jpg 640w, https:\/\/tanzen-weilheim.de\/cms\/wp-content\/uploads\/2019\/06\/Ambs-03-1280x1920.jpg 1280w, https:\/\/tanzen-weilheim.de\/cms\/wp-content\/uploads\/2019\/06\/Ambs-03-768x1152.jpg 768w, https:\/\/tanzen-weilheim.de\/cms\/wp-content\/uploads\/2019\/06\/Ambs-03-400x600.jpg 400w\" sizes=\"auto, (max-width: 1365px) 100vw, 1365px\" \/><figcaption>Sigi &amp; Renate<\/figcaption><\/figure><\/li><li class=\"blocks-gallery-item\"><figure><img loading=\"lazy\" decoding=\"async\" width=\"1333\" height=\"1686\" src=\"https:\/\/tanzen-weilheim.de\/cms\/wp-content\/uploads\/2019\/04\/Marschall-17b.jpg\" alt=\"\" data-id=\"12923\" data-link=\"https:\/\/tanzen-weilheim.de\/cms\/12921\/bronze-preise-fuer-gleich-fuenf-weilheimer-paare-bei-der-landkreis-sportlerehrung-2019\/marschall-17b-3\" class=\"wp-image-12923\" srcset=\"https:\/\/tanzen-weilheim.de\/cms\/wp-content\/uploads\/2019\/04\/Marschall-17b.jpg 1333w, https:\/\/tanzen-weilheim.de\/cms\/wp-content\/uploads\/2019\/04\/Marschall-17b-759x960.jpg 759w, https:\/\/tanzen-weilheim.de\/cms\/wp-content\/uploads\/2019\/04\/Marschall-17b-768x971.jpg 768w, https:\/\/tanzen-weilheim.de\/cms\/wp-content\/uploads\/2019\/04\/Marschall-17b-400x506.jpg 400w\" sizes=\"auto, (max-width: 1333px) 100vw, 1333px\" \/><figcaption>Michael &amp; Monika<\/figcaption><\/figure><\/li><\/ul>\n\n\n\n<p>Dr. Michael &amp; Monika Marschall vertraten die TSA in der Sen III A-Klasse. Sie erreichten das Halbfinale und konnten dort Platz 8 (von 23) belegen.<\/p>\n\n\n\n<p>Am sp\u00e4ten Nachmittag wurde die h\u00f6chste Klasse, die Sonderklasse S zur Vorrunde aufgerufen. &nbsp;Hier gingen 38 Paare an den Start. F\u00fcr die TSA starteten Thomas Koterba &amp; Ren\u00e9e Rothb\u00f6ck, sowie Bernd &amp; Angela St\u00fchler. Thomas und Ren\u00e9e erreichten den 18. Platz, Bernd &amp; Angela verpassten nur knapp den Einzug ins Finale \u2013 sie erreichten den respektablen Platz 8. <\/p>\n\n\n\n<ul class=\"wp-block-gallery columns-2 is-cropped wp-block-gallery-3 is-layout-flex wp-block-gallery-is-layout-flex\"><li class=\"blocks-gallery-item\"><figure><img loading=\"lazy\" decoding=\"async\" width=\"2490\" height=\"3840\" src=\"https:\/\/tanzen-weilheim.de\/cms\/wp-content\/uploads\/2019\/06\/Koterba-Rothb\u00f6ck-12a-2490x3840.jpg\" alt=\"\" data-id=\"13296\" data-link=\"https:\/\/tanzen-weilheim.de\/cms\/13290\/schoene-ergebnisse-bei-hessen-tanzt-2019\/koterba-rothboeck-12a-2\" class=\"wp-image-13296\" srcset=\"https:\/\/tanzen-weilheim.de\/cms\/wp-content\/uploads\/2019\/06\/Koterba-Rothb\u00f6ck-12a-2490x3840.jpg 2490w, https:\/\/tanzen-weilheim.de\/cms\/wp-content\/uploads\/2019\/06\/Koterba-Rothb\u00f6ck-12a-622x960.jpg 622w, https:\/\/tanzen-weilheim.de\/cms\/wp-content\/uploads\/2019\/06\/Koterba-Rothb\u00f6ck-12a-1245x1920.jpg 1245w, https:\/\/tanzen-weilheim.de\/cms\/wp-content\/uploads\/2019\/06\/Koterba-Rothb\u00f6ck-12a-768x1185.jpg 768w, https:\/\/tanzen-weilheim.de\/cms\/wp-content\/uploads\/2019\/06\/Koterba-Rothb\u00f6ck-12a-389x600.jpg 389w\" sizes=\"auto, (max-width: 2490px) 100vw, 2490px\" \/><figcaption>Thomas &amp; Ren\u00e8e<\/figcaption><\/figure><\/li><li class=\"blocks-gallery-item\"><figure><img loading=\"lazy\" decoding=\"async\" width=\"1000\" height=\"1500\" src=\"https:\/\/tanzen-weilheim.de\/cms\/wp-content\/uploads\/2019\/06\/St\u00fchler_dancepoint_2016-1.jpg\" alt=\"\" data-id=\"13326\" data-link=\"https:\/\/tanzen-weilheim.de\/cms\/galerie-main\/2019-2\/stuehler_dancepoint_2016-2\" class=\"wp-image-13326\" srcset=\"https:\/\/tanzen-weilheim.de\/cms\/wp-content\/uploads\/2019\/06\/St\u00fchler_dancepoint_2016-1.jpg 1000w, https:\/\/tanzen-weilheim.de\/cms\/wp-content\/uploads\/2019\/06\/St\u00fchler_dancepoint_2016-1-640x960.jpg 640w, https:\/\/tanzen-weilheim.de\/cms\/wp-content\/uploads\/2019\/06\/St\u00fchler_dancepoint_2016-1-768x1152.jpg 768w, https:\/\/tanzen-weilheim.de\/cms\/wp-content\/uploads\/2019\/06\/St\u00fchler_dancepoint_2016-1-400x600.jpg 400w\" sizes=\"auto, (max-width: 1000px) 100vw, 1000px\" \/><figcaption>Bernd &amp; Angela<\/figcaption><\/figure><\/li><\/ul>\n\n\n\n<p><a href=\"https:\/\/tsc-unterschleissheim.de\/category\/ergebnisse-tsc-turniere\/\">Ergebnisse&nbsp;der&nbsp;Landesmeisterschaft&nbsp;Sen&nbsp;III&nbsp;D-S&nbsp;in&nbsp;Karlsfeld<\/a><\/p>\n\n\n\n<p><\/p>\n\n\n\n<p>Fotos:&nbsp; \u00a9 blitznicht.de; <br> LTVB Mila Scibor, peter-vollmann-photography, TSA-privat <\/p>\n","protected":false},"excerpt":{"rendered":"<p>M\u00fcnchen\/Karlsfeld.\u00a0 Samstag und Sonntag, 29. und 30. Juni 2019 &#8211;\u00a0 ein sehr hei\u00dfes Wochenende<\/p>\n","protected":false},"author":19,"featured_media":13503,"comment_status":"closed","ping_status":"closed","sticky":false,"template":"","format":"standard","meta":{"_jetpack_memberships_contains_paid_content":false,"footnotes":""},"categories":[1],"tags":[],"class_list":["post-13456","post","type-post","status-publish","format-standard","has-post-thumbnail","hentry","category-allgemein"],"jetpack_featured_media_url":"https:\/\/tanzen-weilheim.de\/cms\/wp-content\/uploads\/2019\/07\/2019-06-30-LM-Siegerehrung-Sen-III-C.jpg","jetpack_sharing_enabled":true,"_links":{"self":[{"href":"https:\/\/tanzen-weilheim.de\/cms\/wp-json\/wp\/v2\/posts\/13456","targetHints":{"allow":["GET"]}}],"collection":[{"href":"https:\/\/tanzen-weilheim.de\/cms\/wp-json\/wp\/v2\/posts"}],"about":[{"href":"https:\/\/tanzen-weilheim.de\/cms\/wp-json\/wp\/v2\/types\/post"}],"author":[{"embeddable":true,"href":"https:\/\/tanzen-weilheim.de\/cms\/wp-json\/wp\/v2\/users\/19"}],"replies":[{"embeddable":true,"href":"https:\/\/tanzen-weilheim.de\/cms\/wp-json\/wp\/v2\/comments?post=13456"}],"version-history":[{"count":17,"href":"https:\/\/tanzen-weilheim.de\/cms\/wp-json\/wp\/v2\/posts\/13456\/revisions"}],"predecessor-version":[{"id":14619,"href":"https:\/\/tanzen-weilheim.de\/cms\/wp-json\/wp\/v2\/posts\/13456\/revisions\/14619"}],"wp:featuredmedia":[{"embeddable":true,"href":"https:\/\/tanzen-weilheim.de\/cms\/wp-json\/wp\/v2\/media\/13503"}],"wp:attachment":[{"href":"https:\/\/tanzen-weilheim.de\/cms\/wp-json\/wp\/v2\/media?parent=13456"}],"wp:term":[{"taxonomy":"category","embeddable":true,"href":"https:\/\/tanzen-weilheim.de\/cms\/wp-json\/wp\/v2\/categories?post=13456"},{"taxonomy":"post_tag","embeddable":true,"href":"https:\/\/tanzen-weilheim.de\/cms\/wp-json\/wp\/v2\/tags?post=13456"}],"curies":[{"name":"wp","href":"https:\/\/api.w.org\/{rel}","templated":true}]}}