{"id":13298,"date":"2019-05-24T20:15:21","date_gmt":"2019-05-24T18:15:21","guid":{"rendered":"http:\/\/tanzen-weilheim.de\/cms\/?p=13298"},"modified":"2019-06-03T15:47:19","modified_gmt":"2019-06-03T13:47:19","slug":"gleich-fuenf-paare-und-die-formation-bei-der-sportlerehrung-der-stadt-weilheim-unter-den-geehrten","status":"publish","type":"post","link":"https:\/\/tanzen-weilheim.de\/cms\/13298\/gleich-fuenf-paare-und-die-formation-bei-der-sportlerehrung-der-stadt-weilheim-unter-den-geehrten","title":{"rendered":"Gleich f\u00fcnf Paare und die Formation bei der Sportlerehrung der Stadt Weilheim unter den Geehrten !"},"content":{"rendered":"\n<p><\/p>\n\n\n\n<p><strong>Weilheim. <\/strong>Wie seit vielen Jahren\n\u00fcblich, hat auch in diesem Jahr die Stadt Weilheim in einer netten und\nangenehmen Veranstaltung erfolgreiche Sportler aus Weilheim bzw. aus Weilheimer\nVereinen geehrt. Und wie schon in den letzten Jahren, so waren auch in diesem\nJahr T\u00e4nzerinnen und T\u00e4nzer der Tanzsportabteilung des TSV 1847 Weilheim e.V.\n(TSA) unter den Geehrten, die Ihre Urkunden und z.T. Ehrennadeln bzw.\nEhrenmedaillen aus der Hand des 1. B\u00fcrgermeisters der Stadt Weilheim i. OB,\nHerrn Markus Loth, bekamen. Durch die Veranstaltung f\u00fchrte beschwingt und\neloquent der Sportreferent des Stadtrates Tillman Wahlefeld.<\/p>\n\n\n\n<p>Nach\ndem Vorjahr gleich erneut dabei war unsere Formation \u201eSixteen to Sixty\u201c, die\nf\u00fcr den 3. Platz 2018 in der Bayerischen Hobbyliga f\u00fcr Freizeit- und\nHobby-Formationen geehrt wurden. <\/p>\n\n\n\n<figure class=\"wp-block-image\"><img loading=\"lazy\" decoding=\"async\" width=\"3840\" height=\"2880\" src=\"https:\/\/tanzen-weilheim.de\/cms\/wp-content\/uploads\/2019\/06\/Formation-3840x2880.jpg\" alt=\"\" class=\"wp-image-13300\" srcset=\"https:\/\/tanzen-weilheim.de\/cms\/wp-content\/uploads\/2019\/06\/Formation-3840x2880.jpg 3840w, https:\/\/tanzen-weilheim.de\/cms\/wp-content\/uploads\/2019\/06\/Formation-960x720.jpg 960w, https:\/\/tanzen-weilheim.de\/cms\/wp-content\/uploads\/2019\/06\/Formation-1920x1440.jpg 1920w, https:\/\/tanzen-weilheim.de\/cms\/wp-content\/uploads\/2019\/06\/Formation-768x576.jpg 768w, https:\/\/tanzen-weilheim.de\/cms\/wp-content\/uploads\/2019\/06\/Formation-400x300.jpg 400w\" sizes=\"auto, (max-width: 3840px) 100vw, 3840px\" \/><\/figure>\n\n\n\n<p>Ebenfalls\nzum zweiten Mal bei der Sportlerehrung waren Dr. Michael und Monika Marschall\nvertreten. Sie erhielten, wie bei einer zweiten Ehrung der Stadt Weilheim\n\u00fcblich, genauso wie die Mitglieder der Formation, eine Urkunde. Das Ehepaar\nMarschall hatte in 2018 bei den Bayerischen Meisterschaften der Senioren III in\nder heimischen Stadthalle den 3. Platz und damit die Bronzemedaille gewonnen\nund war damit in die zweith\u00f6chste Klasse, die A-Klasse aufgestiegen.<\/p>\n\n\n\n<div class=\"wp-block-image\"><figure class=\"aligncenter is-resized\"><img loading=\"lazy\" decoding=\"async\" src=\"https:\/\/tanzen-weilheim.de\/cms\/wp-content\/uploads\/2019\/06\/Marschall-17b.jpg\" alt=\"\" class=\"wp-image-13301\" width=\"231\" height=\"291\" srcset=\"https:\/\/tanzen-weilheim.de\/cms\/wp-content\/uploads\/2019\/06\/Marschall-17b.jpg 1333w, https:\/\/tanzen-weilheim.de\/cms\/wp-content\/uploads\/2019\/06\/Marschall-17b-759x960.jpg 759w, https:\/\/tanzen-weilheim.de\/cms\/wp-content\/uploads\/2019\/06\/Marschall-17b-768x971.jpg 768w, https:\/\/tanzen-weilheim.de\/cms\/wp-content\/uploads\/2019\/06\/Marschall-17b-400x506.jpg 400w\" sizes=\"auto, (max-width: 231px) 100vw, 231px\" \/><\/figure><\/div>\n\n\n\n<p>F\u00fcr den 3. Platz und die Bronzemedaille bei der Bayerischen Meisterschaft der Senioren IV wurden Peter und Birgit Handel ausgezeichnet. F\u00fcr Birgit war\u00b4s die zweite st\u00e4dtische Ehrung, Peter war bereits zum dritten Mal unter den Geehrten und erhielt daf\u00fcr die Sportplakette in Bronze.<\/p>\n\n\n\n<figure class=\"wp-block-image\"><img loading=\"lazy\" decoding=\"async\" width=\"3840\" height=\"2880\" src=\"https:\/\/tanzen-weilheim.de\/cms\/wp-content\/uploads\/2019\/06\/Handel-3840x2880.jpg\" alt=\"\" class=\"wp-image-13305\" srcset=\"https:\/\/tanzen-weilheim.de\/cms\/wp-content\/uploads\/2019\/06\/Handel-3840x2880.jpg 3840w, https:\/\/tanzen-weilheim.de\/cms\/wp-content\/uploads\/2019\/06\/Handel-960x720.jpg 960w, https:\/\/tanzen-weilheim.de\/cms\/wp-content\/uploads\/2019\/06\/Handel-1920x1440.jpg 1920w, https:\/\/tanzen-weilheim.de\/cms\/wp-content\/uploads\/2019\/06\/Handel-768x576.jpg 768w, https:\/\/tanzen-weilheim.de\/cms\/wp-content\/uploads\/2019\/06\/Handel-400x300.jpg 400w\" sizes=\"auto, (max-width: 3840px) 100vw, 3840px\" \/><\/figure>\n\n\n\n<p>Erstmals\nbei einer st\u00e4dtischen Ehrung vertreten waren Berthold und Valinja Bauer, die\nbei der gleichen Meisterschaft wie das Ehepaar Marschall, allerdings in der\nKlasse Senioren III D-Standard sogar die Silbermedaille und damit Platz 2. und den\nVizemeistertitel erreicht hatten. Auch sie durften damit vorzeitig in die\nn\u00e4chsth\u00f6here, die C-Klasse aufsteigen. F\u00fcr diese erste Ehrung erhielten sie\nneben der Urkunde auch die Verdienstnadel der Stadt \u201eF\u00fcr sportliche Verdienste\u201c.<\/p>\n\n\n\n<figure class=\"wp-block-image\"><img loading=\"lazy\" decoding=\"async\" width=\"3840\" height=\"2880\" src=\"https:\/\/tanzen-weilheim.de\/cms\/wp-content\/uploads\/2019\/06\/Bauer-3840x2880.jpg\" alt=\"\" class=\"wp-image-13302\" srcset=\"https:\/\/tanzen-weilheim.de\/cms\/wp-content\/uploads\/2019\/06\/Bauer-3840x2880.jpg 3840w, https:\/\/tanzen-weilheim.de\/cms\/wp-content\/uploads\/2019\/06\/Bauer-960x720.jpg 960w, https:\/\/tanzen-weilheim.de\/cms\/wp-content\/uploads\/2019\/06\/Bauer-1920x1440.jpg 1920w, https:\/\/tanzen-weilheim.de\/cms\/wp-content\/uploads\/2019\/06\/Bauer-768x576.jpg 768w, https:\/\/tanzen-weilheim.de\/cms\/wp-content\/uploads\/2019\/06\/Bauer-400x300.jpg 400w\" sizes=\"auto, (max-width: 3840px) 100vw, 3840px\" \/><\/figure>\n\n\n\n<p>Die gleiche Nadel samt Urkunde ging auch an Lennart Forster, der zusammen mit Diana Vollmann f\u00fcr den 3. Platz Bayernpokal-Turnierserie Jugend Standard 2018 geehrt wurde. Da Lennart verhindert war, nahm Diana, f\u00fcr die es ebenfalls schon die dritte Ehrung war und die damit auch mit der Sport-Plakette in Bronze ausgezeichnet wurde, die Ehrung f\u00fcr beide entgegen.<\/p>\n\n\n\n<figure class=\"wp-block-image\"><img loading=\"lazy\" decoding=\"async\" width=\"3840\" height=\"2880\" src=\"https:\/\/tanzen-weilheim.de\/cms\/wp-content\/uploads\/2019\/06\/Vollmann-3840x2880.jpg\" alt=\"\" class=\"wp-image-13303\" srcset=\"https:\/\/tanzen-weilheim.de\/cms\/wp-content\/uploads\/2019\/06\/Vollmann-3840x2880.jpg 3840w, https:\/\/tanzen-weilheim.de\/cms\/wp-content\/uploads\/2019\/06\/Vollmann-960x720.jpg 960w, https:\/\/tanzen-weilheim.de\/cms\/wp-content\/uploads\/2019\/06\/Vollmann-1920x1440.jpg 1920w, https:\/\/tanzen-weilheim.de\/cms\/wp-content\/uploads\/2019\/06\/Vollmann-768x576.jpg 768w, https:\/\/tanzen-weilheim.de\/cms\/wp-content\/uploads\/2019\/06\/Vollmann-400x300.jpg 400w\" sizes=\"auto, (max-width: 3840px) 100vw, 3840px\" \/><\/figure>\n\n\n\n<p>F\u00fcr\nden Turniersieg beim 1. Bayernpokal-Seniorenwochenende Sen III S Standard\nwurden Thomas Koterba und Ren\u00e9e Rothb\u00f6ck geehrt. Dies war auch der erste Sieg\nder beiden in der h\u00f6chsten deutschen Klasse. F\u00fcr Ren\u00e9e war es die erste\nAuszeichnung, auch sie erhielt daher zur Urkunde die Ehrennadel. Thomas durfte\nheuer bereits seine f\u00fcnfte Ehrung entgegennehmen und bekam zur Urkunde die\nsilberne Plakette der Stadt Weilheim \u201eF\u00fcr Verdienste im Sport\u201c \u2013 die h\u00f6chste\nAuszeichnung, die die Stadt Weilheim f\u00fcr sportliche Leistungen vergibt.<\/p>\n\n\n\n<figure class=\"wp-block-image\"><img loading=\"lazy\" decoding=\"async\" width=\"3840\" height=\"2880\" src=\"https:\/\/tanzen-weilheim.de\/cms\/wp-content\/uploads\/2019\/06\/Koterba-3840x2880.jpg\" alt=\"\" class=\"wp-image-13304\" srcset=\"https:\/\/tanzen-weilheim.de\/cms\/wp-content\/uploads\/2019\/06\/Koterba-3840x2880.jpg 3840w, https:\/\/tanzen-weilheim.de\/cms\/wp-content\/uploads\/2019\/06\/Koterba-960x720.jpg 960w, https:\/\/tanzen-weilheim.de\/cms\/wp-content\/uploads\/2019\/06\/Koterba-1920x1440.jpg 1920w, https:\/\/tanzen-weilheim.de\/cms\/wp-content\/uploads\/2019\/06\/Koterba-768x576.jpg 768w, https:\/\/tanzen-weilheim.de\/cms\/wp-content\/uploads\/2019\/06\/Koterba-400x300.jpg 400w\" sizes=\"auto, (max-width: 3840px) 100vw, 3840px\" \/><\/figure>\n\n\n\n<p>Die\nAbteilung gratuliert herzlich zu den Ehrungen!<\/p>\n\n\n\n<p>24.05.2019\/tk<\/p>\n","protected":false},"excerpt":{"rendered":"<p>Weilheim. Wie seit vielen Jahren \u00fcblich, hat auch in diesem Jahr die Stadt Weilheim in einer netten und angenehmen Veranstaltung erfolgreiche Sportler aus Weilheim bzw. aus Weilheimer Vereinen geehrt. Und wie schon in den letzten Jahren, so waren auch in diesem Jahr T\u00e4nzerinnen und T\u00e4nzer der Tanzsportabteilung des TSV 1847 Weilheim e.V. (TSA) unter den [&hellip;]<\/p>\n","protected":false},"author":17,"featured_media":13306,"comment_status":"closed","ping_status":"closed","sticky":false,"template":"","format":"standard","meta":{"_jetpack_memberships_contains_paid_content":false,"footnotes":""},"categories":[1],"tags":[],"class_list":["post-13298","post","type-post","status-publish","format-standard","has-post-thumbnail","hentry","category-allgemein"],"jetpack_featured_media_url":"https:\/\/tanzen-weilheim.de\/cms\/wp-content\/uploads\/2019\/06\/Urkunde.jpg","jetpack_sharing_enabled":true,"_links":{"self":[{"href":"https:\/\/tanzen-weilheim.de\/cms\/wp-json\/wp\/v2\/posts\/13298","targetHints":{"allow":["GET"]}}],"collection":[{"href":"https:\/\/tanzen-weilheim.de\/cms\/wp-json\/wp\/v2\/posts"}],"about":[{"href":"https:\/\/tanzen-weilheim.de\/cms\/wp-json\/wp\/v2\/types\/post"}],"author":[{"embeddable":true,"href":"https:\/\/tanzen-weilheim.de\/cms\/wp-json\/wp\/v2\/users\/17"}],"replies":[{"embeddable":true,"href":"https:\/\/tanzen-weilheim.de\/cms\/wp-json\/wp\/v2\/comments?post=13298"}],"version-history":[{"count":3,"href":"https:\/\/tanzen-weilheim.de\/cms\/wp-json\/wp\/v2\/posts\/13298\/revisions"}],"predecessor-version":[{"id":13322,"href":"https:\/\/tanzen-weilheim.de\/cms\/wp-json\/wp\/v2\/posts\/13298\/revisions\/13322"}],"wp:featuredmedia":[{"embeddable":true,"href":"https:\/\/tanzen-weilheim.de\/cms\/wp-json\/wp\/v2\/media\/13306"}],"wp:attachment":[{"href":"https:\/\/tanzen-weilheim.de\/cms\/wp-json\/wp\/v2\/media?parent=13298"}],"wp:term":[{"taxonomy":"category","embeddable":true,"href":"https:\/\/tanzen-weilheim.de\/cms\/wp-json\/wp\/v2\/categories?post=13298"},{"taxonomy":"post_tag","embeddable":true,"href":"https:\/\/tanzen-weilheim.de\/cms\/wp-json\/wp\/v2\/tags?post=13298"}],"curies":[{"name":"wp","href":"https:\/\/api.w.org\/{rel}","templated":true}]}}