{"id":13140,"date":"2019-05-12T19:03:01","date_gmt":"2019-05-12T17:03:01","guid":{"rendered":"http:\/\/tanzen-weilheim.de\/cms\/?p=13140"},"modified":"2020-01-21T11:27:28","modified_gmt":"2020-01-21T10:27:28","slug":"zweimal-trepperl-fuer-guenter-und-gerlinde-zoubek-und-richard-und-kamilla-czierpke-beim-mittelfraenkischen-tanzsportwochenende","status":"publish","type":"post","link":"https:\/\/tanzen-weilheim.de\/cms\/13140\/zweimal-trepperl-fuer-guenter-und-gerlinde-zoubek-und-richard-und-kamilla-czierpke-beim-mittelfraenkischen-tanzsportwochenende","title":{"rendered":"Zweimal Trepperl f\u00fcr G\u00fcnter und Gerlinde Zoubek und Richard und Kamilla Czierpke beim Mittelfr\u00e4nkischen Tanzsportwochenende!"},"content":{"rendered":"\n<p><\/p>\n\n\n\n<p><strong>Weilheim \/ Erlangen \/ F\u00fcrth<\/strong>. Am vergangenen Wochenende fand wieder einmal das renommierte Mittelfr\u00e4nkische Tanzsportwochenende in Erlangen, F\u00fcrth und N\u00fcrnberg statt. <\/p>\n\n\n\n<!--more-->\n\n\n\n<p>Insgesamt 54 Einzelturniere \u00fcber zwei volle Turniertage in drei benachbarten Clubs mit Doppelstartm\u00f6glichkeiten f\u00fcr fast alle Paare waren dabei geboten. Und das macht dann auch klar, wieso das Mittelfr\u00e4nkische Tanzsportwochenende fester Bestandteil der Turnierplanung vieler Paare ist. Die Farben der Tanzsportabteilung des TSV 1847 Weilheim e.V. (TSA) wurden diesmal dort von zwei Paaren vertreten.<\/p>\n\n\n\n<p>Am Samstag traten G\u00fcnter und Gerlinde Zoubek in ihrer Altersklasse Senioren III (ein Partner \u00fcber 50 Jahre, der zweite \u00fcber 55) in ihrer Leistungsklasse D beim TTC Erlangen an. Sie meisterten die Vorrunde souver\u00e4n mit allen erreichbaren Wertungen und tanzten sich im Finale dann auf einen sch\u00f6nen 4. Platz vor. Damit haben sie in nur acht Monaten das Kunstst\u00fcck fertiggebracht, als Neulinge im Turnier-Leistungssport alle sieben erforderlichen Platzierungen f\u00fcr den Aufstieg in die n\u00e4chsth\u00f6here Leistungsklasse C zu schaffen \u2013 und das in nur 10 Turnieren. Das ist wirklich eine starke Leistung! Jetzt brauchen die Beiden nur noch eine Menge Punkte, denn das ist die zweite Voraussetzung f\u00fcr einen Aufstieg. <\/p>\n\n\n\n<p>Am\nSonntag in F\u00fcrth beim Rot-Gold-Casino N\u00fcrnberg e.V. traten G\u00fcnter und Gerlinde\ndann nochmal an und diesmal lief\u00b4s sogar noch besser! Nach wiederum souver\u00e4ner Vorrundenleistung\nsteigerten sie sich im Finale nochmal deutlich und holten sich mit dem 2. Platz\neinen der begehrten Trepperl-Pl\u00e4tze. So kann\u00b4s gerne weitergehen!<\/p>\n\n\n\n<figure class=\"wp-block-image\"><img loading=\"lazy\" decoding=\"async\" width=\"1423\" height=\"929\" src=\"https:\/\/tanzen-weilheim.de\/cms\/wp-content\/uploads\/2019\/05\/Zoubek-08.jpg\" alt=\"\" class=\"wp-image-13141\" srcset=\"https:\/\/tanzen-weilheim.de\/cms\/wp-content\/uploads\/2019\/05\/Zoubek-08.jpg 1423w, https:\/\/tanzen-weilheim.de\/cms\/wp-content\/uploads\/2019\/05\/Zoubek-08-960x627.jpg 960w, https:\/\/tanzen-weilheim.de\/cms\/wp-content\/uploads\/2019\/05\/Zoubek-08-768x501.jpg 768w, https:\/\/tanzen-weilheim.de\/cms\/wp-content\/uploads\/2019\/05\/Zoubek-08-400x261.jpg 400w\" sizes=\"auto, (max-width: 1423px) 100vw, 1423px\" \/><figcaption>Gerlinde und G\u00fcnter Zoubek auf Platz 2.<\/figcaption><\/figure>\n\n\n\n<div class=\"wp-block-image\"><figure class=\"aligncenter is-resized\"><img loading=\"lazy\" decoding=\"async\" src=\"https:\/\/tanzen-weilheim.de\/cms\/wp-content\/uploads\/2019\/06\/IMG_0543_Czierpke_2019.jpg\" alt=\"\" class=\"wp-image-13344\" width=\"275\" height=\"412\" srcset=\"https:\/\/tanzen-weilheim.de\/cms\/wp-content\/uploads\/2019\/06\/IMG_0543_Czierpke_2019.jpg 1483w, https:\/\/tanzen-weilheim.de\/cms\/wp-content\/uploads\/2019\/06\/IMG_0543_Czierpke_2019-640x960.jpg 640w, https:\/\/tanzen-weilheim.de\/cms\/wp-content\/uploads\/2019\/06\/IMG_0543_Czierpke_2019-1280x1920.jpg 1280w, https:\/\/tanzen-weilheim.de\/cms\/wp-content\/uploads\/2019\/06\/IMG_0543_Czierpke_2019-768x1152.jpg 768w, https:\/\/tanzen-weilheim.de\/cms\/wp-content\/uploads\/2019\/06\/IMG_0543_Czierpke_2019-400x600.jpg 400w\" sizes=\"auto, (max-width: 275px) 100vw, 275px\" \/><figcaption>Richard &amp; Kamilla<\/figcaption><\/figure><\/div>\n\n\n\n<p>Ebenfalls am Sonntag griffen dann Richard und Kamilla Czierpke ins Turniergeschehen ein. In der gleichen Altersklasse, aber eine Leistungsklasse h\u00f6her als G\u00fcnter und Gerlinde, n\u00e4mlich in der C-Klasse, versuchten sie sich in einem Startfeld von 10 Paaren. Auch sie meisterten die Vorrunde ohne Probleme und auch sie tanzten sich im Finale auf den 2. Platz vor. F\u00fcr Richard und Kamilla war das auch schon die dritte Aufstiegsplatzierung in der C-Klasse, aber erst die erste davon auf dem begehrten Trepperl und damit etwas ganz Besonderes.<\/p>\n\n\n\n<figure class=\"wp-block-image\"><img loading=\"lazy\" decoding=\"async\" width=\"1134\" height=\"695\" src=\"https:\/\/tanzen-weilheim.de\/cms\/wp-content\/uploads\/2019\/05\/Czierpke-02.jpg\" alt=\"\" class=\"wp-image-13142\" srcset=\"https:\/\/tanzen-weilheim.de\/cms\/wp-content\/uploads\/2019\/05\/Czierpke-02.jpg 1134w, https:\/\/tanzen-weilheim.de\/cms\/wp-content\/uploads\/2019\/05\/Czierpke-02-960x588.jpg 960w, https:\/\/tanzen-weilheim.de\/cms\/wp-content\/uploads\/2019\/05\/Czierpke-02-768x471.jpg 768w, https:\/\/tanzen-weilheim.de\/cms\/wp-content\/uploads\/2019\/05\/Czierpke-02-400x245.jpg 400w\" sizes=\"auto, (max-width: 1134px) 100vw, 1134px\" \/><figcaption>Kamilla und Richard Czierpke auf Platz 2.<\/figcaption><\/figure>\n\n\n\n<p>Beide\nPaare genossen die famili\u00e4re Atmosph\u00e4re und die tollen Turniere im Frankenland\nsehr und fuhren sehr zufrieden wieder heim.<\/p>\n\n\n\n<p>Die\nAbteilung gratuliert beiden Paaren zu den guten Leistungen und freut sich sehr\ndar\u00fcber!<\/p>\n\n\n\n<p>12.05.2019\/tk<\/p>\n","protected":false},"excerpt":{"rendered":"<p>Weilheim \/ Erlangen \/ F\u00fcrth. Am vergangenen Wochenende fand wieder einmal das renommierte Mittelfr\u00e4nkische Tanzsportwochenende in Erlangen, F\u00fcrth und N\u00fcrnberg statt.<\/p>\n","protected":false},"author":17,"featured_media":13565,"comment_status":"closed","ping_status":"closed","sticky":false,"template":"","format":"standard","meta":{"_jetpack_memberships_contains_paid_content":false,"footnotes":""},"categories":[1],"tags":[],"class_list":["post-13140","post","type-post","status-publish","format-standard","has-post-thumbnail","hentry","category-allgemein"],"jetpack_featured_media_url":"https:\/\/tanzen-weilheim.de\/cms\/wp-content\/uploads\/2019\/05\/Zoubek_F\u00fcrth_2019.jpg","jetpack_sharing_enabled":true,"_links":{"self":[{"href":"https:\/\/tanzen-weilheim.de\/cms\/wp-json\/wp\/v2\/posts\/13140","targetHints":{"allow":["GET"]}}],"collection":[{"href":"https:\/\/tanzen-weilheim.de\/cms\/wp-json\/wp\/v2\/posts"}],"about":[{"href":"https:\/\/tanzen-weilheim.de\/cms\/wp-json\/wp\/v2\/types\/post"}],"author":[{"embeddable":true,"href":"https:\/\/tanzen-weilheim.de\/cms\/wp-json\/wp\/v2\/users\/17"}],"replies":[{"embeddable":true,"href":"https:\/\/tanzen-weilheim.de\/cms\/wp-json\/wp\/v2\/comments?post=13140"}],"version-history":[{"count":5,"href":"https:\/\/tanzen-weilheim.de\/cms\/wp-json\/wp\/v2\/posts\/13140\/revisions"}],"predecessor-version":[{"id":14622,"href":"https:\/\/tanzen-weilheim.de\/cms\/wp-json\/wp\/v2\/posts\/13140\/revisions\/14622"}],"wp:featuredmedia":[{"embeddable":true,"href":"https:\/\/tanzen-weilheim.de\/cms\/wp-json\/wp\/v2\/media\/13565"}],"wp:attachment":[{"href":"https:\/\/tanzen-weilheim.de\/cms\/wp-json\/wp\/v2\/media?parent=13140"}],"wp:term":[{"taxonomy":"category","embeddable":true,"href":"https:\/\/tanzen-weilheim.de\/cms\/wp-json\/wp\/v2\/categories?post=13140"},{"taxonomy":"post_tag","embeddable":true,"href":"https:\/\/tanzen-weilheim.de\/cms\/wp-json\/wp\/v2\/tags?post=13140"}],"curies":[{"name":"wp","href":"https:\/\/api.w.org\/{rel}","templated":true}]}}