{"id":13068,"date":"2019-04-28T20:25:15","date_gmt":"2019-04-28T18:25:15","guid":{"rendered":"http:\/\/tanzen-weilheim.de\/cms\/?p=13068"},"modified":"2019-04-30T16:36:24","modified_gmt":"2019-04-30T14:36:24","slug":"zweimal-finale-fuer-guenter-und-gerlinde-zoubek-beim-seniorenwochenende-2019-in-koenigsbrunn","status":"publish","type":"post","link":"https:\/\/tanzen-weilheim.de\/cms\/13068\/zweimal-finale-fuer-guenter-und-gerlinde-zoubek-beim-seniorenwochenende-2019-in-koenigsbrunn","title":{"rendered":"Zweimal Finale f\u00fcr G\u00fcnter und Gerlinde Zoubek beim Seniorenwochenende 2019 in K\u00f6nigsbrunn"},"content":{"rendered":"\n<p><strong>Weilheim \/ K\u00f6nigsbrunn<\/strong>. Insgesamt 46 Einzelturniere \u00fcber zwei volle Turniertage auf zwei Tanzfl\u00e4chen bei \u00fcber 150 Paaren. Das ist die reine Zahlenbilanz des diesj\u00e4hrigen Seniorenwochenendes des TSC dancepoint K\u00f6nigsbrunn e.V. Es ist sch\u00f6n, mitzuerleben, da\u00df es nach wie vor Clubs gibt, die auch in Zeiten zur\u00fcckgehender Startmeldungen solche Turnierwochenenden anbieten mit der M\u00f6glichkeit, gleich mehrfach zu starten.<\/p>\n\n\n\n<p>Aus Weilheim machten sich drei Paare auf den Weg nach K\u00f6nigsbrunn ins dancepoint-Clubheim, alle drei ausschlie\u00dflich in Standard-Turnieren gemeldet. Den gr\u00f6\u00dften Erfolg erzielten dabei G\u00fcnter und Gerlinde Zoubek, die in ihrer Altersklasse Senioren III (ein Partner \u00fcber 50 Jahre, der zweite \u00fcber 55) in ihrer Leistungsklasse D an beiden Tagen jeweils ins Finale kamen und samstags einen 6. Platz und sonntags sogar einen 3. Platz erreichen konnten. Die Beiden haben somit in erst insgesamt neun Turnieren seit ihrem Leistungssport-Debut im vergangenen Herbst schon sechs aufstiegsrelevante Platzierungen (von sieben n\u00f6tigen\u2026) erreicht und dazu auch eine Menge Punkte gesammelt. So ganz langsam k\u00f6nnen sich G\u00fcnter und Gerlinde mal gedanklich auf den Aufstieg in die n\u00e4chsth\u00f6here C-Klasse vorbereiten.<\/p>\n\n\n\n<figure class=\"wp-block-image\"><img loading=\"lazy\" decoding=\"async\" width=\"683\" height=\"1024\" src=\"https:\/\/tanzen-weilheim.de\/cms\/wp-content\/uploads\/2018\/10\/Zoubek-04a-683x1024.jpg\" alt=\"\" class=\"wp-image-11378\" srcset=\"https:\/\/tanzen-weilheim.de\/cms\/wp-content\/uploads\/2018\/10\/Zoubek-04a-683x1024.jpg 683w, https:\/\/tanzen-weilheim.de\/cms\/wp-content\/uploads\/2018\/10\/Zoubek-04a-640x960.jpg 640w, https:\/\/tanzen-weilheim.de\/cms\/wp-content\/uploads\/2018\/10\/Zoubek-04a-1280x1920.jpg 1280w, https:\/\/tanzen-weilheim.de\/cms\/wp-content\/uploads\/2018\/10\/Zoubek-04a-768x1152.jpg 768w, https:\/\/tanzen-weilheim.de\/cms\/wp-content\/uploads\/2018\/10\/Zoubek-04a-400x600.jpg 400w, https:\/\/tanzen-weilheim.de\/cms\/wp-content\/uploads\/2018\/10\/Zoubek-04a-533x800.jpg 533w, https:\/\/tanzen-weilheim.de\/cms\/wp-content\/uploads\/2018\/10\/Zoubek-04a-200x300.jpg 200w, https:\/\/tanzen-weilheim.de\/cms\/wp-content\/uploads\/2018\/10\/Zoubek-04a.jpg 2000w\" sizes=\"auto, (max-width: 683px) 100vw, 683px\" \/><\/figure>\n\n\n\n<figure class=\"wp-block-image\"><img loading=\"lazy\" decoding=\"async\" width=\"2917\" height=\"1812\" src=\"https:\/\/tanzen-weilheim.de\/cms\/wp-content\/uploads\/2019\/04\/Zoubek-01.jpg\" alt=\"\" class=\"wp-image-13078\" srcset=\"https:\/\/tanzen-weilheim.de\/cms\/wp-content\/uploads\/2019\/04\/Zoubek-01.jpg 2917w, https:\/\/tanzen-weilheim.de\/cms\/wp-content\/uploads\/2019\/04\/Zoubek-01-960x596.jpg 960w, https:\/\/tanzen-weilheim.de\/cms\/wp-content\/uploads\/2019\/04\/Zoubek-01-1920x1193.jpg 1920w, https:\/\/tanzen-weilheim.de\/cms\/wp-content\/uploads\/2019\/04\/Zoubek-01-768x477.jpg 768w, https:\/\/tanzen-weilheim.de\/cms\/wp-content\/uploads\/2019\/04\/Zoubek-01-400x248.jpg 400w\" sizes=\"auto, (max-width: 2917px) 100vw, 2917px\" \/><figcaption>Siegerehrung Sen III D Standard &#8211; 3. Paar von links: Gerlinde und G\u00fcnter Zoubek<\/figcaption><\/figure>\n\n\n\n<p>In dieser C-Klasse tanzen seit ihrem Aufstieg bei der\nLandesmeisterschaft in Weilheim im M\u00e4rz letzten Jahres Berthold und Valinja\nBauer. Auch sie gingen in K\u00f6nigsbrunn zweimal an den Start, allerdings am\ngleichen Tag, dem Sonntag. Zuerst in ihrer eigentlichen Altersklasse Senioren\nIII, in dem sie in einem starken und gro\u00dfen Feld als zweitbestes bayerisches\nPaar mit Rang 7. nur ganz knapp das Finale verpa\u00dften. Sie probierten es dann\nauch in der n\u00e4chstj\u00fcngeren Altersgruppe der Senioren II (\u00fcber 40 bzw.45) und\nerreichten dort einen angesichts der im Durchschnitt 10 Jahre j\u00fcngeren\nKonkurrenz respektablen 14. Platz und wieder einige Punkte.<\/p>\n\n\n\n<figure class=\"wp-block-image\"><img loading=\"lazy\" decoding=\"async\" width=\"2523\" height=\"3840\" src=\"https:\/\/tanzen-weilheim.de\/cms\/wp-content\/uploads\/2019\/03\/Bauer-13a-2523x3840.jpg\" alt=\"\" class=\"wp-image-12835\" srcset=\"https:\/\/tanzen-weilheim.de\/cms\/wp-content\/uploads\/2019\/03\/Bauer-13a-2523x3840.jpg 2523w, https:\/\/tanzen-weilheim.de\/cms\/wp-content\/uploads\/2019\/03\/Bauer-13a-631x960.jpg 631w, https:\/\/tanzen-weilheim.de\/cms\/wp-content\/uploads\/2019\/03\/Bauer-13a-1262x1920.jpg 1262w, https:\/\/tanzen-weilheim.de\/cms\/wp-content\/uploads\/2019\/03\/Bauer-13a-768x1169.jpg 768w, https:\/\/tanzen-weilheim.de\/cms\/wp-content\/uploads\/2019\/03\/Bauer-13a-394x600.jpg 394w\" sizes=\"auto, (max-width: 2523px) 100vw, 2523px\" \/><figcaption>Berthold &amp; Valinja<\/figcaption><\/figure>\n\n\n\n<p>Bei den Senioren III in der h\u00f6chsten Leistungsklasse, der Sonderklasse S, konnten sich Thomas Koterba und Ren\u00e9e Rothb\u00f6ck dieses Mal mit Platz 7. Knapp nicht f\u00fcrs Finale qualifizieren. Mit ihrem Tanzen waren die Beiden zufrieden, sie haderten ein wenig mit den Wertungsrichter-Entscheidungen, die in diesem Turnier von vielen Zuschauern und Paaren als teilweise unverst\u00e4ndlich eingestuft wurden. Aber in einem Sport, der halt nun mal nicht objektiv (mit Zeit- oder Weitenmessungen oder durch das Z\u00e4hlen von Toren o.\u00e4.), sondern eben subjektiv-vergleichend bewertet wird, geh\u00f6rt auch das einfach mal \u201edazu\u201c.<\/p>\n\n\n\n<figure class=\"wp-block-image\"><img loading=\"lazy\" decoding=\"async\" width=\"683\" height=\"1024\" src=\"https:\/\/tanzen-weilheim.de\/cms\/wp-content\/uploads\/2018\/08\/Koterba-Rothb\u00f6ck-101-683x1024.jpg\" alt=\"\" class=\"wp-image-10944\" srcset=\"https:\/\/tanzen-weilheim.de\/cms\/wp-content\/uploads\/2018\/08\/Koterba-Rothb\u00f6ck-101.jpg 683w, https:\/\/tanzen-weilheim.de\/cms\/wp-content\/uploads\/2018\/08\/Koterba-Rothb\u00f6ck-101-640x960.jpg 640w, https:\/\/tanzen-weilheim.de\/cms\/wp-content\/uploads\/2018\/08\/Koterba-Rothb\u00f6ck-101-200x300.jpg 200w, https:\/\/tanzen-weilheim.de\/cms\/wp-content\/uploads\/2018\/08\/Koterba-Rothb\u00f6ck-101-400x600.jpg 400w, https:\/\/tanzen-weilheim.de\/cms\/wp-content\/uploads\/2018\/08\/Koterba-Rothb\u00f6ck-101-534x800.jpg 534w\" sizes=\"auto, (max-width: 683px) 100vw, 683px\" \/><\/figure>\n\n\n\n<p>Die Abteilung freut sich, da\u00df immer wieder Paare aus\nWeilheim unsere TSA auch bei solchen Gro\u00dfveranstaltungen vertreten und\ngratuliert zu den Erfolgen!<\/p>\n\n\n\n<p>30.04.2019\/tk<\/p>\n","protected":false},"excerpt":{"rendered":"<p>Weilheim \/ K\u00f6nigsbrunn. Insgesamt 46 Einzelturniere \u00fcber zwei volle Turniertage auf zwei Tanzfl\u00e4chen bei \u00fcber 150 Paaren. Das ist die reine Zahlenbilanz des diesj\u00e4hrigen Seniorenwochenendes des TSC dancepoint K\u00f6nigsbrunn e.V. Es ist sch\u00f6n, mitzuerleben, da\u00df es nach wie vor Clubs gibt, die auch in Zeiten zur\u00fcckgehender Startmeldungen solche Turnierwochenenden anbieten mit der M\u00f6glichkeit, gleich mehrfach [&hellip;]<\/p>\n","protected":false},"author":17,"featured_media":11658,"comment_status":"closed","ping_status":"closed","sticky":false,"template":"","format":"standard","meta":{"_jetpack_memberships_contains_paid_content":false,"footnotes":""},"categories":[1],"tags":[],"class_list":["post-13068","post","type-post","status-publish","format-standard","has-post-thumbnail","hentry","category-allgemein"],"jetpack_featured_media_url":"https:\/\/tanzen-weilheim.de\/cms\/wp-content\/uploads\/2018\/12\/Zoubek-06a.jpg","jetpack_sharing_enabled":true,"_links":{"self":[{"href":"https:\/\/tanzen-weilheim.de\/cms\/wp-json\/wp\/v2\/posts\/13068","targetHints":{"allow":["GET"]}}],"collection":[{"href":"https:\/\/tanzen-weilheim.de\/cms\/wp-json\/wp\/v2\/posts"}],"about":[{"href":"https:\/\/tanzen-weilheim.de\/cms\/wp-json\/wp\/v2\/types\/post"}],"author":[{"embeddable":true,"href":"https:\/\/tanzen-weilheim.de\/cms\/wp-json\/wp\/v2\/users\/17"}],"replies":[{"embeddable":true,"href":"https:\/\/tanzen-weilheim.de\/cms\/wp-json\/wp\/v2\/comments?post=13068"}],"version-history":[{"count":4,"href":"https:\/\/tanzen-weilheim.de\/cms\/wp-json\/wp\/v2\/posts\/13068\/revisions"}],"predecessor-version":[{"id":13079,"href":"https:\/\/tanzen-weilheim.de\/cms\/wp-json\/wp\/v2\/posts\/13068\/revisions\/13079"}],"wp:featuredmedia":[{"embeddable":true,"href":"https:\/\/tanzen-weilheim.de\/cms\/wp-json\/wp\/v2\/media\/11658"}],"wp:attachment":[{"href":"https:\/\/tanzen-weilheim.de\/cms\/wp-json\/wp\/v2\/media?parent=13068"}],"wp:term":[{"taxonomy":"category","embeddable":true,"href":"https:\/\/tanzen-weilheim.de\/cms\/wp-json\/wp\/v2\/categories?post=13068"},{"taxonomy":"post_tag","embeddable":true,"href":"https:\/\/tanzen-weilheim.de\/cms\/wp-json\/wp\/v2\/tags?post=13068"}],"curies":[{"name":"wp","href":"https:\/\/api.w.org\/{rel}","templated":true}]}}