{"id":13042,"date":"2019-04-22T18:04:08","date_gmt":"2019-04-22T16:04:08","guid":{"rendered":"http:\/\/tanzen-weilheim.de\/cms\/?p=13042"},"modified":"2019-04-26T17:29:07","modified_gmt":"2019-04-26T15:29:07","slug":"lennart-forster-und-diana-vollmann-beim-blauen-band-der-spree-drei-starts-in-berlin-drei-gute-ergebnisse","status":"publish","type":"post","link":"https:\/\/tanzen-weilheim.de\/cms\/13042\/lennart-forster-und-diana-vollmann-beim-blauen-band-der-spree-drei-starts-in-berlin-drei-gute-ergebnisse","title":{"rendered":"Lennart Forster und Diana Vollmann beim \u201eBlauen Band der Spree\u201c!                                    Drei Starts in Berlin \u2013 drei gute Ergebnisse!"},"content":{"rendered":"\n<p><strong>Weilheim \/ Berlin<\/strong>. Jedes Jahr am Osterwochenende finden in Berlin die Turniere um die begehrten \u201eBlauen B\u00e4nder der Spree\u201c statt. Hier hat sich seit vielen Jahren in Deutschland eine Mammut-Turnierveranstaltung etabliert, die eine wunderbare Verzahnung zwischen internationalen WDSF-Turnieren und ganz, ganz vielen DTV-Turnieren bietet, in diesem Jahr war sogar eine WDSF-Weltmeisterschaft in den Ablauf eingebaut. Bei der diesj\u00e4hrigen 47. Auflage des \u201eBlauen Bandes\u201c waren somit insgesamt nicht weniger als sage und schreibe 60 Einzelturniere auf drei parallelen Tanzfl\u00e4chen \u00fcber 4 volle Tanzsporttage auf dem Programm. Da\u00df so ein Mega-Event nat\u00fcrlich Paare magisch anzieht, ist klar, und so meldeten sich auch Lennart Forster (18) und Diana Vollmann (15) von der Tanzsportabteilung (TSA) des TSV 1847 Weilheim e.V. &nbsp;f\u00fcr gleich drei Turniere dort an.<\/p>\n\n\n\n<figure class=\"wp-block-image\"><img loading=\"lazy\" decoding=\"async\" width=\"1695\" height=\"2156\" src=\"https:\/\/tanzen-weilheim.de\/cms\/wp-content\/uploads\/2019\/04\/Forster-Vollmann-09.jpg\" alt=\"\" class=\"wp-image-13061\" srcset=\"https:\/\/tanzen-weilheim.de\/cms\/wp-content\/uploads\/2019\/04\/Forster-Vollmann-09.jpg 1695w, https:\/\/tanzen-weilheim.de\/cms\/wp-content\/uploads\/2019\/04\/Forster-Vollmann-09-755x960.jpg 755w, https:\/\/tanzen-weilheim.de\/cms\/wp-content\/uploads\/2019\/04\/Forster-Vollmann-09-1509x1920.jpg 1509w, https:\/\/tanzen-weilheim.de\/cms\/wp-content\/uploads\/2019\/04\/Forster-Vollmann-09-768x977.jpg 768w, https:\/\/tanzen-weilheim.de\/cms\/wp-content\/uploads\/2019\/04\/Forster-Vollmann-09-400x509.jpg 400w\" sizes=\"auto, (max-width: 1695px) 100vw, 1695px\" \/><\/figure>\n\n\n\n<p>Am Karfreitag&nbsp; erreichten sie beim ersten Start in Berlin dann auch gleich das beste Ergebnis. In der Hauptgruppe (ein Partner mind. 19 Jahre alt irgendwann im Wettkampfjahr, der andere darf j\u00fcnger sein) in ihrer Leistungsklasse B in den Standardt\u00e4nzen tanzten sie sich unter 66 Paaren aus dem In- und Ausland couragiert bis in die zweite Zwischenrunde vor, in der sie dann mit dem 16. Platz abschlossen, als Anschlu\u00dfpaar nur hauchd\u00fcnn am Halbfinale (der besten 15 Paare) vorbeigeschrammt. Sie waren damit nach den Bronzemedaillengewinnern aus M\u00fcnchen das zweitbeste bayerische Paar in dieser Klasse!<\/p>\n\n\n\n<figure class=\"wp-block-image\"><img loading=\"lazy\" decoding=\"async\" width=\"1583\" height=\"2192\" src=\"https:\/\/tanzen-weilheim.de\/cms\/wp-content\/uploads\/2019\/04\/Forster-Vollmann-12.jpg\" alt=\"\" class=\"wp-image-13058\" srcset=\"https:\/\/tanzen-weilheim.de\/cms\/wp-content\/uploads\/2019\/04\/Forster-Vollmann-12.jpg 1583w, https:\/\/tanzen-weilheim.de\/cms\/wp-content\/uploads\/2019\/04\/Forster-Vollmann-12-693x960.jpg 693w, https:\/\/tanzen-weilheim.de\/cms\/wp-content\/uploads\/2019\/04\/Forster-Vollmann-12-1387x1920.jpg 1387w, https:\/\/tanzen-weilheim.de\/cms\/wp-content\/uploads\/2019\/04\/Forster-Vollmann-12-768x1063.jpg 768w, https:\/\/tanzen-weilheim.de\/cms\/wp-content\/uploads\/2019\/04\/Forster-Vollmann-12-400x554.jpg 400w\" sizes=\"auto, (max-width: 1583px) 100vw, 1583px\" \/><figcaption> Lennart Forster und Diana Vollmann &#8211; Im Hintergrund, nur durch das rote Band getrennt, die Paare der Sen I Weltmeisterschaft <\/figcaption><\/figure>\n\n\n\n<p>Am\nTag darauf, dem Karsamstag, traten die Beiden erneut in dieser Klasse an,\nerreichten wiederum das Viertelfinale und platzierten sich auf dem nicht minder\nguten 22. Platz von insg. 61 gestarteten Paaren. An beiden Tagen im bzw. am\nvorderen Drittel des Klassements in solchen Startfeldern zu landen, das ist\nschon wirklich aller Ehren wert und l\u00e4\u00dft f\u00fcrs restliche Jahr dann doch so\neiniges noch an guten Ergebnissen erhoffen.<\/p>\n\n\n\n<p>Am\ndritten Tag, dem Ostersonntag, gingen Lennart und Diana dann \u00fcber zu den\nLateinamerikanischen T\u00e4nzen. Hier wollten sie sich mit insg. 82 Paaren,\nwiederum aus dem In- und Ausland messen. Da sie in den Lateint\u00e4nzen noch nicht\nso lange in der B-Klasse waren, rechneten sie hier nicht mit Ergebnissen wie in\nStandard. Dennoch erreichten die Beiden die zweite Runde und landeten auf einem\nrespektablen 47. Platz; genau im Mitteldrittel.<\/p>\n\n\n\n<figure class=\"wp-block-image\"><img loading=\"lazy\" decoding=\"async\" width=\"2810\" height=\"2092\" src=\"https:\/\/tanzen-weilheim.de\/cms\/wp-content\/uploads\/2019\/04\/Forster-Vollmann-14.jpg\" alt=\"\" class=\"wp-image-13059\" srcset=\"https:\/\/tanzen-weilheim.de\/cms\/wp-content\/uploads\/2019\/04\/Forster-Vollmann-14.jpg 2810w, https:\/\/tanzen-weilheim.de\/cms\/wp-content\/uploads\/2019\/04\/Forster-Vollmann-14-960x715.jpg 960w, https:\/\/tanzen-weilheim.de\/cms\/wp-content\/uploads\/2019\/04\/Forster-Vollmann-14-1920x1429.jpg 1920w, https:\/\/tanzen-weilheim.de\/cms\/wp-content\/uploads\/2019\/04\/Forster-Vollmann-14-768x572.jpg 768w, https:\/\/tanzen-weilheim.de\/cms\/wp-content\/uploads\/2019\/04\/Forster-Vollmann-14-400x298.jpg 400w\" sizes=\"auto, (max-width: 2810px) 100vw, 2810px\" \/><\/figure>\n\n\n\n<figure class=\"wp-block-image\"><img loading=\"lazy\" decoding=\"async\" width=\"1109\" height=\"1717\" src=\"https:\/\/tanzen-weilheim.de\/cms\/wp-content\/uploads\/2019\/04\/Forster-Vollmann-15.jpg\" alt=\"\" class=\"wp-image-13060\" srcset=\"https:\/\/tanzen-weilheim.de\/cms\/wp-content\/uploads\/2019\/04\/Forster-Vollmann-15.jpg 1109w, https:\/\/tanzen-weilheim.de\/cms\/wp-content\/uploads\/2019\/04\/Forster-Vollmann-15-620x960.jpg 620w, https:\/\/tanzen-weilheim.de\/cms\/wp-content\/uploads\/2019\/04\/Forster-Vollmann-15-768x1189.jpg 768w, https:\/\/tanzen-weilheim.de\/cms\/wp-content\/uploads\/2019\/04\/Forster-Vollmann-15-388x600.jpg 388w\" sizes=\"auto, (max-width: 1109px) 100vw, 1109px\" \/><\/figure>\n\n\n\n<p>Lennart und Diana genossen das tolle Ambiente dieser Veranstaltung an allen drei Tagen in vollen Z\u00fcgen; als Highlight jedoch bezeichneten sie die Tatsache, da\u00df ihr Standardturnier am zweiten Tag ausgerechnet parallel zur WDSF-Weltmeisterschaft der Senioren I Standard stattfand, was f\u00fcr die Beiden nat\u00fcrlich ein unglaublicher Ansporn war. Es kommt nicht so arg oft vor, Fl\u00e4che an Fl\u00e4che, nur von einem Trassierband getrennt mit den Paaren zu tanzen, die um die Weltmeisterkrone k\u00e4mpfen.<\/p>\n\n\n\n<figure class=\"wp-block-image\"><img loading=\"lazy\" decoding=\"async\" width=\"768\" height=\"1024\" src=\"https:\/\/tanzen-weilheim.de\/cms\/wp-content\/uploads\/2019\/04\/Forster-Vollmann-07.jpg\" alt=\"\" class=\"wp-image-13045\" srcset=\"https:\/\/tanzen-weilheim.de\/cms\/wp-content\/uploads\/2019\/04\/Forster-Vollmann-07.jpg 768w, https:\/\/tanzen-weilheim.de\/cms\/wp-content\/uploads\/2019\/04\/Forster-Vollmann-07-720x960.jpg 720w, https:\/\/tanzen-weilheim.de\/cms\/wp-content\/uploads\/2019\/04\/Forster-Vollmann-07-400x533.jpg 400w\" sizes=\"auto, (max-width: 768px) 100vw, 768px\" \/><\/figure>\n\n\n\n<p>Unsere beiden Youngster flogen jedenfalls \u00fcbergl\u00fccklich und sehr zufrieden wieder heim und werden von diesem Erlebnis wohl noch lange erz\u00e4hlen\u2026<\/p>\n\n\n\n<p>\u00dcber\nsolche Leistungen freut sich nat\u00fcrlich auch die gesamte Abteilung und\ngratuliert herzlich! Macht\u00b4s weiter so!<\/p>\n\n\n\n<p>22.04.2019\/tk<\/p>\n","protected":false},"excerpt":{"rendered":"<p>Weilheim \/ Berlin. Jedes Jahr am Osterwochenende finden in Berlin die Turniere um die begehrten \u201eBlauen B\u00e4nder der Spree\u201c statt. Hier hat sich seit vielen Jahren in Deutschland eine Mammut-Turnierveranstaltung etabliert, die eine wunderbare Verzahnung zwischen internationalen WDSF-Turnieren und ganz, ganz vielen DTV-Turnieren bietet, in diesem Jahr war sogar eine WDSF-Weltmeisterschaft in den Ablauf eingebaut. [&hellip;]<\/p>\n","protected":false},"author":17,"featured_media":13060,"comment_status":"closed","ping_status":"closed","sticky":false,"template":"","format":"standard","meta":{"_jetpack_memberships_contains_paid_content":false,"footnotes":""},"categories":[1],"tags":[],"class_list":["post-13042","post","type-post","status-publish","format-standard","has-post-thumbnail","hentry","category-allgemein"],"jetpack_featured_media_url":"https:\/\/tanzen-weilheim.de\/cms\/wp-content\/uploads\/2019\/04\/Forster-Vollmann-15.jpg","jetpack_sharing_enabled":true,"_links":{"self":[{"href":"https:\/\/tanzen-weilheim.de\/cms\/wp-json\/wp\/v2\/posts\/13042","targetHints":{"allow":["GET"]}}],"collection":[{"href":"https:\/\/tanzen-weilheim.de\/cms\/wp-json\/wp\/v2\/posts"}],"about":[{"href":"https:\/\/tanzen-weilheim.de\/cms\/wp-json\/wp\/v2\/types\/post"}],"author":[{"embeddable":true,"href":"https:\/\/tanzen-weilheim.de\/cms\/wp-json\/wp\/v2\/users\/17"}],"replies":[{"embeddable":true,"href":"https:\/\/tanzen-weilheim.de\/cms\/wp-json\/wp\/v2\/comments?post=13042"}],"version-history":[{"count":4,"href":"https:\/\/tanzen-weilheim.de\/cms\/wp-json\/wp\/v2\/posts\/13042\/revisions"}],"predecessor-version":[{"id":13062,"href":"https:\/\/tanzen-weilheim.de\/cms\/wp-json\/wp\/v2\/posts\/13042\/revisions\/13062"}],"wp:featuredmedia":[{"embeddable":true,"href":"https:\/\/tanzen-weilheim.de\/cms\/wp-json\/wp\/v2\/media\/13060"}],"wp:attachment":[{"href":"https:\/\/tanzen-weilheim.de\/cms\/wp-json\/wp\/v2\/media?parent=13042"}],"wp:term":[{"taxonomy":"category","embeddable":true,"href":"https:\/\/tanzen-weilheim.de\/cms\/wp-json\/wp\/v2\/categories?post=13042"},{"taxonomy":"post_tag","embeddable":true,"href":"https:\/\/tanzen-weilheim.de\/cms\/wp-json\/wp\/v2\/tags?post=13042"}],"curies":[{"name":"wp","href":"https:\/\/api.w.org\/{rel}","templated":true}]}}