{"id":13031,"date":"2019-04-19T10:38:38","date_gmt":"2019-04-19T08:38:38","guid":{"rendered":"http:\/\/tanzen-weilheim.de\/cms\/?p=13031"},"modified":"2019-04-19T10:38:38","modified_gmt":"2019-04-19T08:38:38","slug":"hochklassiger-leistungssport-in-der-weilheimer-stadthalle-bayerische-meisterschaft-hgr-ii-d-s-latein-plus-sen-ii-s-standard","status":"publish","type":"post","link":"https:\/\/tanzen-weilheim.de\/cms\/13031\/hochklassiger-leistungssport-in-der-weilheimer-stadthalle-bayerische-meisterschaft-hgr-ii-d-s-latein-plus-sen-ii-s-standard","title":{"rendered":"Hochklassiger Leistungssport in der Weilheimer Stadthalle:  Bayerische Meisterschaft HGr II D-S Latein plus Sen II S Standard"},"content":{"rendered":"\n<p><strong>Weilheim<\/strong>.&nbsp; Am Samstag, den 13. April 2019 war es soweit:\nF\u00fcr die Paare der Hauptgruppe II in den Leistungsklassen D bis S bei den\nLateinamerikanischen T\u00e4nzen, sowie f\u00fcr die Altersklasse der Senioren II der\nS-Klasse in den Standardt\u00e4nzen stand der allj\u00e4hrliche Saisonh\u00f6hepunkt an, die\nBayerische Meisterschaft.<\/p>\n\n\n\n<p>Wie seit 20 Jahren fast jedes Jahr schenkte der Landestanzsportverband Bayern (LTVB) der TSA das Vertrauen, wieder eine Bayerische Meisterschaft auszurichten. Es hatten sich in den insgesamt 6 Start-Klassen etwas \u00fcber 60 Paare aus ganz Bayern angemeldet. Schon sp\u00e4tvormittags ging es los mit der D-Klasse der Hauptgruppe II (hier mu\u00df ein Partner mind. 28 Jahre alt sein, der zweite Partner kann auch j\u00fcnger sein). Sieben Paare traten hier an und nach eine Vorrunde errang dann im Finale das Paar Christian Plankl\/Andrea R\u00f6sler vom TC Blau-Gold Regensburg den ersten Bayer. Meistertitel des Tages. <\/p>\n\n\n\n<figure class=\"wp-block-image\"><img loading=\"lazy\" decoding=\"async\" width=\"1000\" height=\"750\" src=\"https:\/\/tanzen-weilheim.de\/cms\/wp-content\/uploads\/2019\/04\/2019-04-13-LM-Siegerehrung-Hgr-II-D-Lat.jpg\" alt=\"\" class=\"wp-image-13032\" srcset=\"https:\/\/tanzen-weilheim.de\/cms\/wp-content\/uploads\/2019\/04\/2019-04-13-LM-Siegerehrung-Hgr-II-D-Lat.jpg 1000w, https:\/\/tanzen-weilheim.de\/cms\/wp-content\/uploads\/2019\/04\/2019-04-13-LM-Siegerehrung-Hgr-II-D-Lat-960x720.jpg 960w, https:\/\/tanzen-weilheim.de\/cms\/wp-content\/uploads\/2019\/04\/2019-04-13-LM-Siegerehrung-Hgr-II-D-Lat-768x576.jpg 768w, https:\/\/tanzen-weilheim.de\/cms\/wp-content\/uploads\/2019\/04\/2019-04-13-LM-Siegerehrung-Hgr-II-D-Lat-400x300.jpg 400w\" sizes=\"auto, (max-width: 1000px) 100vw, 1000px\" \/><\/figure>\n\n\n\n<p>In der n\u00e4chsth\u00f6heren C-Klasse lagen leider nur wenige Startmeldungen vor. Mit den Siegern der D-Klasse und einem weiteren Aufsteiger-Paar zeigten insg. f\u00fcnf Paare dann zuerst in einer Sichtungsrunde (General Look) ihr K\u00f6nnen, bevor auch sie dann im Finale ihren Meister ermittelten \u2013 der Titel ging hier an Adrian Gutschon und Johanna Gutschon vom TSZ Augsburg, wobei das Siegerpaar der D-Klasse in dieser C-Klasse gleich nochmal sehr erfolgreich war und den Vizemeistertitel ertanzte.<\/p>\n\n\n\n<figure class=\"wp-block-image\"><img loading=\"lazy\" decoding=\"async\" width=\"1000\" height=\"667\" src=\"https:\/\/tanzen-weilheim.de\/cms\/wp-content\/uploads\/2019\/04\/2019-04-13-LM-Siegerehrung-Hgr-II-C-Lat-1.jpg\" alt=\"\" class=\"wp-image-13034\" srcset=\"https:\/\/tanzen-weilheim.de\/cms\/wp-content\/uploads\/2019\/04\/2019-04-13-LM-Siegerehrung-Hgr-II-C-Lat-1.jpg 1000w, https:\/\/tanzen-weilheim.de\/cms\/wp-content\/uploads\/2019\/04\/2019-04-13-LM-Siegerehrung-Hgr-II-C-Lat-1-960x640.jpg 960w, https:\/\/tanzen-weilheim.de\/cms\/wp-content\/uploads\/2019\/04\/2019-04-13-LM-Siegerehrung-Hgr-II-C-Lat-1-768x512.jpg 768w, https:\/\/tanzen-weilheim.de\/cms\/wp-content\/uploads\/2019\/04\/2019-04-13-LM-Siegerehrung-Hgr-II-C-Lat-1-400x267.jpg 400w\" sizes=\"auto, (max-width: 1000px) 100vw, 1000px\" \/><\/figure>\n\n\n\n<p>Deutlich mehr Startmeldungen als in den beiden ersten Klassen lagen in der B-Klasse vor. Zusammen mit dem C-Sieger gingen zw\u00f6lf Paare an den Start und ermittelten in einer Vorrunde ein Finale mit sechs Paaren, das dann sehr eindeutig von Hung Nguyen und Melanie Achm\u00fcller vom GSC M\u00fcnchen gewonnen wurde. Da Melanie Achm\u00fcller aus Weilheim stammt und in unserer TSA quasi das Tanzen gelernt hatte, war nat\u00fcrlich die Fan-Unterst\u00fctzung und auch der Beifall des Weilheimer Publikums hier sehr stark, zumal von den M\u00fcnchner Clubs \u00fcberhaupt viele Fans angereist waren. Auch das zweite Paar mit Weilheimer Wurzeln, Paul Handel und Solveig L\u00fcthje, die ebenfalls f\u00fcr den GSC starteten (auch der Paul hat in Weilheim mit dem Tanzsport angefangen und ist hier sogar noch regelm\u00e4\u00dfig als Trainer t\u00e4tig) schlug sich wacker und verfehlte mit dem 4. Platz das Trepperl nur um Haaresbreite. \u00dcberhaupt waren die Wertungen f\u00fcr die Paare auf den Pl\u00e4tzen 2., 3. und 4. extrem eng. Die f\u00fcnf Wertungsrichter (von denen drei aus Landestanzsportverb\u00e4nden au\u00dferhalb Bayerns kamen) machten sich hier die Entscheidung nicht leicht. Aufgrund ihrer Leistungen durften Paul und Solveig dennoch auf Beschlu\u00df des LTVB vorzeitig aufsteigen, wor\u00fcber sich die Beiden auch sehr freuten.<\/p>\n\n\n\n<figure class=\"wp-block-image\"><img loading=\"lazy\" decoding=\"async\" width=\"1000\" height=\"667\" src=\"https:\/\/tanzen-weilheim.de\/cms\/wp-content\/uploads\/2019\/04\/2019-04-13-LM-Siegerehrung-Hgr-II-B-Lat.jpg\" alt=\"\" class=\"wp-image-13035\" srcset=\"https:\/\/tanzen-weilheim.de\/cms\/wp-content\/uploads\/2019\/04\/2019-04-13-LM-Siegerehrung-Hgr-II-B-Lat.jpg 1000w, https:\/\/tanzen-weilheim.de\/cms\/wp-content\/uploads\/2019\/04\/2019-04-13-LM-Siegerehrung-Hgr-II-B-Lat-960x640.jpg 960w, https:\/\/tanzen-weilheim.de\/cms\/wp-content\/uploads\/2019\/04\/2019-04-13-LM-Siegerehrung-Hgr-II-B-Lat-768x512.jpg 768w, https:\/\/tanzen-weilheim.de\/cms\/wp-content\/uploads\/2019\/04\/2019-04-13-LM-Siegerehrung-Hgr-II-B-Lat-400x267.jpg 400w\" sizes=\"auto, (max-width: 1000px) 100vw, 1000px\" \/><\/figure>\n\n\n\n<p>Danach\nwechselte die Musik, es begann das Turnier der Senioren II (ein Partner mind.\n45 Jahre, der andere mind. 40 Jahre) in der h\u00f6chsten Klasse dieser\nAltersgruppe, der S-Klasse. Hier waren \u00fcber 30 Paare gemeldet, 29 traten dann\nschlie\u00dflich auch an. Nach einer Vor- und einer ersten Zwischenrunde waren dann\n13 Paare f\u00fcr das Halbfinale ermittelt, das zusammen mit dem letzten\nLatein-Turnier dann abends im Rahmen eines festlichen Balles ausgetragen werden\nsollte.<\/p>\n\n\n\n<p>Dieser abendliche Ball stand \u2013 genauso wie die gesamte Meisterschaft \u2013 nicht nur unter der Schirmherrschaft unserer Landr\u00e4tin; nein, Frau Andrea Jochner-Wei\u00df war bereits nachmittags (wie auch der Sportreferent der Stadt Weilheim, Herr Stadtrat Tillman Wahlefeld) anwesend und nahm die Siegerehrungen mit vor und lie\u00df es sich auch nicht nehmen, den Ball zusammen mit ihrem Gatten als Ehreng\u00e4ste zu besuchen und bei den Siegerehrungen die Pokale zu \u00fcberreichen. In den Pausen zwischen den Turnieren wurden sie zusammen mit dem Publikum bestens von der bekannten Band \u201eFrancesco Blue\u201c unterhalten, die den ganzen Abend lang hochwertige Tanzmusik boten.<\/p>\n\n\n\n<p>Das\nTurnier der Senioren II ging dann z\u00fcgig mit einem hochklassigen Halbfinale\nweiter, aus dem die Wertungsrichter ein Finale mit sechs Paaren ermittelten. An\ndieser Stelle w\u00e4re es sicher m\u00f6glich und f\u00fcr die Lateinpaare auch besser\ngewesen, die abendlichen Turniere zu schachteln, um l\u00e4ngere Wartezeiten zu\nvermeiden (der Lerneffekt f\u00fcr uns als Ausrichter ist aber da\u2026); das Turnier\nwurde aber gleich, und das bei einer wirklich gigantischen Stimmung in der\nHalle, mit dem Standardfinale fortgesetzt, das an Qualit\u00e4t nichts zu w\u00fcnschen\n\u00fcbrig lie\u00df. Mit allen Einsern und somit \u201eoutstanding\u201c gewannen hier Dr.\nKonstantin und Corina Maletz die Goldmedaille und den Meistertitel.<\/p>\n\n\n\n<figure class=\"wp-block-image\"><img loading=\"lazy\" decoding=\"async\" width=\"1000\" height=\"667\" src=\"https:\/\/tanzen-weilheim.de\/cms\/wp-content\/uploads\/2019\/04\/2019-04-13-LM-Siegerehrung-Sen-II-S-Std.jpg\" alt=\"\" class=\"wp-image-13036\" srcset=\"https:\/\/tanzen-weilheim.de\/cms\/wp-content\/uploads\/2019\/04\/2019-04-13-LM-Siegerehrung-Sen-II-S-Std.jpg 1000w, https:\/\/tanzen-weilheim.de\/cms\/wp-content\/uploads\/2019\/04\/2019-04-13-LM-Siegerehrung-Sen-II-S-Std-960x640.jpg 960w, https:\/\/tanzen-weilheim.de\/cms\/wp-content\/uploads\/2019\/04\/2019-04-13-LM-Siegerehrung-Sen-II-S-Std-768x512.jpg 768w, https:\/\/tanzen-weilheim.de\/cms\/wp-content\/uploads\/2019\/04\/2019-04-13-LM-Siegerehrung-Sen-II-S-Std-400x267.jpg 400w\" sizes=\"auto, (max-width: 1000px) 100vw, 1000px\" \/><\/figure>\n\n\n\n<p>Vor\nBeginn des letzten Turniers des Tages ehrte der LTVB-Vizepr\u00e4sident J\u00fcrgen Heuer\nzwei verdiente Funktion\u00e4re der TSA f\u00fcr ihre jeweils langj\u00e4hrige ehrenamtliche\nT\u00e4tigkeit im Dienste des Tanzsports. Monika Marschall, aktuell\nAbteilungsleiterin der TSA und Thomas Koterba, Pressesprecher (und ehemaliger\nSportwart) erhielten die Ehrennadel des LTVB in Bronze.<\/p>\n\n\n\n<figure class=\"wp-block-image\"><img loading=\"lazy\" decoding=\"async\" width=\"1000\" height=\"1500\" src=\"https:\/\/tanzen-weilheim.de\/cms\/wp-content\/uploads\/2019\/04\/2019-04-13-Ehrung-Koterba-und-Marschall.jpg\" alt=\"\" class=\"wp-image-13037\" srcset=\"https:\/\/tanzen-weilheim.de\/cms\/wp-content\/uploads\/2019\/04\/2019-04-13-Ehrung-Koterba-und-Marschall.jpg 1000w, https:\/\/tanzen-weilheim.de\/cms\/wp-content\/uploads\/2019\/04\/2019-04-13-Ehrung-Koterba-und-Marschall-640x960.jpg 640w, https:\/\/tanzen-weilheim.de\/cms\/wp-content\/uploads\/2019\/04\/2019-04-13-Ehrung-Koterba-und-Marschall-768x1152.jpg 768w, https:\/\/tanzen-weilheim.de\/cms\/wp-content\/uploads\/2019\/04\/2019-04-13-Ehrung-Koterba-und-Marschall-400x600.jpg 400w\" sizes=\"auto, (max-width: 1000px) 100vw, 1000px\" \/><figcaption>Monika Marschall und Thomas Koterba, umrahmt von Sportdirektor Bernd Lachenmaier (links) und LTVB-Vizepr\u00e4sident J\u00fcrgen Heuer (rechts)<\/figcaption><\/figure>\n\n\n\n<p>Nach einer weiteren Publikumstanzrunde wechselte die Turniermusik wieder zu den lateinamerikanischen T\u00e4nzen und die kombinierte (in der S-Klasse hatten nur zwei Paare gemeldet, somit mu\u00dften A- und S-Klasse kombiniert werden) Klasse ging mit zehn Paaren in eine Vorrunde, bevor dann das mit sechs Paaren besetzte und ebenfalls vielumjubelte Finale den zweiten H\u00f6hepunkt des Abends bracht. Hier setzten sich in der S-Klasse ebenfalls sehr klar Martin Friedrich und Julia Klein vom GSC M\u00fcnchen durch und holten sich Sieg, Goldmedaille und den Meistertitel. Der Titel in der A-Klasse (bei der Siegerehrung wird ja bei einem kombinierten Turnier das Ergebnis wieder aufgesplittet\u2026) ging auch sehr eindeutig an Christian Grimm und Nadine Raum vom gleichen Club.<\/p>\n\n\n\n<figure class=\"wp-block-image\"><img loading=\"lazy\" decoding=\"async\" width=\"1000\" height=\"667\" src=\"https:\/\/tanzen-weilheim.de\/cms\/wp-content\/uploads\/2019\/04\/2019-04-13-LM-Siegerehrung-Hgr-II-A-S-Lat.jpg\" alt=\"\" class=\"wp-image-13038\" srcset=\"https:\/\/tanzen-weilheim.de\/cms\/wp-content\/uploads\/2019\/04\/2019-04-13-LM-Siegerehrung-Hgr-II-A-S-Lat.jpg 1000w, https:\/\/tanzen-weilheim.de\/cms\/wp-content\/uploads\/2019\/04\/2019-04-13-LM-Siegerehrung-Hgr-II-A-S-Lat-960x640.jpg 960w, https:\/\/tanzen-weilheim.de\/cms\/wp-content\/uploads\/2019\/04\/2019-04-13-LM-Siegerehrung-Hgr-II-A-S-Lat-768x512.jpg 768w, https:\/\/tanzen-weilheim.de\/cms\/wp-content\/uploads\/2019\/04\/2019-04-13-LM-Siegerehrung-Hgr-II-A-S-Lat-400x267.jpg 400w\" sizes=\"auto, (max-width: 1000px) 100vw, 1000px\" \/><\/figure>\n\n\n\n<p>F\u00fcr\ndas zahlreiche Publikum (das danach noch lange weitertanzte\u2026) und auch f\u00fcr die\nPaare war es ein sch\u00f6ner Meisterschafts-Turniertag und \u2013abend im bekannt und\nbeliebt herrlichen Ambiente unserer f\u00fcr diesen Sport wie geschaffenen\nStadthalle!<\/p>\n\n\n\n<p>19.04.2019\/tk<\/p>\n","protected":false},"excerpt":{"rendered":"<p>Weilheim.&nbsp; Am Samstag, den 13. April 2019 war es soweit: F\u00fcr die Paare der Hauptgruppe II in den Leistungsklassen D bis S bei den Lateinamerikanischen T\u00e4nzen, sowie f\u00fcr die Altersklasse der Senioren II der S-Klasse in den Standardt\u00e4nzen stand der allj\u00e4hrliche Saisonh\u00f6hepunkt an, die Bayerische Meisterschaft. Wie seit 20 Jahren fast jedes Jahr schenkte der [&hellip;]<\/p>\n","protected":false},"author":17,"featured_media":13038,"comment_status":"closed","ping_status":"closed","sticky":false,"template":"","format":"standard","meta":{"_jetpack_memberships_contains_paid_content":false,"footnotes":""},"categories":[1],"tags":[],"class_list":["post-13031","post","type-post","status-publish","format-standard","has-post-thumbnail","hentry","category-allgemein"],"jetpack_featured_media_url":"https:\/\/tanzen-weilheim.de\/cms\/wp-content\/uploads\/2019\/04\/2019-04-13-LM-Siegerehrung-Hgr-II-A-S-Lat.jpg","jetpack_sharing_enabled":true,"_links":{"self":[{"href":"https:\/\/tanzen-weilheim.de\/cms\/wp-json\/wp\/v2\/posts\/13031","targetHints":{"allow":["GET"]}}],"collection":[{"href":"https:\/\/tanzen-weilheim.de\/cms\/wp-json\/wp\/v2\/posts"}],"about":[{"href":"https:\/\/tanzen-weilheim.de\/cms\/wp-json\/wp\/v2\/types\/post"}],"author":[{"embeddable":true,"href":"https:\/\/tanzen-weilheim.de\/cms\/wp-json\/wp\/v2\/users\/17"}],"replies":[{"embeddable":true,"href":"https:\/\/tanzen-weilheim.de\/cms\/wp-json\/wp\/v2\/comments?post=13031"}],"version-history":[{"count":1,"href":"https:\/\/tanzen-weilheim.de\/cms\/wp-json\/wp\/v2\/posts\/13031\/revisions"}],"predecessor-version":[{"id":13039,"href":"https:\/\/tanzen-weilheim.de\/cms\/wp-json\/wp\/v2\/posts\/13031\/revisions\/13039"}],"wp:featuredmedia":[{"embeddable":true,"href":"https:\/\/tanzen-weilheim.de\/cms\/wp-json\/wp\/v2\/media\/13038"}],"wp:attachment":[{"href":"https:\/\/tanzen-weilheim.de\/cms\/wp-json\/wp\/v2\/media?parent=13031"}],"wp:term":[{"taxonomy":"category","embeddable":true,"href":"https:\/\/tanzen-weilheim.de\/cms\/wp-json\/wp\/v2\/categories?post=13031"},{"taxonomy":"post_tag","embeddable":true,"href":"https:\/\/tanzen-weilheim.de\/cms\/wp-json\/wp\/v2\/tags?post=13031"}],"curies":[{"name":"wp","href":"https:\/\/api.w.org\/{rel}","templated":true}]}}