{"id":12965,"date":"2019-04-11T17:29:09","date_gmt":"2019-04-11T15:29:09","guid":{"rendered":"http:\/\/tanzen-weilheim.de\/cms\/?p=12965"},"modified":"2019-04-15T09:10:59","modified_gmt":"2019-04-15T07:10:59","slug":"finale-fuer-thomas-koterba-und-renee-rothboeck-beim-38-internationalen-bodenseetanzfest","status":"publish","type":"post","link":"https:\/\/tanzen-weilheim.de\/cms\/12965\/finale-fuer-thomas-koterba-und-renee-rothboeck-beim-38-internationalen-bodenseetanzfest","title":{"rendered":"Finale f\u00fcr Thomas Koterba und Ren\u00e9e Rothb\u00f6ck beim 38. Internationalen Bodenseetanzfest"},"content":{"rendered":"\n<p><strong>Weilheim \/ Dornbirn\n(Vorarlberg\/\u00d6sterreich) \/ Meersburg \/ \u00dcberlingen-Owingen<\/strong>. Ein Highlight im\nFr\u00fchjahrskalender s\u00fcddeutscher Turnierpaare sind immer die beliebten und zumeist\nhochkar\u00e4tig besetzten Turniere des Bodenseetanzfestes, das von sechs\nTanzsport-Clubs in \u00d6sterreich, der Schweiz und Deutschland rund um den Bodensee\nausgerichtet wird \u2013 in diesem Jahr zum bereits 38. Mal. Schon durch die Lage\nbedingt ist hier internationales Flair zu sp\u00fcren, aber die Paare kommen nicht\nnur aus den Anrainerstaaten rund um den Bodensee, sondern z.T. auch aus\nTschechien, Luxembourg, Italien und sogar aus Frankreich oder D\u00e4nemark. Um\ndieses tolle Flair miterleben zu k\u00f6nnen, reisten insgesamt vier Paare der\nTanzsportabteilung des TSV 1847 Weilheim e.V. (TSA), zum Teil \u00fcber das ganze\nWochenende, an den sch\u00f6nen, fr\u00fchlingshaften Bodensee.<\/p>\n\n\n\n<p>Peter\nund Birgit Handel waren dabei besonders flei\u00dfig; sie starteten am Samstag\ngleich in drei verschiedenen Turnieren in Meersburg. In der Altersklasse\nSenioren II C Latein erreichten sie einen 7. Platz, nur knapp am Finale der\nbesten 6 Paare vorbei. In Standard versuchten sie sich bei den Senioren III in\nder B-Klasse, mu\u00dften aber dem hochkar\u00e4tigen Feld Tribut zollen. Sie erreichten das\nHalbfinale, verpa\u00dften aber mit Rang 11. das Finale deutlich. &nbsp;In einem aufgrund der Meldezahlen kleineren\nFeld holten sie sich dann aber bei den Senioren IV (ein Partner mind. 65 Jahre\nalt, der zweite mind. 60), ihrer eigentlichen Altersklasse einen respektablen\n4. Platz, nur knapp am Trepperl vorbei.<\/p>\n\n\n\n<figure class=\"wp-block-image is-resized\"><img loading=\"lazy\" decoding=\"async\" src=\"https:\/\/tanzen-weilheim.de\/cms\/wp-content\/uploads\/2019\/04\/Handel-03a.jpg\" alt=\"\" class=\"wp-image-12968\" width=\"343\" height=\"515\" srcset=\"https:\/\/tanzen-weilheim.de\/cms\/wp-content\/uploads\/2019\/04\/Handel-03a.jpg 1333w, https:\/\/tanzen-weilheim.de\/cms\/wp-content\/uploads\/2019\/04\/Handel-03a-640x960.jpg 640w, https:\/\/tanzen-weilheim.de\/cms\/wp-content\/uploads\/2019\/04\/Handel-03a-1280x1920.jpg 1280w, https:\/\/tanzen-weilheim.de\/cms\/wp-content\/uploads\/2019\/04\/Handel-03a-768x1152.jpg 768w, https:\/\/tanzen-weilheim.de\/cms\/wp-content\/uploads\/2019\/04\/Handel-03a-400x600.jpg 400w\" sizes=\"auto, (max-width: 343px) 100vw, 343px\" \/><figcaption>Peter und Birgit Handel (Foto:  \u00a9 blitznicht.de )<\/figcaption><\/figure>\n\n\n\n<p>G\u00fcnter\nund Gerlinde Zoubek, unser an Erfahrung noch j\u00fcngstes Turnierpaar, traten in\nihrer Altersklasse Senioren III (ein Partner \u00fcber 50, der zweite \u00fcber 55) in\nder Leistungsklasse D Standard an beiden Tagen an. Auch sie stellten fest, da\u00df\ndie Felder der Bodenseetanzfest-Turniere durchwegs hochklassig besetzt sind und\nerreichten am Samstag in Meersburg im Finale einen 5. Platz. Am Sonntag in\n\u00dcberlingen blieb ihnen das Finale verwehrt, sie landeten im Halbfinale auf Rang\n8, damit allerdings doch in Reichweite des Finales.<\/p>\n\n\n\n<figure class=\"wp-block-image is-resized\"><img loading=\"lazy\" decoding=\"async\" src=\"https:\/\/tanzen-weilheim.de\/cms\/wp-content\/uploads\/2019\/04\/Zoubek-04a.jpg\" alt=\"\" class=\"wp-image-12969\" width=\"354\" height=\"531\" srcset=\"https:\/\/tanzen-weilheim.de\/cms\/wp-content\/uploads\/2019\/04\/Zoubek-04a.jpg 2000w, https:\/\/tanzen-weilheim.de\/cms\/wp-content\/uploads\/2019\/04\/Zoubek-04a-640x960.jpg 640w, https:\/\/tanzen-weilheim.de\/cms\/wp-content\/uploads\/2019\/04\/Zoubek-04a-1280x1920.jpg 1280w, https:\/\/tanzen-weilheim.de\/cms\/wp-content\/uploads\/2019\/04\/Zoubek-04a-768x1152.jpg 768w, https:\/\/tanzen-weilheim.de\/cms\/wp-content\/uploads\/2019\/04\/Zoubek-04a-400x600.jpg 400w\" sizes=\"auto, (max-width: 354px) 100vw, 354px\" \/><figcaption>G\u00fcnter und Gerlinde Zoubek<\/figcaption><\/figure>\n\n\n\n<p>In\njeweils gr\u00f6\u00dferen Startfeldern waren am Sonntag in \u00dcberlingen Dr. Michael und\nMonika Marschall in ihrer Leistungsklasse A Standard unterwegs. In ihrer\neigentlichen Altersgruppe Senioren III verpa\u00dften sie mit Rang 7 nur hauchd\u00fcnn\ndas Finale. In der n\u00e4chstj\u00fcngeren Altersgruppe Senioren II versuchten sie es\nnochmal und erreichten auch hier das Halbfinale und einen guten 8. Platz.<\/p>\n\n\n\n<p>Thomas\nKoterba und Ren\u00e9e Rothb\u00f6ck starteten am Samstag in Gaissau\/Dornbirn in\n\u00d6sterreich, ebenfalls in einem in Anzahl und Qualit\u00e4t gro\u00dfen Startfeld in der\nAltersklasse Senioren III in der h\u00f6chsten internationalen Startklasse, der\nSonderklasse S. Sie meisterten Vor- und Zwischenrunde mit guten Leistungen und\nerreichten so souver\u00e4n das Finale. Hier tanzten sie sich auf einen tollen 4.\nPlatz vor, wobei der Abstand zwischen den Pl\u00e4tzen 2., 3. und 4 jeweils nur\nhauchd\u00fcnn war und die Wertungen ziemlich durcheinander gingen. Die Beiden waren\njedoch, auch aufgrund krankheitsbedingt nicht optimaler Vorbereitung, mehr als\nzufrieden!<\/p>\n\n\n\n<figure class=\"wp-block-image is-resized\"><img loading=\"lazy\" decoding=\"async\" src=\"https:\/\/tanzen-weilheim.de\/cms\/wp-content\/uploads\/2019\/04\/Koterba-Rothb\u00f6ck-12a-2490x3840.jpg\" alt=\"\" class=\"wp-image-12966\" width=\"292\" height=\"450\" srcset=\"https:\/\/tanzen-weilheim.de\/cms\/wp-content\/uploads\/2019\/04\/Koterba-Rothb\u00f6ck-12a-2490x3840.jpg 2490w, https:\/\/tanzen-weilheim.de\/cms\/wp-content\/uploads\/2019\/04\/Koterba-Rothb\u00f6ck-12a-622x960.jpg 622w, https:\/\/tanzen-weilheim.de\/cms\/wp-content\/uploads\/2019\/04\/Koterba-Rothb\u00f6ck-12a-1245x1920.jpg 1245w, https:\/\/tanzen-weilheim.de\/cms\/wp-content\/uploads\/2019\/04\/Koterba-Rothb\u00f6ck-12a-768x1185.jpg 768w, https:\/\/tanzen-weilheim.de\/cms\/wp-content\/uploads\/2019\/04\/Koterba-Rothb\u00f6ck-12a-389x600.jpg 389w\" sizes=\"auto, (max-width: 292px) 100vw, 292px\" \/><figcaption>Thomas Koterba und Ren\u00e9e Rothb\u00f6ck<\/figcaption><\/figure>\n\n\n\n<figure class=\"wp-block-image is-resized\"><img loading=\"lazy\" decoding=\"async\" src=\"https:\/\/tanzen-weilheim.de\/cms\/wp-content\/uploads\/2019\/04\/Koterba-Rothb\u00f6ck-13.jpg\" alt=\"\" class=\"wp-image-12967\" width=\"444\" height=\"333\" srcset=\"https:\/\/tanzen-weilheim.de\/cms\/wp-content\/uploads\/2019\/04\/Koterba-Rothb\u00f6ck-13.jpg 1024w, https:\/\/tanzen-weilheim.de\/cms\/wp-content\/uploads\/2019\/04\/Koterba-Rothb\u00f6ck-13-960x720.jpg 960w, https:\/\/tanzen-weilheim.de\/cms\/wp-content\/uploads\/2019\/04\/Koterba-Rothb\u00f6ck-13-768x576.jpg 768w, https:\/\/tanzen-weilheim.de\/cms\/wp-content\/uploads\/2019\/04\/Koterba-Rothb\u00f6ck-13-400x300.jpg 400w\" sizes=\"auto, (max-width: 444px) 100vw, 444px\" \/><figcaption>Siegerehrung Sen III S Standard in Gaissau\/Dornbirn<\/figcaption><\/figure>\n\n\n\n<p>Alle\nvier Paare berichteten einheitlich von absolut tollen Turnieren, nicht nur in\nPunkto Organisation, Location o.\u00e4., sondern vor allem auch, was das Flair und\ndas sportliche Miteinander unter den Paaren angeht. Beim Bodenseetanzfest, so\nalle vier Paare \u00fcbereinstimmend, lohnt sich das Hinfahren immer!<\/p>\n\n\n\n<figure class=\"wp-block-image is-resized\"><img loading=\"lazy\" decoding=\"async\" src=\"https:\/\/tanzen-weilheim.de\/cms\/wp-content\/uploads\/2019\/04\/IMG-20190406-WA0001.jpg\" alt=\"\" class=\"wp-image-12971\" width=\"462\" height=\"260\" srcset=\"https:\/\/tanzen-weilheim.de\/cms\/wp-content\/uploads\/2019\/04\/IMG-20190406-WA0001.jpg 1600w, https:\/\/tanzen-weilheim.de\/cms\/wp-content\/uploads\/2019\/04\/IMG-20190406-WA0001-960x540.jpg 960w, https:\/\/tanzen-weilheim.de\/cms\/wp-content\/uploads\/2019\/04\/IMG-20190406-WA0001-768x432.jpg 768w, https:\/\/tanzen-weilheim.de\/cms\/wp-content\/uploads\/2019\/04\/IMG-20190406-WA0001-400x225.jpg 400w\" sizes=\"auto, (max-width: 462px) 100vw, 462px\" \/><figcaption>Turnierpause am Bodensee&#8230;     (v.l. G\u00fcnter und Gerlinde Zoubek, Birgit und Peter Handel)<\/figcaption><\/figure>\n\n\n\n<p>Die\nAbteilung freut sich mit den Paaren und gratuliert zu den guten Ergebnissen!<\/p>\n\n\n\n<p>11.04.2019\/tk<\/p>\n","protected":false},"excerpt":{"rendered":"<p>Weilheim \/ Dornbirn (Vorarlberg\/\u00d6sterreich) \/ Meersburg \/ \u00dcberlingen-Owingen. Ein Highlight im Fr\u00fchjahrskalender s\u00fcddeutscher Turnierpaare sind immer die beliebten und zumeist hochkar\u00e4tig besetzten Turniere des Bodenseetanzfestes, das von sechs Tanzsport-Clubs in \u00d6sterreich, der Schweiz und Deutschland rund um den Bodensee ausgerichtet wird \u2013 in diesem Jahr zum bereits 38. Mal. Schon durch die Lage bedingt ist [&hellip;]<\/p>\n","protected":false},"author":17,"featured_media":12966,"comment_status":"closed","ping_status":"closed","sticky":false,"template":"","format":"standard","meta":{"_jetpack_memberships_contains_paid_content":false,"footnotes":""},"categories":[1],"tags":[],"class_list":["post-12965","post","type-post","status-publish","format-standard","has-post-thumbnail","hentry","category-allgemein"],"jetpack_featured_media_url":"https:\/\/tanzen-weilheim.de\/cms\/wp-content\/uploads\/2019\/04\/Koterba-Rothb\u00f6ck-12a.jpg","jetpack_sharing_enabled":true,"_links":{"self":[{"href":"https:\/\/tanzen-weilheim.de\/cms\/wp-json\/wp\/v2\/posts\/12965","targetHints":{"allow":["GET"]}}],"collection":[{"href":"https:\/\/tanzen-weilheim.de\/cms\/wp-json\/wp\/v2\/posts"}],"about":[{"href":"https:\/\/tanzen-weilheim.de\/cms\/wp-json\/wp\/v2\/types\/post"}],"author":[{"embeddable":true,"href":"https:\/\/tanzen-weilheim.de\/cms\/wp-json\/wp\/v2\/users\/17"}],"replies":[{"embeddable":true,"href":"https:\/\/tanzen-weilheim.de\/cms\/wp-json\/wp\/v2\/comments?post=12965"}],"version-history":[{"count":3,"href":"https:\/\/tanzen-weilheim.de\/cms\/wp-json\/wp\/v2\/posts\/12965\/revisions"}],"predecessor-version":[{"id":13008,"href":"https:\/\/tanzen-weilheim.de\/cms\/wp-json\/wp\/v2\/posts\/12965\/revisions\/13008"}],"wp:featuredmedia":[{"embeddable":true,"href":"https:\/\/tanzen-weilheim.de\/cms\/wp-json\/wp\/v2\/media\/12966"}],"wp:attachment":[{"href":"https:\/\/tanzen-weilheim.de\/cms\/wp-json\/wp\/v2\/media?parent=12965"}],"wp:term":[{"taxonomy":"category","embeddable":true,"href":"https:\/\/tanzen-weilheim.de\/cms\/wp-json\/wp\/v2\/categories?post=12965"},{"taxonomy":"post_tag","embeddable":true,"href":"https:\/\/tanzen-weilheim.de\/cms\/wp-json\/wp\/v2\/tags?post=12965"}],"curies":[{"name":"wp","href":"https:\/\/api.w.org\/{rel}","templated":true}]}}