{"id":12921,"date":"2019-04-06T09:00:48","date_gmt":"2019-04-06T07:00:48","guid":{"rendered":"http:\/\/tanzen-weilheim.de\/cms\/?p=12921"},"modified":"2019-04-06T09:00:48","modified_gmt":"2019-04-06T07:00:48","slug":"bronze-preise-fuer-gleich-fuenf-weilheimer-paare-bei-der-landkreis-sportlerehrung-2019","status":"publish","type":"post","link":"https:\/\/tanzen-weilheim.de\/cms\/12921\/bronze-preise-fuer-gleich-fuenf-weilheimer-paare-bei-der-landkreis-sportlerehrung-2019","title":{"rendered":"Bronze-Preise f\u00fcr gleich f\u00fcnf Weilheimer Paare bei der Landkreis-Sportlerehrung 2019"},"content":{"rendered":"\n<p><strong>Weilheim\/Peiting.<\/strong> Es ist seit einer ganzen\nReihe von Jahren nun schon fast \u201enormal\u201c, da\u00df Paare unserer Tanzsportabteilung\n(TSA) des TSV 1847 Weilheim e.V. bei den regul\u00e4ren Sportler-Ehrungen f\u00fcr\nherausragende Leistungen eingeladen sind. Bei der Landkreis-Ehrung waren es\ndieses Jahr sogar f\u00fcnf Paare!<\/p>\n\n\n\n<p>Am\nFreitag, den 05. April 2018 fand nun die Sportlerehrung des Landkreises\nWeilheim-Schongau bzw. des damit identischen Sportkreises 16 des Bayerischen\nLandessportverbandes e.V. (BLSV) in der Schlo\u00dfberghalle in Peiting statt.\nSowohl der Vorsitzende des BLSV-Kreises, Franz Schlesinger, als auch unsere\nLandr\u00e4tin Andrea Jochner-Wei\u00df machen mit Ihren Orga-Teams diesen Anla\u00df immer zu\neinem wirklichen \u201eEreignis\u201c f\u00fcr die teilnehmenden Sportler. Eine tolle\nOrganisation mit Musik, Getr\u00e4nken, netten H\u00e4ppchen zum Essen, vorbereiteten Fotos\nund Videos von den guten Leistungen sowie nat\u00fcrlich auch die Anwesenheit\nsportlicher und politischer Prominenz geben davon ein beredtes Zeugnis.<\/p>\n\n\n\n<p>Von\nSeiten der TSA waren heuer gleich f\u00fcnf Paare hierzu eingeladen, die die\nKriterien der erforderlichen \u201eherausragenden Leistungen\u201c erf\u00fcllten: Lennart\nForster und Diana Vollmann erhielten den Bronzepreis aus den H\u00e4nden der\nLandr\u00e4tin f\u00fcr Ihren 3. Platz (Bronze) bei der Bayernpokal-Turnierserie 2018\nJugend B-Standard.<\/p>\n\n\n\n<figure class=\"wp-block-image\"><img loading=\"lazy\" decoding=\"async\" width=\"683\" height=\"1024\" src=\"https:\/\/tanzen-weilheim.de\/cms\/wp-content\/uploads\/2019\/04\/Forster-Vollmann-03.jpg\" alt=\"\" class=\"wp-image-12926\" srcset=\"https:\/\/tanzen-weilheim.de\/cms\/wp-content\/uploads\/2019\/04\/Forster-Vollmann-03.jpg 683w, https:\/\/tanzen-weilheim.de\/cms\/wp-content\/uploads\/2019\/04\/Forster-Vollmann-03-640x960.jpg 640w, https:\/\/tanzen-weilheim.de\/cms\/wp-content\/uploads\/2019\/04\/Forster-Vollmann-03-400x600.jpg 400w\" sizes=\"auto, (max-width: 683px) 100vw, 683px\" \/><figcaption> Lennart Forster und Diana Vollmann<\/figcaption><\/figure>\n\n\n\n<p>Ebenfalls\nf\u00fcr Ihren 3. Platz und die damit verbundene Bronzemedaille, allerdings bei der &nbsp;Bayer. Meisterschaft Sen IV B-Standard am\n04.03.18 in K\u00f6nigsbrunn erhielten Peter und Birgit Handel den Ehrenpreis in\nBronze.<\/p>\n\n\n\n<figure class=\"wp-block-image\"><img loading=\"lazy\" decoding=\"async\" width=\"2535\" height=\"2036\" src=\"https:\/\/tanzen-weilheim.de\/cms\/wp-content\/uploads\/2019\/04\/Handel-04.jpg\" alt=\"\" class=\"wp-image-12925\" srcset=\"https:\/\/tanzen-weilheim.de\/cms\/wp-content\/uploads\/2019\/04\/Handel-04.jpg 2535w, https:\/\/tanzen-weilheim.de\/cms\/wp-content\/uploads\/2019\/04\/Handel-04-960x771.jpg 960w, https:\/\/tanzen-weilheim.de\/cms\/wp-content\/uploads\/2019\/04\/Handel-04-1920x1542.jpg 1920w, https:\/\/tanzen-weilheim.de\/cms\/wp-content\/uploads\/2019\/04\/Handel-04-768x617.jpg 768w, https:\/\/tanzen-weilheim.de\/cms\/wp-content\/uploads\/2019\/04\/Handel-04-400x321.jpg 400w\" sizes=\"auto, (max-width: 2535px) 100vw, 2535px\" \/><figcaption>Peter und Birgit Handel<\/figcaption><\/figure>\n\n\n\n<p>Als\ndrittes Paar der TSA wurden dann Thomas Koterba und Ren\u00e9e Rothb\u00f6ck aufgerufen,\ndie auch den Ehrenpreis in der Stufe Bronze bekamen f\u00fcr den 1. Platz beim\nBayernpokal-Seniorenwochen-ende Sen III S-Standard am 28.04.18 in K\u00f6nigsbrunn.\nDas war der erste Sieg der beiden in der S-Klasse, der h\u00f6chsten deutschen und\ninternationalen Leistungsklasse.<\/p>\n\n\n\n<figure class=\"wp-block-image\"><img loading=\"lazy\" decoding=\"async\" width=\"3241\" height=\"2860\" src=\"https:\/\/tanzen-weilheim.de\/cms\/wp-content\/uploads\/2019\/04\/DSC04557.jpg\" alt=\"\" class=\"wp-image-12924\" srcset=\"https:\/\/tanzen-weilheim.de\/cms\/wp-content\/uploads\/2019\/04\/DSC04557.jpg 3241w, https:\/\/tanzen-weilheim.de\/cms\/wp-content\/uploads\/2019\/04\/DSC04557-960x847.jpg 960w, https:\/\/tanzen-weilheim.de\/cms\/wp-content\/uploads\/2019\/04\/DSC04557-1920x1694.jpg 1920w, https:\/\/tanzen-weilheim.de\/cms\/wp-content\/uploads\/2019\/04\/DSC04557-768x678.jpg 768w, https:\/\/tanzen-weilheim.de\/cms\/wp-content\/uploads\/2019\/04\/DSC04557-400x353.jpg 400w\" sizes=\"auto, (max-width: 3241px) 100vw, 3241px\" \/><figcaption>Thomas Koterba und Ren\u00e9e Rothb\u00f6ck<\/figcaption><\/figure>\n\n\n\n<p>Wiederum\nin der Stufe Bronze wurde der Landkreis-Ehrenpreis verliehen an Dr. Michael und\nMonika Marschall f\u00fcr das Erreichen des 3. Platzes und den Gewinn der Bronzemedaille\nbei der Bayer. Meisterschaft Sen III B-Standard am 03.03.18, gleichzeitig verbunden\nmit&nbsp; dem vorzeitigen Aufstieg gem.\nBeschlu\u00df des Landestanzsportverbandes in die n\u00e4chsth\u00f6here Klasse A-Standard.<\/p>\n\n\n\n<figure class=\"wp-block-image\"><img loading=\"lazy\" decoding=\"async\" width=\"1333\" height=\"1686\" src=\"https:\/\/tanzen-weilheim.de\/cms\/wp-content\/uploads\/2019\/04\/Marschall-17b.jpg\" alt=\"\" class=\"wp-image-12923\" srcset=\"https:\/\/tanzen-weilheim.de\/cms\/wp-content\/uploads\/2019\/04\/Marschall-17b.jpg 1333w, https:\/\/tanzen-weilheim.de\/cms\/wp-content\/uploads\/2019\/04\/Marschall-17b-759x960.jpg 759w, https:\/\/tanzen-weilheim.de\/cms\/wp-content\/uploads\/2019\/04\/Marschall-17b-768x971.jpg 768w, https:\/\/tanzen-weilheim.de\/cms\/wp-content\/uploads\/2019\/04\/Marschall-17b-400x506.jpg 400w\" sizes=\"auto, (max-width: 1333px) 100vw, 1333px\" \/><figcaption>Dr. Michael und Monika Marschall<\/figcaption><\/figure>\n\n\n\n<p>Das\nf\u00fcnfte Weilheimer Paar, das genau die gleiche Ehrung h\u00e4tte erhalten sollen,\nwaren Berthold und Valinja Bauer f\u00fcr den 2. Platz (Silbermedaille) Bayerische\nMeisterschaft Sen III D-Standard und den gleich- und vorzeitigen Aufstieg gem.\nBeschlu\u00df des Landestanzsportverbandes in die n\u00e4chsth\u00f6here Klasse C-Standard\n(03.03.18 in Weilheim). Die Beiden waren aus terminlichen Gr\u00fcnden leider\nverhindert, an der tollen Veranstaltung teilzunehmen.<\/p>\n\n\n\n<figure class=\"wp-block-image\"><img loading=\"lazy\" decoding=\"async\" width=\"3501\" height=\"2725\" src=\"https:\/\/tanzen-weilheim.de\/cms\/wp-content\/uploads\/2019\/04\/WM-SOG-Sportlerehrung-2019.jpg\" alt=\"\" class=\"wp-image-12922\" srcset=\"https:\/\/tanzen-weilheim.de\/cms\/wp-content\/uploads\/2019\/04\/WM-SOG-Sportlerehrung-2019.jpg 3501w, https:\/\/tanzen-weilheim.de\/cms\/wp-content\/uploads\/2019\/04\/WM-SOG-Sportlerehrung-2019-960x747.jpg 960w, https:\/\/tanzen-weilheim.de\/cms\/wp-content\/uploads\/2019\/04\/WM-SOG-Sportlerehrung-2019-1920x1494.jpg 1920w, https:\/\/tanzen-weilheim.de\/cms\/wp-content\/uploads\/2019\/04\/WM-SOG-Sportlerehrung-2019-768x598.jpg 768w, https:\/\/tanzen-weilheim.de\/cms\/wp-content\/uploads\/2019\/04\/WM-SOG-Sportlerehrung-2019-400x311.jpg 400w\" sizes=\"auto, (max-width: 3501px) 100vw, 3501px\" \/><figcaption>Mit Urkunde und Ehrenpreis in den H\u00e4nden v. li.: Monika Marschall, Dr. Michael Marschall, Diana Vollmann, Peter Handel, Birgit Handel, Ren\u00e9e Rothb\u00f6ck und Thomas Koterba<\/figcaption><\/figure>\n\n\n\n<p>Die\nAbteilung gratuliert allen f\u00fcnf Paaren herzlich zu den verdienten\nAuszeichnungen!<\/p>\n\n\n\n<p>06.04.2019\/tk<\/p>\n","protected":false},"excerpt":{"rendered":"<p>Weilheim\/Peiting. Es ist seit einer ganzen Reihe von Jahren nun schon fast \u201enormal\u201c, da\u00df Paare unserer Tanzsportabteilung (TSA) des TSV 1847 Weilheim e.V. bei den regul\u00e4ren Sportler-Ehrungen f\u00fcr herausragende Leistungen eingeladen sind. Bei der Landkreis-Ehrung waren es dieses Jahr sogar f\u00fcnf Paare! Am Freitag, den 05. April 2018 fand nun die Sportlerehrung des Landkreises Weilheim-Schongau [&hellip;]<\/p>\n","protected":false},"author":17,"featured_media":12922,"comment_status":"closed","ping_status":"closed","sticky":false,"template":"","format":"standard","meta":{"_jetpack_memberships_contains_paid_content":false,"footnotes":""},"categories":[1],"tags":[],"class_list":["post-12921","post","type-post","status-publish","format-standard","has-post-thumbnail","hentry","category-allgemein"],"jetpack_featured_media_url":"https:\/\/tanzen-weilheim.de\/cms\/wp-content\/uploads\/2019\/04\/WM-SOG-Sportlerehrung-2019.jpg","jetpack_sharing_enabled":true,"_links":{"self":[{"href":"https:\/\/tanzen-weilheim.de\/cms\/wp-json\/wp\/v2\/posts\/12921","targetHints":{"allow":["GET"]}}],"collection":[{"href":"https:\/\/tanzen-weilheim.de\/cms\/wp-json\/wp\/v2\/posts"}],"about":[{"href":"https:\/\/tanzen-weilheim.de\/cms\/wp-json\/wp\/v2\/types\/post"}],"author":[{"embeddable":true,"href":"https:\/\/tanzen-weilheim.de\/cms\/wp-json\/wp\/v2\/users\/17"}],"replies":[{"embeddable":true,"href":"https:\/\/tanzen-weilheim.de\/cms\/wp-json\/wp\/v2\/comments?post=12921"}],"version-history":[{"count":1,"href":"https:\/\/tanzen-weilheim.de\/cms\/wp-json\/wp\/v2\/posts\/12921\/revisions"}],"predecessor-version":[{"id":12927,"href":"https:\/\/tanzen-weilheim.de\/cms\/wp-json\/wp\/v2\/posts\/12921\/revisions\/12927"}],"wp:featuredmedia":[{"embeddable":true,"href":"https:\/\/tanzen-weilheim.de\/cms\/wp-json\/wp\/v2\/media\/12922"}],"wp:attachment":[{"href":"https:\/\/tanzen-weilheim.de\/cms\/wp-json\/wp\/v2\/media?parent=12921"}],"wp:term":[{"taxonomy":"category","embeddable":true,"href":"https:\/\/tanzen-weilheim.de\/cms\/wp-json\/wp\/v2\/categories?post=12921"},{"taxonomy":"post_tag","embeddable":true,"href":"https:\/\/tanzen-weilheim.de\/cms\/wp-json\/wp\/v2\/tags?post=12921"}],"curies":[{"name":"wp","href":"https:\/\/api.w.org\/{rel}","templated":true}]}}