{"id":12833,"date":"2019-03-27T09:56:28","date_gmt":"2019-03-27T08:56:28","guid":{"rendered":"http:\/\/tanzen-weilheim.de\/cms\/?p=12833"},"modified":"2019-03-28T07:39:39","modified_gmt":"2019-03-28T06:39:39","slug":"3-platz-fuer-ehepaar-zoubek-dazu-3-x-finale-fuer-weilheimer-paare-beim-19-wuermpokal-in-stockdorf","status":"publish","type":"post","link":"https:\/\/tanzen-weilheim.de\/cms\/12833\/3-platz-fuer-ehepaar-zoubek-dazu-3-x-finale-fuer-weilheimer-paare-beim-19-wuermpokal-in-stockdorf","title":{"rendered":"3. Platz f\u00fcr Ehepaar Zoubek, dazu 3 x Finale f\u00fcr Weilheimer Paare beim 19. W\u00fcrmpokal in Stockdorf"},"content":{"rendered":"\n<p><strong>Weilheim \/ Stockdorf.<\/strong> Genau zehn einzelne\nTurniere in den Standardt\u00e4nzen bot die Tanzsportabteilung im TV Stockdorf 1911\ne.V. am vorigen Wochenende an. F\u00fcr vier dieser Turniere meldeten sich Paare\nunserer Tanzsportabteilung (TSA) im TSV 1847 Weilheim e.V. an und erreichten\nein hervorragendes Gesamtergebnis.<\/p>\n\n\n\n<p>Das erste Turnier des Tages, n\u00e4mlich das der Altersgruppe der Senioren III (Ein Partner \u00fcber 50, der andere \u00fcber 55 Jahren) in der Leistungsklasse D bestritten G\u00fcnter und Gerlinde Zoubek, die als unser j\u00fcngstes Leistungssport-Turnierpaar erst seit letztem Herbst antreten. Seitdem standen sie immer auf dem Trepperl und setzten mit einem nach hinten unangefochtenen 3. Platz diese beeindruckende Serie nun auch im f\u00fcnften Turnier fort. Als Preis f\u00fcr diesen Platz erhielten sie, wie in Stockdorf \u00fcblich, eine wundersch\u00f6ne Glasblume.<\/p>\n\n\n\n<figure class=\"wp-block-image\"><img loading=\"lazy\" decoding=\"async\" width=\"2000\" height=\"3000\" src=\"https:\/\/tanzen-weilheim.de\/cms\/wp-content\/uploads\/2019\/03\/Zoubek-04a.jpg\" alt=\"\" class=\"wp-image-12834\" srcset=\"https:\/\/tanzen-weilheim.de\/cms\/wp-content\/uploads\/2019\/03\/Zoubek-04a.jpg 2000w, https:\/\/tanzen-weilheim.de\/cms\/wp-content\/uploads\/2019\/03\/Zoubek-04a-640x960.jpg 640w, https:\/\/tanzen-weilheim.de\/cms\/wp-content\/uploads\/2019\/03\/Zoubek-04a-1280x1920.jpg 1280w, https:\/\/tanzen-weilheim.de\/cms\/wp-content\/uploads\/2019\/03\/Zoubek-04a-768x1152.jpg 768w, https:\/\/tanzen-weilheim.de\/cms\/wp-content\/uploads\/2019\/03\/Zoubek-04a-400x600.jpg 400w\" sizes=\"auto, (max-width: 2000px) 100vw, 2000px\" \/><figcaption>G\u00fcnter und Gerlinde Zoubek<\/figcaption><\/figure>\n\n\n\n<p>Ebenfalls\nbei den Senioren III, aber in der n\u00e4chsth\u00f6heren Leistungsklasse C traten gleich\nzwei Paare unserer TSA an, die Ehepaare Richard und Camilla Czierpke sowie\nBerthold und Valinja Bauer. Beide Paare setzten sich in der Vorrunde klar durch\nund erreichten das Finale. Hier wurde es dan etwas enger, was daran lag, da\u00df\nauch hervorragende zwei Paare aus Tschechien dabei waren. In der Endabrechnung\nerreichten Bauers den 6. und Czierpkes den 5. Platz; eine feine Leistung in\neinem dichten Feld. Beide Paare traten dann nochmals an in der n\u00e4chstj\u00fcngeren\nAltersgruppe der Senioren II (\u00fc40 bzw. \u00fc45), setzten sich wiederum in der\nVorrunde gut durch und erreichten mit den Pl\u00e4tzen 7. und 10. respektable Pl\u00e4tze\nin der Zwischenrunde. Dies vor dem Hintergrund, da\u00df die Paare dieser\nAltersgruppe im Schnitt ca. 10 Jahre j\u00fcnger sind und das Finale erneut von\ntschechischen Paaren dominiert wurde.<\/p>\n\n\n\n<figure class=\"wp-block-image\"><img loading=\"lazy\" decoding=\"async\" width=\"2523\" height=\"3840\" src=\"https:\/\/tanzen-weilheim.de\/cms\/wp-content\/uploads\/2019\/03\/Bauer-13a-2523x3840.jpg\" alt=\"\" class=\"wp-image-12835\" srcset=\"https:\/\/tanzen-weilheim.de\/cms\/wp-content\/uploads\/2019\/03\/Bauer-13a-2523x3840.jpg 2523w, https:\/\/tanzen-weilheim.de\/cms\/wp-content\/uploads\/2019\/03\/Bauer-13a-631x960.jpg 631w, https:\/\/tanzen-weilheim.de\/cms\/wp-content\/uploads\/2019\/03\/Bauer-13a-1262x1920.jpg 1262w, https:\/\/tanzen-weilheim.de\/cms\/wp-content\/uploads\/2019\/03\/Bauer-13a-768x1169.jpg 768w, https:\/\/tanzen-weilheim.de\/cms\/wp-content\/uploads\/2019\/03\/Bauer-13a-394x600.jpg 394w\" sizes=\"auto, (max-width: 2523px) 100vw, 2523px\" \/><figcaption>Berthold und Valinja Bauer<\/figcaption><\/figure>\n\n\n\n<figure class=\"wp-block-image\"><img loading=\"lazy\" decoding=\"async\" width=\"3840\" height=\"2880\" src=\"https:\/\/tanzen-weilheim.de\/cms\/wp-content\/uploads\/2019\/03\/Czierpke-Bauer-Siegerehrung-3840x2880.jpg\" alt=\"\" class=\"wp-image-12849\" srcset=\"https:\/\/tanzen-weilheim.de\/cms\/wp-content\/uploads\/2019\/03\/Czierpke-Bauer-Siegerehrung-3840x2880.jpg 3840w, https:\/\/tanzen-weilheim.de\/cms\/wp-content\/uploads\/2019\/03\/Czierpke-Bauer-Siegerehrung-960x720.jpg 960w, https:\/\/tanzen-weilheim.de\/cms\/wp-content\/uploads\/2019\/03\/Czierpke-Bauer-Siegerehrung-1920x1440.jpg 1920w, https:\/\/tanzen-weilheim.de\/cms\/wp-content\/uploads\/2019\/03\/Czierpke-Bauer-Siegerehrung-768x576.jpg 768w, https:\/\/tanzen-weilheim.de\/cms\/wp-content\/uploads\/2019\/03\/Czierpke-Bauer-Siegerehrung-400x300.jpg 400w\" sizes=\"auto, (max-width: 3840px) 100vw, 3840px\" \/><figcaption>Ganz rechts Berthold und Valinja Bauer, links daneben Richard und Camilla Czierpke<\/figcaption><\/figure>\n\n\n\n<p>Die Reihe der guten Weilheimer Ergebnisse vollendeten dann Dr. Michael und Monika Marschall, die \u2013 wiederum bei den Senioren III \u2013 in der Leistungsklasse A antraten. Auch sie absolvierten die Vorrunde souver\u00e4n und zogen ins Finale der besten 6 Paare ein. Hier erhielten sie \u2013 ein kleines Kuriosum \u2013 von insg. 25 (5 je Tanz) Wertungen 19 x die \u201e4\u201c, 3 x die \u201e3\u201c, 1 x sogar eine \u201e1\u201c und nur 2 x eine \u201e5\u201c. Aufgrund der sehr durcheinander gehenden Wertungen errechnete das Majorit\u00e4tsystem als Endergebnis hier dann \u201enur\u201c einen 5. Platz, was auf den ersten Blick nat\u00fcrlich seltsam anmutete, bei genauerem Hinsehen aber dennoch korrekt war. Auf jeden Fall lagen die Paare auf den Pl\u00e4tzen 3, 4 und 5 sehr, sehr eng beieinander und ein Platz im Finale ist immer ein Erfolg, nicht zuletzt auch angesichts der Konkurrenz in dieser zweith\u00f6chsten deutschen Leistungsklasse!<\/p>\n\n\n\n<figure class=\"wp-block-image\"><img loading=\"lazy\" decoding=\"async\" width=\"2065\" height=\"2651\" src=\"https:\/\/tanzen-weilheim.de\/cms\/wp-content\/uploads\/2019\/03\/Marschall-14.jpg\" alt=\"\" class=\"wp-image-12836\" srcset=\"https:\/\/tanzen-weilheim.de\/cms\/wp-content\/uploads\/2019\/03\/Marschall-14.jpg 2065w, https:\/\/tanzen-weilheim.de\/cms\/wp-content\/uploads\/2019\/03\/Marschall-14-748x960.jpg 748w, https:\/\/tanzen-weilheim.de\/cms\/wp-content\/uploads\/2019\/03\/Marschall-14-1496x1920.jpg 1496w, https:\/\/tanzen-weilheim.de\/cms\/wp-content\/uploads\/2019\/03\/Marschall-14-768x986.jpg 768w, https:\/\/tanzen-weilheim.de\/cms\/wp-content\/uploads\/2019\/03\/Marschall-14-400x514.jpg 400w\" sizes=\"auto, (max-width: 2065px) 100vw, 2065px\" \/><figcaption>Dr. Michael und Monika Marschall<\/figcaption><\/figure>\n\n\n\n<figure class=\"wp-block-image\"><img loading=\"lazy\" decoding=\"async\" width=\"768\" height=\"1024\" src=\"https:\/\/tanzen-weilheim.de\/cms\/wp-content\/uploads\/2019\/03\/Marschall-15.jpg\" alt=\"\" class=\"wp-image-12837\" srcset=\"https:\/\/tanzen-weilheim.de\/cms\/wp-content\/uploads\/2019\/03\/Marschall-15.jpg 768w, https:\/\/tanzen-weilheim.de\/cms\/wp-content\/uploads\/2019\/03\/Marschall-15-720x960.jpg 720w, https:\/\/tanzen-weilheim.de\/cms\/wp-content\/uploads\/2019\/03\/Marschall-15-400x533.jpg 400w\" sizes=\"auto, (max-width: 768px) 100vw, 768px\" \/><figcaption>2. Paar von rechts: Dr. Michael und Monika Marschall<\/figcaption><\/figure>\n\n\n\n<p>Die TSA gratuliert allen vier Paaren ganz herzlich zu den guten Pl\u00e4tzen und freut sich \u00fcber das sch\u00f6ne Weilheimer Gesamtergebnis!<\/p>\n\n\n\n<p>27.03.2019\/tk<\/p>\n","protected":false},"excerpt":{"rendered":"<p>Weilheim \/ Stockdorf. Genau zehn einzelne Turniere in den Standardt\u00e4nzen bot die Tanzsportabteilung im TV Stockdorf 1911 e.V. am vorigen Wochenende an. F\u00fcr vier dieser Turniere meldeten sich Paare unserer Tanzsportabteilung (TSA) im TSV 1847 Weilheim e.V. an und erreichten ein hervorragendes Gesamtergebnis. Das erste Turnier des Tages, n\u00e4mlich das der Altersgruppe der Senioren III [&hellip;]<\/p>\n","protected":false},"author":17,"featured_media":12834,"comment_status":"closed","ping_status":"closed","sticky":false,"template":"","format":"standard","meta":{"_jetpack_memberships_contains_paid_content":false,"footnotes":""},"categories":[1],"tags":[],"class_list":["post-12833","post","type-post","status-publish","format-standard","has-post-thumbnail","hentry","category-allgemein"],"jetpack_featured_media_url":"https:\/\/tanzen-weilheim.de\/cms\/wp-content\/uploads\/2019\/03\/Zoubek-04a.jpg","jetpack_sharing_enabled":true,"_links":{"self":[{"href":"https:\/\/tanzen-weilheim.de\/cms\/wp-json\/wp\/v2\/posts\/12833","targetHints":{"allow":["GET"]}}],"collection":[{"href":"https:\/\/tanzen-weilheim.de\/cms\/wp-json\/wp\/v2\/posts"}],"about":[{"href":"https:\/\/tanzen-weilheim.de\/cms\/wp-json\/wp\/v2\/types\/post"}],"author":[{"embeddable":true,"href":"https:\/\/tanzen-weilheim.de\/cms\/wp-json\/wp\/v2\/users\/17"}],"replies":[{"embeddable":true,"href":"https:\/\/tanzen-weilheim.de\/cms\/wp-json\/wp\/v2\/comments?post=12833"}],"version-history":[{"count":9,"href":"https:\/\/tanzen-weilheim.de\/cms\/wp-json\/wp\/v2\/posts\/12833\/revisions"}],"predecessor-version":[{"id":12858,"href":"https:\/\/tanzen-weilheim.de\/cms\/wp-json\/wp\/v2\/posts\/12833\/revisions\/12858"}],"wp:featuredmedia":[{"embeddable":true,"href":"https:\/\/tanzen-weilheim.de\/cms\/wp-json\/wp\/v2\/media\/12834"}],"wp:attachment":[{"href":"https:\/\/tanzen-weilheim.de\/cms\/wp-json\/wp\/v2\/media?parent=12833"}],"wp:term":[{"taxonomy":"category","embeddable":true,"href":"https:\/\/tanzen-weilheim.de\/cms\/wp-json\/wp\/v2\/categories?post=12833"},{"taxonomy":"post_tag","embeddable":true,"href":"https:\/\/tanzen-weilheim.de\/cms\/wp-json\/wp\/v2\/tags?post=12833"}],"curies":[{"name":"wp","href":"https:\/\/api.w.org\/{rel}","templated":true}]}}