{"id":12764,"date":"2019-03-19T17:44:57","date_gmt":"2019-03-19T16:44:57","guid":{"rendered":"http:\/\/tanzen-weilheim.de\/cms\/?p=12764"},"modified":"2019-03-19T17:46:09","modified_gmt":"2019-03-19T16:46:09","slug":"zweimal-2-platz-fuer-forster-vollmann-beim-mittelfraenkischen-tanzsportwochenende","status":"publish","type":"post","link":"https:\/\/tanzen-weilheim.de\/cms\/12764\/zweimal-2-platz-fuer-forster-vollmann-beim-mittelfraenkischen-tanzsportwochenende","title":{"rendered":"Zweimal 2. Platz f\u00fcr Forster\/Vollmann beim Mittelfr\u00e4nkischen Tanzsportwochenende"},"content":{"rendered":"\n<p><strong>Weilheim \/ F\u00fcrth<\/strong>. Nach dem hervorragend\ngegl\u00fcckten Premierenstart letzten Sp\u00e4therbst standen nun f\u00fcr Lennart Forster und\nDiana Vollmann von der Tanzsportabteilung (TSA) des TSV 1847 Weilheim e.V. die\nersten Turniere des Jahres 2019 auf dem Programm. Sie meldeten sich f\u00fcr die\nseit vielen, vielen Jahren bekannte und beliebte Turnierveranstaltung des sog.\nMittelfr\u00e4nkischen Tanzsportwochenendes an und zwar in Ihrer Leistungsgruppe B\nsowohl in den Standard-, als auch in den Lateinamerikanischen T\u00e4nzen.<\/p>\n\n\n\n<p>Zuerst\nstand beim ausrichtenden Verein, dem Rot-Gold-Casino N\u00fcrnberg e.V. das\nStandard-Turnier auf dem Programm. Hier hatten sich die beiden in 2018 auch\nschon das eine oder andere gute Ergebnis ertanzt, so da\u00df sie sich schon\nerhofften, das Finale zu erreichen. Und das klappte bestens. In diesem Finale\ndrehten sie nochmal auf und sicherten sich mit einer Klasse-Leistung den\nzweiten Platz und damit den Sprung aufs Trepperl.<\/p>\n\n\n\n<figure class=\"wp-block-image\"><img loading=\"lazy\" decoding=\"async\" width=\"1600\" height=\"1200\" src=\"https:\/\/tanzen-weilheim.de\/cms\/wp-content\/uploads\/2019\/03\/Forster-Vollmann-05.jpg\" alt=\"\" class=\"wp-image-12765\" srcset=\"https:\/\/tanzen-weilheim.de\/cms\/wp-content\/uploads\/2019\/03\/Forster-Vollmann-05.jpg 1600w, https:\/\/tanzen-weilheim.de\/cms\/wp-content\/uploads\/2019\/03\/Forster-Vollmann-05-960x720.jpg 960w, https:\/\/tanzen-weilheim.de\/cms\/wp-content\/uploads\/2019\/03\/Forster-Vollmann-05-768x576.jpg 768w, https:\/\/tanzen-weilheim.de\/cms\/wp-content\/uploads\/2019\/03\/Forster-Vollmann-05-400x300.jpg 400w\" sizes=\"auto, (max-width: 1600px) 100vw, 1600px\" \/><\/figure>\n\n\n\n<figure class=\"wp-block-image\"><img loading=\"lazy\" decoding=\"async\" width=\"891\" height=\"891\" src=\"https:\/\/tanzen-weilheim.de\/cms\/wp-content\/uploads\/2019\/03\/Forster-Vollmann-02.jpg\" alt=\"\" class=\"wp-image-12766\" srcset=\"https:\/\/tanzen-weilheim.de\/cms\/wp-content\/uploads\/2019\/03\/Forster-Vollmann-02.jpg 891w, https:\/\/tanzen-weilheim.de\/cms\/wp-content\/uploads\/2019\/03\/Forster-Vollmann-02-768x768.jpg 768w, https:\/\/tanzen-weilheim.de\/cms\/wp-content\/uploads\/2019\/03\/Forster-Vollmann-02-200x200.jpg 200w, https:\/\/tanzen-weilheim.de\/cms\/wp-content\/uploads\/2019\/03\/Forster-Vollmann-02-400x400.jpg 400w\" sizes=\"auto, (max-width: 891px) 100vw, 891px\" \/><\/figure>\n\n\n\n<figure class=\"wp-block-image\"><img loading=\"lazy\" decoding=\"async\" width=\"683\" height=\"1024\" src=\"https:\/\/tanzen-weilheim.de\/cms\/wp-content\/uploads\/2019\/03\/Forster-Vollmann-03.jpg\" alt=\"\" class=\"wp-image-12767\" srcset=\"https:\/\/tanzen-weilheim.de\/cms\/wp-content\/uploads\/2019\/03\/Forster-Vollmann-03.jpg 683w, https:\/\/tanzen-weilheim.de\/cms\/wp-content\/uploads\/2019\/03\/Forster-Vollmann-03-640x960.jpg 640w, https:\/\/tanzen-weilheim.de\/cms\/wp-content\/uploads\/2019\/03\/Forster-Vollmann-03-400x600.jpg 400w\" sizes=\"auto, (max-width: 683px) 100vw, 683px\" \/><\/figure>\n\n\n\n<p>In\nden Lateinamerikanischen T\u00e4nzen war es das allererste Turnier in dieser\nLeistungsklasse seit dem Aufstieg im Juni letzten Jahres. Trotzdem zeigten die\nBeiden auch angesichts des doch gro\u00dfen Feldes weder Scheu noch Nervosit\u00e4t und\nzogen souver\u00e4n ins Finale ein. Und hier wiederholten sie den Erfolg des\nStandard-Turniers und sicherten sich erneut den 2. Platz und den begehrten\nPlatz auf dem Siegertreppchen. Dabei heimsten sie sogar insg. vier\nEinser-Wertungen ein. <\/p>\n\n\n\n<figure class=\"wp-block-image\"><img loading=\"lazy\" decoding=\"async\" width=\"1600\" height=\"1200\" src=\"https:\/\/tanzen-weilheim.de\/cms\/wp-content\/uploads\/2019\/03\/Forster-Vollmann-04.jpg\" alt=\"\" class=\"wp-image-12768\" srcset=\"https:\/\/tanzen-weilheim.de\/cms\/wp-content\/uploads\/2019\/03\/Forster-Vollmann-04.jpg 1600w, https:\/\/tanzen-weilheim.de\/cms\/wp-content\/uploads\/2019\/03\/Forster-Vollmann-04-960x720.jpg 960w, https:\/\/tanzen-weilheim.de\/cms\/wp-content\/uploads\/2019\/03\/Forster-Vollmann-04-768x576.jpg 768w, https:\/\/tanzen-weilheim.de\/cms\/wp-content\/uploads\/2019\/03\/Forster-Vollmann-04-400x300.jpg 400w\" sizes=\"auto, (max-width: 1600px) 100vw, 1600px\" \/><\/figure>\n\n\n\n<figure class=\"wp-block-image\"><img loading=\"lazy\" decoding=\"async\" width=\"1200\" height=\"1600\" src=\"https:\/\/tanzen-weilheim.de\/cms\/wp-content\/uploads\/2019\/03\/Forster-Vollmann-06.jpg\" alt=\"\" class=\"wp-image-12769\" srcset=\"https:\/\/tanzen-weilheim.de\/cms\/wp-content\/uploads\/2019\/03\/Forster-Vollmann-06.jpg 1200w, https:\/\/tanzen-weilheim.de\/cms\/wp-content\/uploads\/2019\/03\/Forster-Vollmann-06-720x960.jpg 720w, https:\/\/tanzen-weilheim.de\/cms\/wp-content\/uploads\/2019\/03\/Forster-Vollmann-06-768x1024.jpg 768w, https:\/\/tanzen-weilheim.de\/cms\/wp-content\/uploads\/2019\/03\/Forster-Vollmann-06-400x533.jpg 400w\" sizes=\"auto, (max-width: 1200px) 100vw, 1200px\" \/><\/figure>\n\n\n\n<p>Auch\nangesichts der Tatsache, da\u00df Lennart (18) und Diana (15) ja erst seit\nJahresanfang nicht mehr in der Jugend, sondern in der Hauptgruppe tanzen, sich\nalso gegen die Erwachsenen durchsetzen m\u00fcssen, hatten sie insb. in Latein mit\ndiesem Ausgang nicht gerechnet. Somit konnten sie aus beiden Turnieren jeweils\neine aufstiegsrelevante Platzierung und eine Menge Punkte mitnehmen und fuhren\nsehr, sehr gl\u00fccklich wieder heim.<\/p>\n\n\n\n<p>Die\nAbteilung freut sich sehr \u00fcber diese tollen Leistungen und gratuliert ganz herzlich!<\/p>\n\n\n\n<p>19.03.2019\/tk<\/p>\n","protected":false},"excerpt":{"rendered":"<p>Weilheim \/ F\u00fcrth. Nach dem hervorragend gegl\u00fcckten Premierenstart letzten Sp\u00e4therbst standen nun f\u00fcr Lennart Forster und Diana Vollmann von der Tanzsportabteilung (TSA) des TSV 1847 Weilheim e.V. die ersten Turniere des Jahres 2019 auf dem Programm. Sie meldeten sich f\u00fcr die seit vielen, vielen Jahren bekannte und beliebte Turnierveranstaltung des sog. Mittelfr\u00e4nkischen Tanzsportwochenendes an und [&hellip;]<\/p>\n","protected":false},"author":17,"featured_media":12767,"comment_status":"closed","ping_status":"closed","sticky":false,"template":"","format":"standard","meta":{"_jetpack_memberships_contains_paid_content":false,"footnotes":""},"categories":[1],"tags":[],"class_list":["post-12764","post","type-post","status-publish","format-standard","has-post-thumbnail","hentry","category-allgemein"],"jetpack_featured_media_url":"https:\/\/tanzen-weilheim.de\/cms\/wp-content\/uploads\/2019\/03\/Forster-Vollmann-03.jpg","jetpack_sharing_enabled":true,"_links":{"self":[{"href":"https:\/\/tanzen-weilheim.de\/cms\/wp-json\/wp\/v2\/posts\/12764","targetHints":{"allow":["GET"]}}],"collection":[{"href":"https:\/\/tanzen-weilheim.de\/cms\/wp-json\/wp\/v2\/posts"}],"about":[{"href":"https:\/\/tanzen-weilheim.de\/cms\/wp-json\/wp\/v2\/types\/post"}],"author":[{"embeddable":true,"href":"https:\/\/tanzen-weilheim.de\/cms\/wp-json\/wp\/v2\/users\/17"}],"replies":[{"embeddable":true,"href":"https:\/\/tanzen-weilheim.de\/cms\/wp-json\/wp\/v2\/comments?post=12764"}],"version-history":[{"count":1,"href":"https:\/\/tanzen-weilheim.de\/cms\/wp-json\/wp\/v2\/posts\/12764\/revisions"}],"predecessor-version":[{"id":12770,"href":"https:\/\/tanzen-weilheim.de\/cms\/wp-json\/wp\/v2\/posts\/12764\/revisions\/12770"}],"wp:featuredmedia":[{"embeddable":true,"href":"https:\/\/tanzen-weilheim.de\/cms\/wp-json\/wp\/v2\/media\/12767"}],"wp:attachment":[{"href":"https:\/\/tanzen-weilheim.de\/cms\/wp-json\/wp\/v2\/media?parent=12764"}],"wp:term":[{"taxonomy":"category","embeddable":true,"href":"https:\/\/tanzen-weilheim.de\/cms\/wp-json\/wp\/v2\/categories?post=12764"},{"taxonomy":"post_tag","embeddable":true,"href":"https:\/\/tanzen-weilheim.de\/cms\/wp-json\/wp\/v2\/tags?post=12764"}],"curies":[{"name":"wp","href":"https:\/\/api.w.org\/{rel}","templated":true}]}}