{"id":12755,"date":"2019-03-19T15:27:38","date_gmt":"2019-03-19T14:27:38","guid":{"rendered":"http:\/\/tanzen-weilheim.de\/cms\/?p=12755"},"modified":"2020-03-27T11:46:02","modified_gmt":"2020-03-27T10:46:02","slug":"jahreshauptversammlung","status":"publish","type":"post","link":"https:\/\/tanzen-weilheim.de\/cms\/12755\/jahreshauptversammlung","title":{"rendered":"Jahreshauptversammlung"},"content":{"rendered":"\n<p>Am Mittwoch, den 13. M\u00e4rz fand turnusgem\u00e4\u00df die Jahreshauptversammlung der Tanzsportabteilung des TSV 1847 Weilheim e.V. statt. <\/p>\n\n\n\n<!--more-->\n\n\n\n<p>Nach der Er\u00f6ffnung und Begr\u00fc\u00dfung durch die Abteilungsleiterin Monika Marschall, sowie der Feststellung der ordnungsgem\u00e4\u00dfen Einladung und der Beschlussf\u00e4higkeit richtete die 2. Vorsitzenden des TSV&#8217;s Eva-Maria-Schweiger Begr\u00fc\u00dfungsworte an die anwesenden TSA-Mitglieder.<\/p>\n\n\n\n<p>Anschlie\u00dfend standen  die Rechenschaftsberichte aus den einzelnen Abteilungsleitungs-Ressorts auf der Tagesordnung:   Bericht des Kassenwarts Berthold Bauer, Bericht der Kassenrevisoren Joachim Michl und Veronika Lanz, Jahresr\u00fcckblick Abteilungsleiterin Monika Marschall, Bericht \u00fcber den Freizeitbereich des stellv. Abteilungsleiters Peter Mayer, Turniersportbericht des Sportwartes Thomas Koterba &#8211; vorgetragen durch  seinen designierter Nachfolger Sigi Schuster-Ambs &#8211; und ein Bericht zum Thema Kinder-und Jugend in der TSA durch Monika Marschall. <\/p>\n\n\n\n<figure class=\"wp-block-image is-resized\"><img loading=\"lazy\" decoding=\"async\" src=\"https:\/\/tanzen-weilheim.de\/cms\/wp-content\/uploads\/2019\/03\/Ehrungen_13032019_x.jpg\" alt=\"\" class=\"wp-image-12779\" width=\"534\" height=\"794\" srcset=\"https:\/\/tanzen-weilheim.de\/cms\/wp-content\/uploads\/2019\/03\/Ehrungen_13032019_x.jpg 644w, https:\/\/tanzen-weilheim.de\/cms\/wp-content\/uploads\/2019\/03\/Ehrungen_13032019_x-400x595.jpg 400w\" sizes=\"auto, (max-width: 534px) 100vw, 534px\" \/><figcaption> <br>Ingrid und Ralf Mahliss erhielten, aus der Hand von Eva-Maria Schweiger,  <br>die Ehrennadel in Silber  f\u00fcr 25 Jahre TSV Weilheim   <\/figcaption><\/figure>\n\n\n\n<p>Es folgten TSV-Ehrungen durch Eva-Maria-Schweiger f\u00fcr 15 und 25 Jahre TSV-Mitgliedschaft, die in der heutigen Zeit keine Selbstverst\u00e4ndlichkeit mehr sind.<br>Das Abzeichen in Bronze wurde vom TSV vergeben an an: Moana Bauer, Udo Scherenberger, Margot und Hubert Wendig<br>Das Abzeichen in Silber wurde an Ingrid und Ralf Maehliss, sowie Pauline Tischer verliehen<\/p>\n\n\n\n<figure class=\"wp-block-image\"><img loading=\"lazy\" decoding=\"async\" width=\"3840\" height=\"2880\" src=\"https:\/\/tanzen-weilheim.de\/cms\/wp-content\/uploads\/2019\/03\/DTSA_Abzeichen_1303.2019-3840x2880.jpg\" alt=\"\" class=\"wp-image-12775\" srcset=\"https:\/\/tanzen-weilheim.de\/cms\/wp-content\/uploads\/2019\/03\/DTSA_Abzeichen_1303.2019-3840x2880.jpg 3840w, https:\/\/tanzen-weilheim.de\/cms\/wp-content\/uploads\/2019\/03\/DTSA_Abzeichen_1303.2019-960x720.jpg 960w, https:\/\/tanzen-weilheim.de\/cms\/wp-content\/uploads\/2019\/03\/DTSA_Abzeichen_1303.2019-1920x1440.jpg 1920w, https:\/\/tanzen-weilheim.de\/cms\/wp-content\/uploads\/2019\/03\/DTSA_Abzeichen_1303.2019-768x576.jpg 768w, https:\/\/tanzen-weilheim.de\/cms\/wp-content\/uploads\/2019\/03\/DTSA_Abzeichen_1303.2019-400x300.jpg 400w\" sizes=\"auto, (max-width: 3840px) 100vw, 3840px\" \/><figcaption>Ihre DTSA-Zeichen 2018 erhielten:<br>Uwe Beekmann (Gold Wdh.4), Veronika Lanz (Gold Wdh.3) , Martin Korak (Brillant), Eva-Maria Schweiger (Bronze), Peter Mayer (Brillant)<\/figcaption><\/figure>\n\n\n\n<p>2018 nahmen 15 Mitglieder der TSA an der DTSA-Abnahme 2018 in T\u00f6lz teil. Den feierlichen Rahmen der JHV nahm  Peter Mayer zum Anlass den 5 anwesenden DTSA-Teilnehmern,  ihre Urkunden und Anstecknadeln pers\u00f6nlich zu \u00fcberreichen.<\/p>\n\n\n\n<figure class=\"wp-block-image\"><img loading=\"lazy\" decoding=\"async\" width=\"3840\" height=\"2880\" src=\"https:\/\/tanzen-weilheim.de\/cms\/wp-content\/uploads\/2019\/03\/Abteilungsleitung_13032019-3840x2880.jpg\" alt=\"\" class=\"wp-image-12776\" srcset=\"https:\/\/tanzen-weilheim.de\/cms\/wp-content\/uploads\/2019\/03\/Abteilungsleitung_13032019-3840x2880.jpg 3840w, https:\/\/tanzen-weilheim.de\/cms\/wp-content\/uploads\/2019\/03\/Abteilungsleitung_13032019-960x720.jpg 960w, https:\/\/tanzen-weilheim.de\/cms\/wp-content\/uploads\/2019\/03\/Abteilungsleitung_13032019-1920x1440.jpg 1920w, https:\/\/tanzen-weilheim.de\/cms\/wp-content\/uploads\/2019\/03\/Abteilungsleitung_13032019-768x576.jpg 768w, https:\/\/tanzen-weilheim.de\/cms\/wp-content\/uploads\/2019\/03\/Abteilungsleitung_13032019-400x300.jpg 400w\" sizes=\"auto, (max-width: 3840px) 100vw, 3840px\" \/><figcaption>Das neue Abteilungsleitungs-Team: Peter Mayer, Monika Marschall, Tobias Marschall, Sigi Schuster-Ambs, G\u00fcnter Zoubek und Michael Asam <br>neben Eva-Maria Schweiger 2. TSV-Vorsitzende<\/figcaption><\/figure>\n\n\n\n<p>Da mehrere \u00c4mter der Abteilungsleitung durch deren Amtsinhaber aus verschiedenen Gr\u00fcnden nicht mehr weitergef\u00fchrt werden k\u00f6nnen, mussten diese Posten bis zur Mitgliederversammlung der TSA im Jahre 2020 kommissarisch besetzt werden. Eva-Maria Schweiger \u00fcbernahm hierf\u00fcr die Wahlleitung:<br>NEU:<br>Kassenwart:                 Michael Asam<br>Jugendleiter:                Tobias Marschall<br>Sportwart:                    Sigfried Schuster-Ambs<br><br>Als Referent f\u00fcr die Pressearbeit &#8222;Turnierbereich&#8220; wurde Thomas Koterba benannt.<\/p>\n\n\n\n<p>Nach den Wahlen gab die Abteilungsleiterin einen kurzen Ausblick auf die Planungen  f\u00fcr das Jahr 2019, der neue Kassenwart stellte den  Haushaltsplan 2019 vor<\/p>\n\n\n\n<p>Den Aufbau, deren Gr\u00fcnde, die zur Erneuerung der neue Homepage im Dezember 2018 f\u00fchrten wurde kurz von  Monika Marschall erl\u00e4utert.<\/p>\n\n\n\n<p>Zum Schluss ergriff die Abteilungsleiterin nochmal das Wort und bedankte sich mit einem kleinen Pr\u00e4sent bei Berthold Bauer,  Thomas Koterba und Chris Roth f\u00fcr die sehr gute Zusammenarbeit in der Abteilungsleitung im 2018.<\/p>\n\n\n\n<p>Nachdem keine weiteren Antr\u00e4ge mehr vorlagen wurde die JHV beendet und es ging zum gem\u00fctlichen Teil \u00fcber.<\/p>\n","protected":false},"excerpt":{"rendered":"<p>Am Mittwoch, den 13. M\u00e4rz fand turnusgem\u00e4\u00df die Jahreshauptversammlung der Tanzsportabteilung des TSV 1847 Weilheim e.V. statt.<\/p>\n","protected":false},"author":19,"featured_media":12776,"comment_status":"closed","ping_status":"closed","sticky":false,"template":"","format":"standard","meta":{"_jetpack_memberships_contains_paid_content":false,"footnotes":""},"categories":[1],"tags":[],"class_list":["post-12755","post","type-post","status-publish","format-standard","has-post-thumbnail","hentry","category-allgemein"],"jetpack_featured_media_url":"https:\/\/tanzen-weilheim.de\/cms\/wp-content\/uploads\/2019\/03\/Abteilungsleitung_13032019.jpg","jetpack_sharing_enabled":true,"_links":{"self":[{"href":"https:\/\/tanzen-weilheim.de\/cms\/wp-json\/wp\/v2\/posts\/12755","targetHints":{"allow":["GET"]}}],"collection":[{"href":"https:\/\/tanzen-weilheim.de\/cms\/wp-json\/wp\/v2\/posts"}],"about":[{"href":"https:\/\/tanzen-weilheim.de\/cms\/wp-json\/wp\/v2\/types\/post"}],"author":[{"embeddable":true,"href":"https:\/\/tanzen-weilheim.de\/cms\/wp-json\/wp\/v2\/users\/19"}],"replies":[{"embeddable":true,"href":"https:\/\/tanzen-weilheim.de\/cms\/wp-json\/wp\/v2\/comments?post=12755"}],"version-history":[{"count":6,"href":"https:\/\/tanzen-weilheim.de\/cms\/wp-json\/wp\/v2\/posts\/12755\/revisions"}],"predecessor-version":[{"id":14992,"href":"https:\/\/tanzen-weilheim.de\/cms\/wp-json\/wp\/v2\/posts\/12755\/revisions\/14992"}],"wp:featuredmedia":[{"embeddable":true,"href":"https:\/\/tanzen-weilheim.de\/cms\/wp-json\/wp\/v2\/media\/12776"}],"wp:attachment":[{"href":"https:\/\/tanzen-weilheim.de\/cms\/wp-json\/wp\/v2\/media?parent=12755"}],"wp:term":[{"taxonomy":"category","embeddable":true,"href":"https:\/\/tanzen-weilheim.de\/cms\/wp-json\/wp\/v2\/categories?post=12755"},{"taxonomy":"post_tag","embeddable":true,"href":"https:\/\/tanzen-weilheim.de\/cms\/wp-json\/wp\/v2\/tags?post=12755"}],"curies":[{"name":"wp","href":"https:\/\/api.w.org\/{rel}","templated":true}]}}