{"id":12464,"date":"2019-01-27T22:45:21","date_gmt":"2019-01-27T21:45:21","guid":{"rendered":"http:\/\/tanzen-weilheim.de\/cms\/?p=12464"},"modified":"2019-01-28T15:20:35","modified_gmt":"2019-01-28T14:20:35","slug":"bronze-fuer-koterba-rothboeck-bei-der-vorarlberger-landesmeisterschaft","status":"publish","type":"post","link":"https:\/\/tanzen-weilheim.de\/cms\/12464\/bronze-fuer-koterba-rothboeck-bei-der-vorarlberger-landesmeisterschaft","title":{"rendered":"Bronze f\u00fcr Koterba-Rothb\u00f6ck bei der Vorarlberger Landesmeisterschaft"},"content":{"rendered":"\n<p><strong>Weilheim \/ Hohenweiler (Vorarlberg\/\u00d6sterreich)<\/strong>. Die Turniere um die Vorarlberger Landesmeisterschaften im benachbarten, \u00f6sterreichischen Bundesland sind seit einigen Jahren nun \u2013 bekannt unter dem Namen \u201eWestDance\u201c \u2013 ein fester Termin auch f\u00fcr viele deutsche und schweizerische Paare.<\/p>\n\n\n\n<!--more-->\n\n\n\n<p>Und so fuhr auch eines unserer S-Klassen-Paare dorthin, um sich mit den anderen Paaren zu messen. Die WestDance-Turniere genie\u00dfen nicht umsonst einen exzellenten Ruf, sowohl, was die Qualit\u00e4t der Turniere in punkto Organisation, Charme, Location usw. angeht, sondern auch, weil immer wieder viele gute Paare gerne dorthin fahren.<\/p>\n\n\n\n<p>Thomas\nKoterba und Ren\u00e9e Rothb\u00f6ck starteten hier in Hohenweiler, direkt an der Grenze\nzwischen Bayern und dem \u00f6sterreichischen Bundesland Vorarlberg, genau vor einem\nJahr ihre gemeinsame Turnierkarriere. Sie konnten damals schon, allerdings bei\neinem nicht ganz so gro\u00dfen Starterfeld von 9 Paaren, den 3. Platz erreichen. In\ndiesem Jahr meldeten sich die Beiden wieder dort zum Turnier in ihrer\nAltersklasse Senioren III (ein Partner \u00fcber 50, der andere \u00fcber 55 Jahre) in\nder h\u00f6chsten deutschen und internationalen Leistungsklasse S-Standard an. Das \u201eS\u201c\nbedeutet hier Sonderklasse, sie wird oft auch als die Bundesliga des Tanzsports\nbezeichnet.<\/p>\n\n\n\n<figure class=\"wp-block-image\"><img loading=\"lazy\" decoding=\"async\" width=\"932\" height=\"1024\" src=\"https:\/\/tanzen-weilheim.de\/cms\/wp-content\/uploads\/2019\/01\/Koterba-Rothb\u00f6ck-14.jpg\" alt=\"\" class=\"wp-image-12465\" srcset=\"https:\/\/tanzen-weilheim.de\/cms\/wp-content\/uploads\/2019\/01\/Koterba-Rothb\u00f6ck-14.jpg 932w, https:\/\/tanzen-weilheim.de\/cms\/wp-content\/uploads\/2019\/01\/Koterba-Rothb\u00f6ck-14-874x960.jpg 874w, https:\/\/tanzen-weilheim.de\/cms\/wp-content\/uploads\/2019\/01\/Koterba-Rothb\u00f6ck-14-768x844.jpg 768w, https:\/\/tanzen-weilheim.de\/cms\/wp-content\/uploads\/2019\/01\/Koterba-Rothb\u00f6ck-14-400x439.jpg 400w\" sizes=\"auto, (max-width: 932px) 100vw, 932px\" \/><\/figure>\n\n\n\n<figure class=\"wp-block-image\"><img loading=\"lazy\" decoding=\"async\" width=\"883\" height=\"1024\" src=\"https:\/\/tanzen-weilheim.de\/cms\/wp-content\/uploads\/2019\/01\/Koterba-Rothb\u00f6ck-15.jpg\" alt=\"\" class=\"wp-image-12466\" srcset=\"https:\/\/tanzen-weilheim.de\/cms\/wp-content\/uploads\/2019\/01\/Koterba-Rothb\u00f6ck-15.jpg 883w, https:\/\/tanzen-weilheim.de\/cms\/wp-content\/uploads\/2019\/01\/Koterba-Rothb\u00f6ck-15-828x960.jpg 828w, https:\/\/tanzen-weilheim.de\/cms\/wp-content\/uploads\/2019\/01\/Koterba-Rothb\u00f6ck-15-768x891.jpg 768w, https:\/\/tanzen-weilheim.de\/cms\/wp-content\/uploads\/2019\/01\/Koterba-Rothb\u00f6ck-15-400x464.jpg 400w\" sizes=\"auto, (max-width: 883px) 100vw, 883px\" \/><\/figure>\n\n\n\n<p>Diesmal waren 14 Paare aus Deutschland und \u00d6sterreich am Start, darunter einige echte \u201eSchwergewichte\u201c, also absolute Spitzenpaare, die auch international sehr viel unterwegs sind. Thomas Koterba und Ren\u00e9e Rothb\u00f6ck konnten also nicht automatisch davon ausgehen, diesen Vorjahreserfolg einfach so zu wiederholen und setzten sich als Ziel, das Finale zu erreichen. In der Vorrunde und auch in der Zwischenrunde tanzten sie nahezu fehlerfrei und erhielten daf\u00fcr als einziges Paar in der gesamten Konkurrenz in beiden Runden von den sieben Wertungsrichtern die maximale Anzahl von 35 Kreuzen. Dies gelang sonst keinem anderen Paar in diesem Turnier. Im Finale lieferten sie sich wiederum einen tollen Kampf mit einem Paar aus Friedrichshafen. Dabei zogen sie nur ganz hauchd\u00fcnn den K\u00fcrzeren und wurden hinter diesem Paar und dem Siegerpaar aus Vorarlberg Dritte. Der Abstand zu den anderen Paaren war sehr deutlich. Nicht zuletzt aufgrund der hohen Qualit\u00e4t des gesamten Startfeldes waren die Beiden mehr als hochzufrieden und fuhren zwar sp\u00e4t am Abend, aber sehr gl\u00fccklich heim nach Weilheim. In so einem Feld aufs ber\u00fchmte Trepperl, das ja bei den \u00d6sterreichern Stockerl hei\u00dft, zu kommen, das ist schon eine Leistung!<\/p>\n\n\n\n<figure class=\"wp-block-image\"><img loading=\"lazy\" decoding=\"async\" width=\"797\" height=\"419\" src=\"https:\/\/tanzen-weilheim.de\/cms\/wp-content\/uploads\/2019\/01\/Koterba-Rothb\u00f6ck-07a.jpg\" alt=\"\" class=\"wp-image-12471\" srcset=\"https:\/\/tanzen-weilheim.de\/cms\/wp-content\/uploads\/2019\/01\/Koterba-Rothb\u00f6ck-07a.jpg 797w, https:\/\/tanzen-weilheim.de\/cms\/wp-content\/uploads\/2019\/01\/Koterba-Rothb\u00f6ck-07a-768x404.jpg 768w, https:\/\/tanzen-weilheim.de\/cms\/wp-content\/uploads\/2019\/01\/Koterba-Rothb\u00f6ck-07a-400x210.jpg 400w\" sizes=\"auto, (max-width: 797px) 100vw, 797px\" \/><\/figure>\n\n\n\n<p>Die\nAbteilung gratuliert den Beiden ganz herzlich zu dem tollen Ergebnis!<\/p>\n\n\n\n<p>27.01.2019\/tk<\/p>\n\n\n\n<p>Fotos: Ivo Sol\u00e9r und Goran Pujic<\/p>\n","protected":false},"excerpt":{"rendered":"<p>Weilheim \/ Hohenweiler (Vorarlberg\/\u00d6sterreich). Die Turniere um die Vorarlberger Landesmeisterschaften im benachbarten, \u00f6sterreichischen Bundesland sind seit einigen Jahren nun \u2013 bekannt unter dem Namen \u201eWestDance\u201c \u2013 ein fester Termin auch f\u00fcr viele deutsche und schweizerische Paare.<\/p>\n","protected":false},"author":17,"featured_media":12465,"comment_status":"closed","ping_status":"closed","sticky":false,"template":"","format":"standard","meta":{"_jetpack_memberships_contains_paid_content":false,"footnotes":""},"categories":[1],"tags":[],"class_list":["post-12464","post","type-post","status-publish","format-standard","has-post-thumbnail","hentry","category-allgemein"],"jetpack_featured_media_url":"https:\/\/tanzen-weilheim.de\/cms\/wp-content\/uploads\/2019\/01\/Koterba-Rothb\u00f6ck-14.jpg","jetpack_sharing_enabled":true,"_links":{"self":[{"href":"https:\/\/tanzen-weilheim.de\/cms\/wp-json\/wp\/v2\/posts\/12464","targetHints":{"allow":["GET"]}}],"collection":[{"href":"https:\/\/tanzen-weilheim.de\/cms\/wp-json\/wp\/v2\/posts"}],"about":[{"href":"https:\/\/tanzen-weilheim.de\/cms\/wp-json\/wp\/v2\/types\/post"}],"author":[{"embeddable":true,"href":"https:\/\/tanzen-weilheim.de\/cms\/wp-json\/wp\/v2\/users\/17"}],"replies":[{"embeddable":true,"href":"https:\/\/tanzen-weilheim.de\/cms\/wp-json\/wp\/v2\/comments?post=12464"}],"version-history":[{"count":9,"href":"https:\/\/tanzen-weilheim.de\/cms\/wp-json\/wp\/v2\/posts\/12464\/revisions"}],"predecessor-version":[{"id":12490,"href":"https:\/\/tanzen-weilheim.de\/cms\/wp-json\/wp\/v2\/posts\/12464\/revisions\/12490"}],"wp:featuredmedia":[{"embeddable":true,"href":"https:\/\/tanzen-weilheim.de\/cms\/wp-json\/wp\/v2\/media\/12465"}],"wp:attachment":[{"href":"https:\/\/tanzen-weilheim.de\/cms\/wp-json\/wp\/v2\/media?parent=12464"}],"wp:term":[{"taxonomy":"category","embeddable":true,"href":"https:\/\/tanzen-weilheim.de\/cms\/wp-json\/wp\/v2\/categories?post=12464"},{"taxonomy":"post_tag","embeddable":true,"href":"https:\/\/tanzen-weilheim.de\/cms\/wp-json\/wp\/v2\/tags?post=12464"}],"curies":[{"name":"wp","href":"https:\/\/api.w.org\/{rel}","templated":true}]}}