{"id":12449,"date":"2019-01-26T17:34:32","date_gmt":"2019-01-26T16:34:32","guid":{"rendered":"http:\/\/tanzen-weilheim.de\/cms\/?p=12449"},"modified":"2019-02-02T12:59:38","modified_gmt":"2019-02-02T11:59:38","slug":"abschlussabend-anfaengertanzkurs","status":"publish","type":"post","link":"https:\/\/tanzen-weilheim.de\/cms\/12449\/abschlussabend-anfaengertanzkurs","title":{"rendered":"Abschlu\u00dfabend Anf\u00e4ngertanzkurs"},"content":{"rendered":"\n<p>&#8222;Herzlich willkommen&#8220; hie\u00df es bei einem Glas Sekt im Mehrzweckraum des TSV-Vereinsheims, das jeder Gast zur Begr\u00fc\u00dfung  erhielt.<br><\/p>\n\n\n\n<!--more-->\n\n\n\n<p>An 10 Mittwoch Abenden haben Birgit und Peter Handel mit viel Engagement und Herz den Tanzkursteilnehmern Spa\u00df am Tanzen vermittelt. An diesem Abend war es nun so weit, sie durften ihre   erworbenen Tanzerfolge zeigen.  Nach einem kleinen aber feinen Snack am Buffet  hie\u00df es &#8222;Aufstellung zur Vorstellungsrunde&#8220; &#8211;  die Tanzkursteilnehmer waren sichtlich erleichtert und die Zuschauer sehr gespannt.<\/p>\n\n\n\n<p>Nach einer  Polonaise wurde jedes Paar von Peter vorgestellt &#8211; die Damen erhielten von ihm ein wundervolle, langstielige Rose.<\/p>\n\n\n\n<p>Bei liebevoll ausgesuchter Musik zu den T\u00e4nzen Langsamer Walzer, Tango, Cha Cha Cha, Rumba und Jive zeigten die Tanzkursteilnehmer, unter gro\u00dfem Beifall des Publikums, ihr K\u00f6nnen.<\/p>\n\n\n\n<p>Beherzt wurde den ganzen Abend getanzt. Die einzige wirkliche Tanzpause ergab sich f\u00fcr die Anwesenden nur, als Peter und Angelika Mayer, mit einer gef\u00fchlvollen Tango Argentino Show, das begeisterte Publikum nach S\u00fcdamerika f\u00fchrten.<\/p>\n\n\n\n<p>Mit kleinen Tanz&#8220;spielen&#8220; gelang es Birgit, dass  jede Dame mit jedem Herrn getanzt hatte &#8211; man lernte sich kennen und hatte eine Menge Spa\u00df dabei. <\/p>\n\n\n\n<p>Nachdem sich die Abteilungsleitung der TSA und der Vorstand des F\u00f6rdervereins f\u00fcr Tanzen im Raum Weilheim e.V. bei Birgit und Peter Handel f\u00fcr ihr Engagement herzlichst bedankten,  folgte ein Sirtaki unter der Ansage von Marianne Trie\u00dfl, bei dem Spa\u00df und Kondition der Teilnehmer definitiv nicht zu kurz kamen.<\/p>\n\n\n\n<p>Alle anwesenden Teilnehmer des Anf\u00e4nger-Tanzkurses sind am Mittwoch dem 13. M\u00e4rz 2019 bei Start des Fortgeschrittenen Tanzkurses wieder dabei &#8211; DANKE Birgit und Peter, das ist euer Verdienst.<\/p>\n\n\n\n<p><br><br><\/p>\n\n\n\n<p><\/p>\n","protected":false},"excerpt":{"rendered":"<p>&#8222;Herzlich willkommen&#8220; hie\u00df es bei einem Glas Sekt im Mehrzweckraum des TSV-Vereinsheims, das jeder Gast zur Begr\u00fc\u00dfung erhielt.<\/p>\n","protected":false},"author":19,"featured_media":12452,"comment_status":"closed","ping_status":"closed","sticky":false,"template":"","format":"standard","meta":{"_jetpack_memberships_contains_paid_content":false,"footnotes":""},"categories":[1],"tags":[],"class_list":["post-12449","post","type-post","status-publish","format-standard","has-post-thumbnail","hentry","category-allgemein"],"jetpack_featured_media_url":"https:\/\/tanzen-weilheim.de\/cms\/wp-content\/uploads\/2019\/01\/Tanzkurs_Anf\u00e4nger_2018_19-1.jpg","jetpack_sharing_enabled":true,"_links":{"self":[{"href":"https:\/\/tanzen-weilheim.de\/cms\/wp-json\/wp\/v2\/posts\/12449","targetHints":{"allow":["GET"]}}],"collection":[{"href":"https:\/\/tanzen-weilheim.de\/cms\/wp-json\/wp\/v2\/posts"}],"about":[{"href":"https:\/\/tanzen-weilheim.de\/cms\/wp-json\/wp\/v2\/types\/post"}],"author":[{"embeddable":true,"href":"https:\/\/tanzen-weilheim.de\/cms\/wp-json\/wp\/v2\/users\/19"}],"replies":[{"embeddable":true,"href":"https:\/\/tanzen-weilheim.de\/cms\/wp-json\/wp\/v2\/comments?post=12449"}],"version-history":[{"count":6,"href":"https:\/\/tanzen-weilheim.de\/cms\/wp-json\/wp\/v2\/posts\/12449\/revisions"}],"predecessor-version":[{"id":12571,"href":"https:\/\/tanzen-weilheim.de\/cms\/wp-json\/wp\/v2\/posts\/12449\/revisions\/12571"}],"wp:featuredmedia":[{"embeddable":true,"href":"https:\/\/tanzen-weilheim.de\/cms\/wp-json\/wp\/v2\/media\/12452"}],"wp:attachment":[{"href":"https:\/\/tanzen-weilheim.de\/cms\/wp-json\/wp\/v2\/media?parent=12449"}],"wp:term":[{"taxonomy":"category","embeddable":true,"href":"https:\/\/tanzen-weilheim.de\/cms\/wp-json\/wp\/v2\/categories?post=12449"},{"taxonomy":"post_tag","embeddable":true,"href":"https:\/\/tanzen-weilheim.de\/cms\/wp-json\/wp\/v2\/tags?post=12449"}],"curies":[{"name":"wp","href":"https:\/\/api.w.org\/{rel}","templated":true}]}}