{"id":12406,"date":"2019-01-12T21:37:02","date_gmt":"2019-01-12T20:37:02","guid":{"rendered":"http:\/\/tanzen-weilheim.de\/cms\/?p=12406"},"modified":"2019-01-22T08:24:52","modified_gmt":"2019-01-22T07:24:52","slug":"hans-triessl-erhaelt-die-ehrennadel-in-silber-der-stadt-weilheim","status":"publish","type":"post","link":"https:\/\/tanzen-weilheim.de\/cms\/12406\/hans-triessl-erhaelt-die-ehrennadel-in-silber-der-stadt-weilheim","title":{"rendered":"Hans Trie\u00dfl erh\u00e4lt das Ehrenzeichen in Silber der Stadt Weilheim"},"content":{"rendered":"\n<p>Hans Trie\u00dfl und seine Frau Marianne tanzen nun schon nahezu vierzig Jahre in der Tanzsportabteilung des TSV Weilheim e.V..<\/p>\n\n\n\n<!--more-->\n\n\n\n<p>Hans und Marianne sind die einzigen noch aktiven Gr\u00fcndungsmitglieder der TSA, die seit dem 8. M\u00e4rz 1982 besteht.  Hans war  auch Gr\u00fcndungsmitglied der Tanzformation der TSA (1996) und hat mit Marianne 15 Jahre lang in verschiedenen Choreographien mitgetanzt. <\/p>\n\n\n\n<p>Hervorragende Verdienste hat sich  Hans als Kassenrevisor der TSA erworben. 29 Jahre hat er diese Aufgabe zuverl\u00e4ssig, pflichtbewusst und sorgf\u00e4ltig ausge\u00fcbt und daf\u00fcr auf der letzten Stadtratssitzung 2018 der Stadt Weilheim  das Ehrenzeichen der Stadt Weilheim in Silber erhalten.<\/p>\n\n\n\n<p>Hans wir sind stolz auf dich. Herzlichen Gl\u00fcckwunsch!<\/p>\n\n\n\n<h2 class=\"wp-block-heading\"><\/h2>\n","protected":false},"excerpt":{"rendered":"<p>Hans Trie\u00dfl und seine Frau Marianne tanzen nun schon nahezu vierzig Jahre in der Tanzsportabteilung des TSV Weilheim e.V..<\/p>\n","protected":false},"author":19,"featured_media":12431,"comment_status":"closed","ping_status":"closed","sticky":false,"template":"","format":"standard","meta":{"_jetpack_memberships_contains_paid_content":false,"footnotes":""},"categories":[1],"tags":[],"class_list":["post-12406","post","type-post","status-publish","format-standard","has-post-thumbnail","hentry","category-allgemein"],"jetpack_featured_media_url":"https:\/\/tanzen-weilheim.de\/cms\/wp-content\/uploads\/2019\/01\/Marianne_Hans_Triessl.jpg","jetpack_sharing_enabled":true,"_links":{"self":[{"href":"https:\/\/tanzen-weilheim.de\/cms\/wp-json\/wp\/v2\/posts\/12406","targetHints":{"allow":["GET"]}}],"collection":[{"href":"https:\/\/tanzen-weilheim.de\/cms\/wp-json\/wp\/v2\/posts"}],"about":[{"href":"https:\/\/tanzen-weilheim.de\/cms\/wp-json\/wp\/v2\/types\/post"}],"author":[{"embeddable":true,"href":"https:\/\/tanzen-weilheim.de\/cms\/wp-json\/wp\/v2\/users\/19"}],"replies":[{"embeddable":true,"href":"https:\/\/tanzen-weilheim.de\/cms\/wp-json\/wp\/v2\/comments?post=12406"}],"version-history":[{"count":3,"href":"https:\/\/tanzen-weilheim.de\/cms\/wp-json\/wp\/v2\/posts\/12406\/revisions"}],"predecessor-version":[{"id":12418,"href":"https:\/\/tanzen-weilheim.de\/cms\/wp-json\/wp\/v2\/posts\/12406\/revisions\/12418"}],"wp:featuredmedia":[{"embeddable":true,"href":"https:\/\/tanzen-weilheim.de\/cms\/wp-json\/wp\/v2\/media\/12431"}],"wp:attachment":[{"href":"https:\/\/tanzen-weilheim.de\/cms\/wp-json\/wp\/v2\/media?parent=12406"}],"wp:term":[{"taxonomy":"category","embeddable":true,"href":"https:\/\/tanzen-weilheim.de\/cms\/wp-json\/wp\/v2\/categories?post=12406"},{"taxonomy":"post_tag","embeddable":true,"href":"https:\/\/tanzen-weilheim.de\/cms\/wp-json\/wp\/v2\/tags?post=12406"}],"curies":[{"name":"wp","href":"https:\/\/api.w.org\/{rel}","templated":true}]}}