{"id":12184,"date":"2018-12-17T21:34:57","date_gmt":"2018-12-17T20:34:57","guid":{"rendered":"http:\/\/tanzen-weilheim.de\/cms\/?p=12184"},"modified":"2018-12-19T17:30:29","modified_gmt":"2018-12-19T16:30:29","slug":"erfolge-fuer-zwei-weilheimer-paare-beim-adventsturnier-in-unterschleissheim-gleich-drei-mal-finale-in-unterschleissheim","status":"publish","type":"post","link":"https:\/\/tanzen-weilheim.de\/cms\/12184\/erfolge-fuer-zwei-weilheimer-paare-beim-adventsturnier-in-unterschleissheim-gleich-drei-mal-finale-in-unterschleissheim","title":{"rendered":"Gleich drei Mal Finale f\u00fcr zwei Weilheimer Paare beim Adventsturnier in Unterschlei\u00dfheim!"},"content":{"rendered":"\n<!--more-->\n\n\n\n<p><strong>\u00a0Weilheim \/ Unterschlei\u00dfheim.<\/strong> Jedes Jahr am dritten Adventssonntag richtet der TSC Unterschlei\u00dfheim e.V. im wundersch\u00f6nen B\u00fcrgersaal des Rathauses ihr traditionelles Adventsturnier aus. Paare ausWeilheim fahren gerne dorthin, denn diese Tanzfl\u00e4che ist nicht nur sch\u00f6n,sondern auch zumeist sehr erfolgversprechend f\u00fcr unsere Paare.<\/p>\n\n\n\n<p>Und so meldeten sich auch in 2018 wieder zwei Paare f\u00fcr die dortigen Turniere an. Als erstes gingen Berthold und Valinja Bauer an den Start und das gleich doppelt.In ihrer eigentlichen Altersgruppe der Senioren III (Ein Partner \u00fcber 50, einer \u00fcber 55 Jahre) tanzten sie sich in ihrer Leistungsklasse C in den Standardt\u00e4nzen locker ins Finale und hier auf einen tollen 4. Platz. Fast w\u00e4re es der 3. Platz und damit das immer ersehnte Trepperl gewesen. Der Abstand zum drittplatzierten Paar war extrem knapp und konnte erst nach Anwendung der feinstjustierenden Wertungsregel \u00fcberhaupt festgestellt werden. Aber die beiden waren nicht entt\u00e4uscht, lie\u00dfen sich nicht unterkriegen und gingen auch in der n\u00e4chstj\u00fcngeren Altersklasse Senioren II nochmal an den Start. Und auch hier erreichten Sie problemlos das Finale und (gegen im Durchschnitt 10 Jahrej\u00fcngere Paare) den 5. Platz. Somit ertanzten sich die Beiden gleich zwei Platzierungen und eine Menge Aufstiegspunkte.<\/p>\n\n\n\n<figure class=\"wp-block-image\"><img loading=\"lazy\" decoding=\"async\" width=\"1314\" height=\"2000\" src=\"https:\/\/tanzen-weilheim.de\/cms\/wp-content\/uploads\/2018\/12\/Bauer-13a-1-1314x2000.jpg\" alt=\"\" class=\"wp-image-12186\" srcset=\"https:\/\/tanzen-weilheim.de\/cms\/wp-content\/uploads\/2018\/12\/Bauer-13a-1-1314x2000.jpg 1314w, https:\/\/tanzen-weilheim.de\/cms\/wp-content\/uploads\/2018\/12\/Bauer-13a-1-631x960.jpg 631w, https:\/\/tanzen-weilheim.de\/cms\/wp-content\/uploads\/2018\/12\/Bauer-13a-1-1262x1920.jpg 1262w, https:\/\/tanzen-weilheim.de\/cms\/wp-content\/uploads\/2018\/12\/Bauer-13a-1-768x1169.jpg 768w, https:\/\/tanzen-weilheim.de\/cms\/wp-content\/uploads\/2018\/12\/Bauer-13a-1-394x600.jpg 394w, https:\/\/tanzen-weilheim.de\/cms\/wp-content\/uploads\/2018\/12\/Bauer-13a-1-526x800.jpg 526w, https:\/\/tanzen-weilheim.de\/cms\/wp-content\/uploads\/2018\/12\/Bauer-13a-1-920x1400.jpg 920w\" sizes=\"auto, (max-width: 1314px) 100vw, 1314px\" \/><\/figure>\n\n\n\n<p>Ebenfallsbei den Senioren III, aber in der h\u00f6chsten Klasse, der Sonderklasse S, stellten sich Thomas Koterba und Ren\u00e9e Rothb\u00f6ck einer wie beim Ehepaar Bauer auch starken Konkurrenz. Und auch hier kamen die Paare nicht nur aus Bayern, sondern auch aus den angrenzenden Bundesl\u00e4ndern und \u00d6sterreich, sogar bis aus Wien. In der Bundesliga des Tanzsports, wie die S-Klasse auch oft genannt wird,schafften auch sie deutlich den Sprung ins Finale. Zum Trepperl langte es nicht, aber angesichts des Feldes waren die beiden mit ihrem 5. Platz sehr zufrieden!<\/p>\n\n\n\n<figure class=\"wp-block-image\"><img loading=\"lazy\" decoding=\"async\" width=\"537\" height=\"630\" src=\"https:\/\/tanzen-weilheim.de\/cms\/wp-content\/uploads\/2018\/12\/Koterba-Rothb\u00f6ck-11.jpg\" alt=\"\" class=\"wp-image-12187\" srcset=\"https:\/\/tanzen-weilheim.de\/cms\/wp-content\/uploads\/2018\/12\/Koterba-Rothb\u00f6ck-11.jpg 537w, https:\/\/tanzen-weilheim.de\/cms\/wp-content\/uploads\/2018\/12\/Koterba-Rothb\u00f6ck-11-400x469.jpg 400w\" sizes=\"auto, (max-width: 537px) 100vw, 537px\" \/><\/figure>\n\n\n\n<figure class=\"wp-block-image\"><img loading=\"lazy\" decoding=\"async\" width=\"1024\" height=\"768\" src=\"https:\/\/tanzen-weilheim.de\/cms\/wp-content\/uploads\/2018\/12\/Koterba-Rothb\u00f6ck-15.jpg\" alt=\"\" class=\"wp-image-12188\" srcset=\"https:\/\/tanzen-weilheim.de\/cms\/wp-content\/uploads\/2018\/12\/Koterba-Rothb\u00f6ck-15.jpg 1024w, https:\/\/tanzen-weilheim.de\/cms\/wp-content\/uploads\/2018\/12\/Koterba-Rothb\u00f6ck-15-960x720.jpg 960w, https:\/\/tanzen-weilheim.de\/cms\/wp-content\/uploads\/2018\/12\/Koterba-Rothb\u00f6ck-15-768x576.jpg 768w, https:\/\/tanzen-weilheim.de\/cms\/wp-content\/uploads\/2018\/12\/Koterba-Rothb\u00f6ck-15-400x300.jpg 400w, https:\/\/tanzen-weilheim.de\/cms\/wp-content\/uploads\/2018\/12\/Koterba-Rothb\u00f6ck-15-800x600.jpg 800w\" sizes=\"auto, (max-width: 1024px) 100vw, 1024px\" \/><\/figure>\n\n\n\n<p>Sogeht wieder ein erfolgreiches Jahr f\u00fcr die Tanzsportabteilung mit \u00a0richtig guten Ergebnissen zu Ende. Die TSA gratuliert ganz herzlich!<\/p>\n\n\n\n<p>17.12.2018\/tk<\/p>\n","protected":false},"excerpt":{"rendered":"","protected":false},"author":17,"featured_media":12186,"comment_status":"open","ping_status":"open","sticky":false,"template":"","format":"standard","meta":{"_jetpack_memberships_contains_paid_content":false,"footnotes":""},"categories":[1],"tags":[],"class_list":["post-12184","post","type-post","status-publish","format-standard","has-post-thumbnail","hentry","category-allgemein"],"jetpack_featured_media_url":"https:\/\/tanzen-weilheim.de\/cms\/wp-content\/uploads\/2018\/12\/Bauer-13a-1.jpg","jetpack_sharing_enabled":true,"_links":{"self":[{"href":"https:\/\/tanzen-weilheim.de\/cms\/wp-json\/wp\/v2\/posts\/12184","targetHints":{"allow":["GET"]}}],"collection":[{"href":"https:\/\/tanzen-weilheim.de\/cms\/wp-json\/wp\/v2\/posts"}],"about":[{"href":"https:\/\/tanzen-weilheim.de\/cms\/wp-json\/wp\/v2\/types\/post"}],"author":[{"embeddable":true,"href":"https:\/\/tanzen-weilheim.de\/cms\/wp-json\/wp\/v2\/users\/17"}],"replies":[{"embeddable":true,"href":"https:\/\/tanzen-weilheim.de\/cms\/wp-json\/wp\/v2\/comments?post=12184"}],"version-history":[{"count":4,"href":"https:\/\/tanzen-weilheim.de\/cms\/wp-json\/wp\/v2\/posts\/12184\/revisions"}],"predecessor-version":[{"id":12230,"href":"https:\/\/tanzen-weilheim.de\/cms\/wp-json\/wp\/v2\/posts\/12184\/revisions\/12230"}],"wp:featuredmedia":[{"embeddable":true,"href":"https:\/\/tanzen-weilheim.de\/cms\/wp-json\/wp\/v2\/media\/12186"}],"wp:attachment":[{"href":"https:\/\/tanzen-weilheim.de\/cms\/wp-json\/wp\/v2\/media?parent=12184"}],"wp:term":[{"taxonomy":"category","embeddable":true,"href":"https:\/\/tanzen-weilheim.de\/cms\/wp-json\/wp\/v2\/categories?post=12184"},{"taxonomy":"post_tag","embeddable":true,"href":"https:\/\/tanzen-weilheim.de\/cms\/wp-json\/wp\/v2\/tags?post=12184"}],"curies":[{"name":"wp","href":"https:\/\/api.w.org\/{rel}","templated":true}]}}