{"id":12181,"date":"2018-12-10T21:11:02","date_gmt":"2018-12-10T20:11:02","guid":{"rendered":"http:\/\/tanzen-weilheim.de\/cms\/?p=12181"},"modified":"2018-12-18T10:51:33","modified_gmt":"2018-12-18T09:51:33","slug":"beim-ersten-start-fuer-weilheim-gleich-aufs-trepperl-fuer-forster-vollmann-finale-beim-s-ballturnier-fuer-koterba-rothboeck","status":"publish","type":"post","link":"https:\/\/tanzen-weilheim.de\/cms\/12181\/beim-ersten-start-fuer-weilheim-gleich-aufs-trepperl-fuer-forster-vollmann-finale-beim-s-ballturnier-fuer-koterba-rothboeck","title":{"rendered":"Beim ersten Start f\u00fcr Weilheim gleich aufs Trepperl f\u00fcr Forster\/Vollmann; Finale beim S-Ballturnier f\u00fcr Koterba-Rothb\u00f6ck"},"content":{"rendered":"\n<!--more-->\n\n\n\n<p><strong>Weilheim \/ M\u00fcnchen \/ Dietmannsried<\/strong>. Der Premierenstart f\u00fcr den neuen Verein h\u00e4tte auch anders ausgehen k\u00f6nnen\u2026 Vor anderthalb Wochen hat sich das Paar Lennart Forster (18) und Diana Vollmann (15) zur Tanzsportabteilung (TSA) des TSV 1847 Weilheim \u201eumgemeldet\u201c. Diana hatte fr\u00fcher mit einem anderen Partner schon f\u00fcr Weilheim getanzt, aber nach dem Partnerwechsel sich dann zun\u00e4chst f\u00fcr einen M\u00fcnchner Club entschieden. Aber nachdem die beiden immer mal wieder auch in Weilheim trainiert hatten,vollzogen sie jetzt auch den \u201eoffiziellen\u201c Wechsel nach Weilheim und zum TSV. Die TSA freut sich nat\u00fcrlich sehr!<\/p>\n\n\n\n<p>Lennart und Diana, die in 2018 ja noch in der Jugend tanzen d\u00fcrfen, haben sich schon das eine oder andere Mal getraut, auch in der Hauptgruppe, also bei den Erwachsenen mitzutanzen; und das mit wirklich respektablen Erfolgen. Und so meldeten sie sich am ersten Dezemberwochenende auch f\u00fcr den Nikolauspokal des Gelb-Schwarz-Casinos M\u00fcnchen e.V. an, das in diesem Jahr auch das Abschlu\u00dfturnier der Bayernpokalserie war, und zwar in der Hauptgruppe B Standard. Sie lieferten eine starke und konzentrierte Leistung ab und wurden daf\u00fcr von den Wertungsrichtern mit dem 3. Platz belohnt. Unter den Wertungen fanden sich auch vier \u201eEinser\u201c und acht \u201eZweier\u201c, also scheint hier das Potential nach oben durchaus da zu sein, auch in den Augen der Wertungsrichter.<\/p>\n\n\n\n<p>&nbsp;Amgleichen Tag, nur ein paar Stunden sp\u00e4ter starteten Thomas Koterba und Ren\u00e9eRothb\u00f6ck in Dietmannsried beim traditionellen Nikolaus-Ball-Turnier des Wei\u00df-Blau-Casinos 84 Memmingen e.V. Die beiden gingen in Ihrer Altersklasse Senioren III (ein Partner \u00fcber 50 Jahre, der andere \u00fcber 55) in der Sonderklasse S, der h\u00f6chsten deutschen Startklasse in den Standardt\u00e4nzen ans Werk. Hier erreichten sie souver\u00e4n das Finale und einen \u2013 angesichts der Konkurrenz \u2013 respektablen 6.Platz.<\/p>\n\n\n\n<p>Die Abteilung freut sich \u00fcber diese Leistungen und gratuliert herzlich!<\/p>\n\n\n\n<ul class=\"wp-block-gallery columns-2 is-cropped wp-block-gallery-1 is-layout-flex wp-block-gallery-is-layout-flex\"><li class=\"blocks-gallery-item\"><figure><img loading=\"lazy\" decoding=\"async\" width=\"2000\" height=\"1333\" src=\"https:\/\/tanzen-weilheim.de\/cms\/wp-content\/uploads\/2018\/12\/Diana_Lennart_STD-2000x1333.jpg\" alt=\"\" data-id=\"12195\" data-link=\"https:\/\/tanzen-weilheim.de\/cms\/turnier\/diana_lennart_std\/\" class=\"wp-image-12195\" srcset=\"https:\/\/tanzen-weilheim.de\/cms\/wp-content\/uploads\/2018\/12\/Diana_Lennart_STD-2000x1333.jpg 2000w, https:\/\/tanzen-weilheim.de\/cms\/wp-content\/uploads\/2018\/12\/Diana_Lennart_STD-960x640.jpg 960w, https:\/\/tanzen-weilheim.de\/cms\/wp-content\/uploads\/2018\/12\/Diana_Lennart_STD-1920x1280.jpg 1920w, https:\/\/tanzen-weilheim.de\/cms\/wp-content\/uploads\/2018\/12\/Diana_Lennart_STD-768x512.jpg 768w, https:\/\/tanzen-weilheim.de\/cms\/wp-content\/uploads\/2018\/12\/Diana_Lennart_STD-400x267.jpg 400w, https:\/\/tanzen-weilheim.de\/cms\/wp-content\/uploads\/2018\/12\/Diana_Lennart_STD-800x533.jpg 800w, https:\/\/tanzen-weilheim.de\/cms\/wp-content\/uploads\/2018\/12\/Diana_Lennart_STD-1400x933.jpg 1400w\" sizes=\"auto, (max-width: 2000px) 100vw, 2000px\" \/><figcaption>Lennart &amp; Diana<\/figcaption><\/figure><\/li><li class=\"blocks-gallery-item\"><figure><img loading=\"lazy\" decoding=\"async\" width=\"537\" height=\"630\" src=\"https:\/\/tanzen-weilheim.de\/cms\/wp-content\/uploads\/2018\/12\/Koterba-Rothb\u00f6ck-11.jpg\" alt=\"\" data-id=\"12187\" data-link=\"https:\/\/tanzen-weilheim.de\/cms\/2018\/12\/17\/12184\/koterba-rothboeck-11\/\" class=\"wp-image-12187\" srcset=\"https:\/\/tanzen-weilheim.de\/cms\/wp-content\/uploads\/2018\/12\/Koterba-Rothb\u00f6ck-11.jpg 537w, https:\/\/tanzen-weilheim.de\/cms\/wp-content\/uploads\/2018\/12\/Koterba-Rothb\u00f6ck-11-400x469.jpg 400w\" sizes=\"auto, (max-width: 537px) 100vw, 537px\" \/><figcaption>Thomas &amp; Ren\u00e8e<\/figcaption><\/figure><\/li><\/ul>\n\n\n\n<p>10.12.2018\/tk<\/p>\n","protected":false},"excerpt":{"rendered":"","protected":false},"author":17,"featured_media":12182,"comment_status":"open","ping_status":"open","sticky":false,"template":"","format":"standard","meta":{"_jetpack_memberships_contains_paid_content":false,"footnotes":""},"categories":[1],"tags":[],"class_list":["post-12181","post","type-post","status-publish","format-standard","has-post-thumbnail","hentry","category-allgemein"],"jetpack_featured_media_url":"https:\/\/tanzen-weilheim.de\/cms\/wp-content\/uploads\/2018\/12\/Forster-Vollmann-02b.jpg","jetpack_sharing_enabled":true,"_links":{"self":[{"href":"https:\/\/tanzen-weilheim.de\/cms\/wp-json\/wp\/v2\/posts\/12181","targetHints":{"allow":["GET"]}}],"collection":[{"href":"https:\/\/tanzen-weilheim.de\/cms\/wp-json\/wp\/v2\/posts"}],"about":[{"href":"https:\/\/tanzen-weilheim.de\/cms\/wp-json\/wp\/v2\/types\/post"}],"author":[{"embeddable":true,"href":"https:\/\/tanzen-weilheim.de\/cms\/wp-json\/wp\/v2\/users\/17"}],"replies":[{"embeddable":true,"href":"https:\/\/tanzen-weilheim.de\/cms\/wp-json\/wp\/v2\/comments?post=12181"}],"version-history":[{"count":4,"href":"https:\/\/tanzen-weilheim.de\/cms\/wp-json\/wp\/v2\/posts\/12181\/revisions"}],"predecessor-version":[{"id":12205,"href":"https:\/\/tanzen-weilheim.de\/cms\/wp-json\/wp\/v2\/posts\/12181\/revisions\/12205"}],"wp:featuredmedia":[{"embeddable":true,"href":"https:\/\/tanzen-weilheim.de\/cms\/wp-json\/wp\/v2\/media\/12182"}],"wp:attachment":[{"href":"https:\/\/tanzen-weilheim.de\/cms\/wp-json\/wp\/v2\/media?parent=12181"}],"wp:term":[{"taxonomy":"category","embeddable":true,"href":"https:\/\/tanzen-weilheim.de\/cms\/wp-json\/wp\/v2\/categories?post=12181"},{"taxonomy":"post_tag","embeddable":true,"href":"https:\/\/tanzen-weilheim.de\/cms\/wp-json\/wp\/v2\/tags?post=12181"}],"curies":[{"name":"wp","href":"https:\/\/api.w.org\/{rel}","templated":true}]}}