{"id":11555,"date":"2018-12-08T15:04:23","date_gmt":"2018-12-08T13:04:23","guid":{"rendered":"http:\/\/tanzen-weilheim.de\/cms\/?p=11555"},"modified":"2018-12-09T14:26:03","modified_gmt":"2018-12-09T12:26:03","slug":"nachstes-trepperl-fur-ehepaar-zoubek-und-wdsf-viertelfinale-fur-koterba-rothbock","status":"publish","type":"post","link":"https:\/\/tanzen-weilheim.de\/cms\/11555\/nachstes-trepperl-fur-ehepaar-zoubek-und-wdsf-viertelfinale-fur-koterba-rothbock","title":{"rendered":"N\u00e4chstes Trepperl f\u00fcr Ehepaar Zoubek und WDSF-Viertelfinale f\u00fcr Koterba-Rothb\u00f6ck"},"content":{"rendered":"<p><b>Weilheim \/ F\u00fcrth \/ Maribor<\/b>. Die Auftakterfolge f\u00fcr G\u00fcnter und Gerlinde Zoubek rei\u00dfen nicht ab! Auch der Start der Beiden beim Mittelfr\u00e4nkischen Tanzsportwochenende in F\u00fcrth wurde ein Erfolg! Und unser S-Klasse-Paar Thomas Koterba und Ren\u00e9e Rothb\u00f6ck war wieder mal international unterwegs, diesmal in Maribor (Slowenien).<\/p>\n<p><!--more--><\/p>\n<p>Im positiven Schwung ihrer bisherigen Erfolge meldete sich das Ehepaar Zoubek f\u00fcr die Traditionsveranstaltung des Mittelfr\u00e4nkischen Tanzsportwochenendes an, wiederum in der Altersklasse der Senioren 3 (ein Partner \u00fcber 50 Jahre, der zweite \u00fcber 55 Jahre alt) in ihrer Leistungsklasse D. Diesmal war auch das Startfeld endlich mal einigerma\u00dfen gr\u00f6\u00dfer, so da\u00df eine echte Vorrunde ausgetanzt werden konnte, in der sich G\u00fcnter und Gerlinde ganz souver\u00e4n mit der vollen Anzahl an Wertungen f\u00fcrs Finale qualifizierten, in dem sie sich dann nur zwei weit angereisten Paaren aus Baden-W\u00fcrttemberg bzw. Rheinland-Pfalz geschlagen geben mu\u00dften. Als bestes bayerisches Paar belegten sie in der Endabrechnung einen hervorragenden 3. Platz und waren sehr zufrieden! Die Beiden haben jetzt nach insgesamt 4 Starts schon 3 aufstiegsrelevante Platzierungen, das ist f\u00fcr die K\u00fcrze der Zeit, die sie bis jetzt im Leistungssport sind, eine absolut tolle Bilanz.<\/p>\n<p><a href=\"https:\/\/tanzen-weilheim.de\/cms\/wp-content\/uploads\/2018\/12\/Zoubek-05.jpg\"><img loading=\"lazy\" decoding=\"async\" class=\"alignnone size-medium wp-image-11556\" src=\"https:\/\/tanzen-weilheim.de\/cms\/wp-content\/uploads\/2018\/12\/Zoubek-05-300x200.jpg\" alt=\"Zoubek 05\" width=\"395\" height=\"262\" srcset=\"https:\/\/tanzen-weilheim.de\/cms\/wp-content\/uploads\/2018\/12\/Zoubek-05-300x200.jpg 300w, https:\/\/tanzen-weilheim.de\/cms\/wp-content\/uploads\/2018\/12\/Zoubek-05-960x640.jpg 960w, https:\/\/tanzen-weilheim.de\/cms\/wp-content\/uploads\/2018\/12\/Zoubek-05-768x512.jpg 768w, https:\/\/tanzen-weilheim.de\/cms\/wp-content\/uploads\/2018\/12\/Zoubek-05.jpg 1000w\" sizes=\"auto, (max-width: 395px) 100vw, 395px\" \/><\/a><a href=\"https:\/\/tanzen-weilheim.de\/cms\/wp-content\/uploads\/2018\/12\/Zoubek-04a.jpg\"><img loading=\"lazy\" decoding=\"async\" class=\"alignnone size-medium wp-image-11557\" src=\"https:\/\/tanzen-weilheim.de\/cms\/wp-content\/uploads\/2018\/12\/Zoubek-04a-200x300.jpg\" alt=\"Zoubek 04a\" width=\"176\" height=\"264\" srcset=\"https:\/\/tanzen-weilheim.de\/cms\/wp-content\/uploads\/2018\/12\/Zoubek-04a-200x300.jpg 200w, https:\/\/tanzen-weilheim.de\/cms\/wp-content\/uploads\/2018\/12\/Zoubek-04a-640x960.jpg 640w, https:\/\/tanzen-weilheim.de\/cms\/wp-content\/uploads\/2018\/12\/Zoubek-04a-1280x1920.jpg 1280w, https:\/\/tanzen-weilheim.de\/cms\/wp-content\/uploads\/2018\/12\/Zoubek-04a-768x1152.jpg 768w, https:\/\/tanzen-weilheim.de\/cms\/wp-content\/uploads\/2018\/12\/Zoubek-04a-683x1024.jpg 683w, https:\/\/tanzen-weilheim.de\/cms\/wp-content\/uploads\/2018\/12\/Zoubek-04a-400x600.jpg 400w, https:\/\/tanzen-weilheim.de\/cms\/wp-content\/uploads\/2018\/12\/Zoubek-04a-533x800.jpg 533w, https:\/\/tanzen-weilheim.de\/cms\/wp-content\/uploads\/2018\/12\/Zoubek-04a.jpg 2000w\" sizes=\"auto, (max-width: 176px) 100vw, 176px\" \/><\/a><b><img loading=\"lazy\" decoding=\"async\" class=\"alignnone size-medium wp-image-11658\" src=\"https:\/\/tanzen-weilheim.de\/cms\/wp-content\/uploads\/2018\/12\/Zoubek-06a-200x300.jpg\" alt=\"\" width=\"200\" height=\"300\" srcset=\"https:\/\/tanzen-weilheim.de\/cms\/wp-content\/uploads\/2018\/12\/Zoubek-06a-200x300.jpg 200w, https:\/\/tanzen-weilheim.de\/cms\/wp-content\/uploads\/2018\/12\/Zoubek-06a-640x960.jpg 640w, https:\/\/tanzen-weilheim.de\/cms\/wp-content\/uploads\/2018\/12\/Zoubek-06a-1280x1920.jpg 1280w, https:\/\/tanzen-weilheim.de\/cms\/wp-content\/uploads\/2018\/12\/Zoubek-06a-768x1152.jpg 768w, https:\/\/tanzen-weilheim.de\/cms\/wp-content\/uploads\/2018\/12\/Zoubek-06a-683x1024.jpg 683w, https:\/\/tanzen-weilheim.de\/cms\/wp-content\/uploads\/2018\/12\/Zoubek-06a-400x600.jpg 400w, https:\/\/tanzen-weilheim.de\/cms\/wp-content\/uploads\/2018\/12\/Zoubek-06a-533x800.jpg 533w, https:\/\/tanzen-weilheim.de\/cms\/wp-content\/uploads\/2018\/12\/Zoubek-06a.jpg 2000w\" sizes=\"auto, (max-width: 200px) 100vw, 200px\" \/><\/b><\/p>\n<p>Seit dem sch\u00f6nen Ergebnis bei den German Open Championships im August griffen erstmals auch Thomas Koterba und Ren\u00e9e Rothb\u00f6ck wieder ins Turniergeschehen ein. Sie meldeten sich an f\u00fcr die WDSF Maribor open, ein gro\u00dfes internationales (die WDSF ist die World Dance Sport Federation, also der internationale Tanzsportverband) Turnier in der zweitgr\u00f6\u00dften Stadt Sloweniens. Hier erreichten sie \u00fcber die Vorrunde hinaus erstmals die 24er-Runde und insgesamt den 22. Platz. Durch dieses erste Viertelfinale im internationalen Bereich kletterten sie in der offiziellen Weltrangliste der WDSF nach dem erst f\u00fcnften Turnier insgesamt auf den 509. von 986 Pl\u00e4tzen. Mal schauen, wie es da dann weiter geht!<\/p>\n<p><a href=\"https:\/\/tanzen-weilheim.de\/cms\/wp-content\/uploads\/2018\/12\/Koterba-Rothb\u00f6ck-12a.jpg\"><img loading=\"lazy\" decoding=\"async\" class=\"alignnone size-medium wp-image-11558\" src=\"https:\/\/tanzen-weilheim.de\/cms\/wp-content\/uploads\/2018\/12\/Koterba-Rothb\u00f6ck-12a-194x300.jpg\" alt=\"Koterba-Rothb\u00f6ck 12a\" width=\"194\" height=\"300\" \/><\/a><a href=\"https:\/\/tanzen-weilheim.de\/cms\/wp-content\/uploads\/2018\/12\/Koterba-Rothb\u00f6ck-13.jpg\"><img loading=\"lazy\" decoding=\"async\" class=\"alignnone size-medium wp-image-11559\" src=\"https:\/\/tanzen-weilheim.de\/cms\/wp-content\/uploads\/2018\/12\/Koterba-Rothb\u00f6ck-13-183x300.jpg\" alt=\"Koterba-Rothb\u00f6ck 13\" width=\"183\" height=\"300\" srcset=\"https:\/\/tanzen-weilheim.de\/cms\/wp-content\/uploads\/2018\/12\/Koterba-Rothb\u00f6ck-13-183x300.jpg 183w, https:\/\/tanzen-weilheim.de\/cms\/wp-content\/uploads\/2018\/12\/Koterba-Rothb\u00f6ck-13-586x960.jpg 586w, https:\/\/tanzen-weilheim.de\/cms\/wp-content\/uploads\/2018\/12\/Koterba-Rothb\u00f6ck-13.jpg 625w, https:\/\/tanzen-weilheim.de\/cms\/wp-content\/uploads\/2018\/12\/Koterba-Rothb\u00f6ck-13-366x600.jpg 366w, https:\/\/tanzen-weilheim.de\/cms\/wp-content\/uploads\/2018\/12\/Koterba-Rothb\u00f6ck-13-488x800.jpg 488w\" sizes=\"auto, (max-width: 183px) 100vw, 183px\" \/><\/a><\/p>\n<p>Die Abteilung gratuliert beiden Paaren ganz herzlich und freut sich auf weitere solche Erfolge!<\/p>\n<p>08.12.2018\/tk<\/p>\n","protected":false},"excerpt":{"rendered":"<p>Weilheim \/ F\u00fcrth \/ Maribor. Die Auftakterfolge f\u00fcr G\u00fcnter und Gerlinde Zoubek rei\u00dfen nicht ab! Auch der Start der Beiden beim Mittelfr\u00e4nkischen Tanzsportwochenende in F\u00fcrth wurde ein Erfolg! Und unser S-Klasse-Paar Thomas Koterba und Ren\u00e9e Rothb\u00f6ck war wieder mal international unterwegs, diesmal in Maribor (Slowenien).<\/p>\n","protected":false},"author":17,"featured_media":11558,"comment_status":"open","ping_status":"open","sticky":false,"template":"","format":"standard","meta":{"_jetpack_memberships_contains_paid_content":false,"footnotes":""},"categories":[1],"tags":[],"class_list":["post-11555","post","type-post","status-publish","format-standard","has-post-thumbnail","hentry","category-allgemein"],"jetpack_featured_media_url":"https:\/\/tanzen-weilheim.de\/cms\/wp-content\/uploads\/2018\/12\/Koterba-Rothb\u00f6ck-12a.jpg","jetpack_sharing_enabled":true,"_links":{"self":[{"href":"https:\/\/tanzen-weilheim.de\/cms\/wp-json\/wp\/v2\/posts\/11555","targetHints":{"allow":["GET"]}}],"collection":[{"href":"https:\/\/tanzen-weilheim.de\/cms\/wp-json\/wp\/v2\/posts"}],"about":[{"href":"https:\/\/tanzen-weilheim.de\/cms\/wp-json\/wp\/v2\/types\/post"}],"author":[{"embeddable":true,"href":"https:\/\/tanzen-weilheim.de\/cms\/wp-json\/wp\/v2\/users\/17"}],"replies":[{"embeddable":true,"href":"https:\/\/tanzen-weilheim.de\/cms\/wp-json\/wp\/v2\/comments?post=11555"}],"version-history":[{"count":3,"href":"https:\/\/tanzen-weilheim.de\/cms\/wp-json\/wp\/v2\/posts\/11555\/revisions"}],"predecessor-version":[{"id":11659,"href":"https:\/\/tanzen-weilheim.de\/cms\/wp-json\/wp\/v2\/posts\/11555\/revisions\/11659"}],"wp:featuredmedia":[{"embeddable":true,"href":"https:\/\/tanzen-weilheim.de\/cms\/wp-json\/wp\/v2\/media\/11558"}],"wp:attachment":[{"href":"https:\/\/tanzen-weilheim.de\/cms\/wp-json\/wp\/v2\/media?parent=11555"}],"wp:term":[{"taxonomy":"category","embeddable":true,"href":"https:\/\/tanzen-weilheim.de\/cms\/wp-json\/wp\/v2\/categories?post=11555"},{"taxonomy":"post_tag","embeddable":true,"href":"https:\/\/tanzen-weilheim.de\/cms\/wp-json\/wp\/v2\/tags?post=11555"}],"curies":[{"name":"wp","href":"https:\/\/api.w.org\/{rel}","templated":true}]}}