{"id":11551,"date":"2018-12-02T19:57:14","date_gmt":"2018-12-02T17:57:14","guid":{"rendered":"http:\/\/tanzen-weilheim.de\/cms\/?p=11551"},"modified":"2018-12-09T11:29:26","modified_gmt":"2018-12-09T09:29:26","slug":"workshop-wochenende-standard-mit-manfred-kober","status":"publish","type":"post","link":"https:\/\/tanzen-weilheim.de\/cms\/11551\/workshop-wochenende-standard-mit-manfred-kober","title":{"rendered":"Workshop-Wochenende Standard mit Manfred Kober"},"content":{"rendered":"<p><b>Weilheim<\/b>. Nach dem tollen Slow-Waltz-Workshop am 14.10.2018 kam nun die Fortsetzung: diesmal ein ganzes Wochenende mit zwei Workshops, wiederum begleitet von stark frequentierten Privatstunden. Die Nachfrage nach Manfred\u00b4s Workshops in Weilheim ist ungebrochen.<\/p>\n<p><!--more--><\/p>\n<p>Auch inhaltlich-thematisch war es die logische Fortsetzung des letzten Workshops, allerdings diesmal nicht auf den Walzer beschr\u00e4nkt, sondern, ausgehend\u00a0 von Slowfox und Waltz dann auch mit den entsprechenden Folgerungen f\u00fcr alle T\u00e4nze.<\/p>\n<p>Wie immer kamen dabei erneut der so wichtige Grundaufbau des K\u00f6rpers, die Positionierung der beiden Partner zueinander und die Distanzierungen zwischen den beiden K\u00f6rpern und innerhalb der K\u00f6rper zur Sprache, ebenso die Torsionierungen. Er verstand es wiederum sehr gut, alle teilnehmenden Paare \u201emitzunehmen\u201c, auch wenn die Unterschiede zwischen Paaren der D- bis S-Klassen sowie zum Teil ebenfalls mittrainierenden Paaren aus dem Breitensportwettbereich dies nicht immer ganz einfach machen. Mit dem ihm eigenen Humor ging er auf alle Paare, insb. auf erstmals anwesende Paare, sehr genau ein und veranschaulichte uns seine Trainingsziele. Am Samstagabend nahm der Manfred dann die Einladung zu unserer Weihnachtsfeier gerne an.<\/p>\n<p>Erneut waren fast alle Paare der Abteilung und auch einige Gastpaare da (insg. wiederum 14 Paare\u2026) und arbeiteten intensiv an den neuen Informationen. Wir werden auch im n\u00e4chsten Jahr wieder einige Workshops mit dem Manfred planen\u2026<\/p>\n<p>02.12.2018\/tk<\/p>\n","protected":false},"excerpt":{"rendered":"<p>Weilheim. Nach dem tollen Slow-Waltz-Workshop am 14.10.2018 kam nun die Fortsetzung: diesmal ein ganzes Wochenende mit zwei Workshops, wiederum begleitet von stark frequentierten Privatstunden. Die Nachfrage nach Manfred\u00b4s Workshops in Weilheim ist ungebrochen.<\/p>\n","protected":false},"author":17,"featured_media":11553,"comment_status":"open","ping_status":"open","sticky":false,"template":"","format":"standard","meta":{"_jetpack_memberships_contains_paid_content":false,"footnotes":""},"categories":[1],"tags":[],"class_list":["post-11551","post","type-post","status-publish","format-standard","has-post-thumbnail","hentry","category-allgemein"],"jetpack_featured_media_url":"https:\/\/tanzen-weilheim.de\/cms\/wp-content\/uploads\/2018\/12\/Kober-Workshop.jpg","jetpack_sharing_enabled":true,"_links":{"self":[{"href":"https:\/\/tanzen-weilheim.de\/cms\/wp-json\/wp\/v2\/posts\/11551","targetHints":{"allow":["GET"]}}],"collection":[{"href":"https:\/\/tanzen-weilheim.de\/cms\/wp-json\/wp\/v2\/posts"}],"about":[{"href":"https:\/\/tanzen-weilheim.de\/cms\/wp-json\/wp\/v2\/types\/post"}],"author":[{"embeddable":true,"href":"https:\/\/tanzen-weilheim.de\/cms\/wp-json\/wp\/v2\/users\/17"}],"replies":[{"embeddable":true,"href":"https:\/\/tanzen-weilheim.de\/cms\/wp-json\/wp\/v2\/comments?post=11551"}],"version-history":[{"count":3,"href":"https:\/\/tanzen-weilheim.de\/cms\/wp-json\/wp\/v2\/posts\/11551\/revisions"}],"predecessor-version":[{"id":11617,"href":"https:\/\/tanzen-weilheim.de\/cms\/wp-json\/wp\/v2\/posts\/11551\/revisions\/11617"}],"wp:featuredmedia":[{"embeddable":true,"href":"https:\/\/tanzen-weilheim.de\/cms\/wp-json\/wp\/v2\/media\/11553"}],"wp:attachment":[{"href":"https:\/\/tanzen-weilheim.de\/cms\/wp-json\/wp\/v2\/media?parent=11551"}],"wp:term":[{"taxonomy":"category","embeddable":true,"href":"https:\/\/tanzen-weilheim.de\/cms\/wp-json\/wp\/v2\/categories?post=11551"},{"taxonomy":"post_tag","embeddable":true,"href":"https:\/\/tanzen-weilheim.de\/cms\/wp-json\/wp\/v2\/tags?post=11551"}],"curies":[{"name":"wp","href":"https:\/\/api.w.org\/{rel}","templated":true}]}}