{"id":11477,"date":"2018-11-18T20:14:13","date_gmt":"2018-11-18T18:14:13","guid":{"rendered":"http:\/\/tanzen-weilheim.de\/cms\/?p=11477"},"modified":"2018-12-18T10:33:11","modified_gmt":"2018-12-18T09:33:11","slug":"toller-zweiter-platz-fur-ehepaar-zoubek-in-neusas","status":"publish","type":"post","link":"https:\/\/tanzen-weilheim.de\/cms\/11477\/toller-zweiter-platz-fur-ehepaar-zoubek-in-neusas","title":{"rendered":"Toller zweiter Platz f\u00fcr Ehepaar Zoubek in Neus\u00e4\u00df"},"content":{"rendered":"\n<p><b>Weilheim \/ Neus\u00e4\u00df<\/b>. Nach den tollen beiden Trepperl-Ergebnissen Ende Oktober wollten G\u00fcnter und Gerlinde Zoubek den Elan gleich mitnehmen nach Neus\u00e4\u00df, wo am zweiten Novemberwochenende das Tanzsportzentrum Augsburg e.V. ihren allj\u00e4hrlichen Neus\u00e4sser Herbstpokal veranstaltete. <\/p>\n\n\n\n<!--more-->\n\n\n\n<p>Die Beiden meldeten sich frohgemut wieder f\u00fcr das Turnier Ihrer Leistungsgruppe D-Standard in Ihrer Altersgruppe Senioren III (ein Partner \u00fcber 50 Jahre, der zweite \u00fcber 55 Jahre alt). Und wieder waren sie erfolgreich und belegten in der Endabrechnung den zweiten Platz, diesmal noch um einiges knapper am Sieger dran als noch im Oktober. Im Langsamen Walzer, dem ersten der zu pr\u00e4sentierenden Standardt\u00e4nze, erhielten sie durchgehend von allen f\u00fcnf Wertungsrichter die \u201e1\u201c und konnten diesen Tanz souver\u00e4n gewinnen. In Tango und Quickstep erhielten sie gemischte Wertungen, aber ausschlie\u00dflich Einser und Zweier und im Durchschnitt jeweils dann den zweiten Platz, so da\u00df die Zoubek\u00b4s in der Gesamtabrechnung den Sieg nur hauchd\u00fcnn verpa\u00dften. Ein einziger Einser im Tango, und G\u00fcnter und Gerlinde h\u00e4tten im erst dritten Turnier der Leistungssportkarriere gleich den ersten Sieg ertanzt. Aber was nicht ist, kann ja dann noch werden!<\/p>\n\n\n\n<figure class=\"wp-block-image\"><a href=\"https:\/\/tanzen-weilheim.de\/cms\/wp-content\/uploads\/2018\/11\/Zoubek-04a.jpg\"><img loading=\"lazy\" decoding=\"async\" width=\"200\" height=\"300\" src=\"https:\/\/tanzen-weilheim.de\/cms\/wp-content\/uploads\/2018\/11\/Zoubek-04a-200x300.jpg\" alt=\"Zoubek 04a\" class=\"wp-image-11478\" srcset=\"https:\/\/tanzen-weilheim.de\/cms\/wp-content\/uploads\/2018\/11\/Zoubek-04a-200x300.jpg 200w, https:\/\/tanzen-weilheim.de\/cms\/wp-content\/uploads\/2018\/11\/Zoubek-04a-640x960.jpg 640w, https:\/\/tanzen-weilheim.de\/cms\/wp-content\/uploads\/2018\/11\/Zoubek-04a-1280x1920.jpg 1280w, https:\/\/tanzen-weilheim.de\/cms\/wp-content\/uploads\/2018\/11\/Zoubek-04a-768x1152.jpg 768w, https:\/\/tanzen-weilheim.de\/cms\/wp-content\/uploads\/2018\/11\/Zoubek-04a-683x1024.jpg 683w, https:\/\/tanzen-weilheim.de\/cms\/wp-content\/uploads\/2018\/11\/Zoubek-04a-400x600.jpg 400w, https:\/\/tanzen-weilheim.de\/cms\/wp-content\/uploads\/2018\/11\/Zoubek-04a-533x800.jpg 533w, https:\/\/tanzen-weilheim.de\/cms\/wp-content\/uploads\/2018\/11\/Zoubek-04a.jpg 2000w\" sizes=\"auto, (max-width: 200px) 100vw, 200px\" \/><\/a><\/figure>\n\n\n\n<figure class=\"wp-block-image\"><a href=\"https:\/\/tanzen-weilheim.de\/cms\/wp-content\/uploads\/2018\/11\/Zoubek-05.jpg\"><img decoding=\"async\" src=\"https:\/\/tanzen-weilheim.de\/cms\/wp-content\/uploads\/2018\/11\/Zoubek-05-300x168.jpg\" alt=\"Zoubek 05\" class=\"wp-image-11479\"\/><\/a><\/figure>\n\n\n\n<p>Und auch dieser zweite Platz, erneut ein Terpperl-Platz, zeigt, da\u00df die Beiden auf einem tollen Weg sind und bereits jetzt auf einem f\u00fcr diese Klasse hervorragenden Niveau tanzen.<\/p>\n\n\n\n<p>Die Abteilung gratuliert ganz herzlich und sagt den Beiden nur eines: Weiter so!<\/p>\n\n\n\n<p>18.11.2018\/tk<\/p>\n","protected":false},"excerpt":{"rendered":"<p>Weilheim \/ Neus\u00e4\u00df. Nach den tollen beiden Trepperl-Ergebnissen Ende Oktober wollten G\u00fcnter und Gerlinde Zoubek den Elan gleich mitnehmen nach Neus\u00e4\u00df, wo am zweiten Novemberwochenende das Tanzsportzentrum Augsburg e.V. ihren allj\u00e4hrlichen Neus\u00e4sser Herbstpokal veranstaltete.<\/p>\n","protected":false},"author":17,"featured_media":12200,"comment_status":"open","ping_status":"open","sticky":false,"template":"","format":"standard","meta":{"_jetpack_memberships_contains_paid_content":false,"footnotes":""},"categories":[1],"tags":[],"class_list":["post-11477","post","type-post","status-publish","format-standard","has-post-thumbnail","hentry","category-allgemein"],"jetpack_featured_media_url":"https:\/\/tanzen-weilheim.de\/cms\/wp-content\/uploads\/2018\/11\/Zoubek-05-300x168-1.jpg","jetpack_sharing_enabled":true,"_links":{"self":[{"href":"https:\/\/tanzen-weilheim.de\/cms\/wp-json\/wp\/v2\/posts\/11477","targetHints":{"allow":["GET"]}}],"collection":[{"href":"https:\/\/tanzen-weilheim.de\/cms\/wp-json\/wp\/v2\/posts"}],"about":[{"href":"https:\/\/tanzen-weilheim.de\/cms\/wp-json\/wp\/v2\/types\/post"}],"author":[{"embeddable":true,"href":"https:\/\/tanzen-weilheim.de\/cms\/wp-json\/wp\/v2\/users\/17"}],"replies":[{"embeddable":true,"href":"https:\/\/tanzen-weilheim.de\/cms\/wp-json\/wp\/v2\/comments?post=11477"}],"version-history":[{"count":2,"href":"https:\/\/tanzen-weilheim.de\/cms\/wp-json\/wp\/v2\/posts\/11477\/revisions"}],"predecessor-version":[{"id":12201,"href":"https:\/\/tanzen-weilheim.de\/cms\/wp-json\/wp\/v2\/posts\/11477\/revisions\/12201"}],"wp:featuredmedia":[{"embeddable":true,"href":"https:\/\/tanzen-weilheim.de\/cms\/wp-json\/wp\/v2\/media\/12200"}],"wp:attachment":[{"href":"https:\/\/tanzen-weilheim.de\/cms\/wp-json\/wp\/v2\/media?parent=11477"}],"wp:term":[{"taxonomy":"category","embeddable":true,"href":"https:\/\/tanzen-weilheim.de\/cms\/wp-json\/wp\/v2\/categories?post=11477"},{"taxonomy":"post_tag","embeddable":true,"href":"https:\/\/tanzen-weilheim.de\/cms\/wp-json\/wp\/v2\/tags?post=11477"}],"curies":[{"name":"wp","href":"https:\/\/api.w.org\/{rel}","templated":true}]}}