{"id":11425,"date":"2018-11-11T22:55:43","date_gmt":"2018-11-11T20:55:43","guid":{"rendered":"http:\/\/tanzen-weilheim.de\/cms\/?p=11425"},"modified":"2018-12-09T11:46:10","modified_gmt":"2018-12-09T09:46:10","slug":"dtsa-abnahme-2018-beim-tsc-tolzer-land","status":"publish","type":"post","link":"https:\/\/tanzen-weilheim.de\/cms\/11425\/dtsa-abnahme-2018-beim-tsc-tolzer-land","title":{"rendered":"DTSA-Abnahme 2018 beim TSC T\u00f6lzer Land"},"content":{"rendered":"<p>Am Samstag, den 10. November 2018, richtete der TSC T\u00f6lzer Land turnusm\u00e4\u00dfig die Abnahme des Deutschen Tanzsportabzeichens DTSA aus. Nach einer herzlichen Begr\u00fc\u00dfung des Vereinsvorstands Conni Rothbauer steuerte der Abnahmeleiter, Sportwart Sven Ludwig, routiniert und schwungvoll durch das umfangreiche Programm. F\u00fcr die DTSA wurden ab 2018 neue Regeln eingef\u00fchrt. So konnte zum erstenmal Brillant erworben werden, die n\u00e4chste Stufe nach Gold.<\/p>\n<p>F\u00fcr die Abnahmen gelten grunds\u00e4tzlich die Wertungsrichtlinien f\u00fcr Tanzsportturniere im Deutschen Tanzsportverband. Wenngleich eine turnierm\u00e4\u00dfige Ausf\u00fchrung nicht verlangt wird, so m\u00fcssen die Grundanforderungen je nach Abzeichen sauber und exakt getanzt werden.<\/p>\n<p>Die Abnahmeleiter Christian Halmheu und Birgit Handel haben mit gro\u00dfem Sachverstand die Wertungen vorgenommen und, als besonderen Service, jedem Paar pers\u00f6nlich ein fachlich fundiertes Feedback gegeben. Alle 15 Teilnehmer der TSA Weilheim haben die Abnahme auf Anhieb bestanden, was auf das hohe Leistungsniveau in unserer Tanzsportabteilung hindeuted. Sehr erfreulich war auch, dass<span style=\"text-decoration: underline;\"> alle<\/span> T\u00e4nze des Welttanzsportprogramms und auch Sondert\u00e4nze wie z.B. Disco-Fox getanzt wurden.<\/p>\n<p><a href=\"https:\/\/tanzen-weilheim.de\/cms\/wp-content\/uploads\/2018\/11\/TSA-WM-DTSA-2018.jpg\"><img loading=\"lazy\" decoding=\"async\" class=\"alignnone size-medium wp-image-11432\" alt=\"TSA WM, DTSA 2018\" src=\"https:\/\/tanzen-weilheim.de\/cms\/wp-content\/uploads\/2018\/11\/TSA-WM-DTSA-2018-300x225.jpg\" width=\"300\" height=\"225\" srcset=\"https:\/\/tanzen-weilheim.de\/cms\/wp-content\/uploads\/2018\/11\/TSA-WM-DTSA-2018-300x225.jpg 300w, https:\/\/tanzen-weilheim.de\/cms\/wp-content\/uploads\/2018\/11\/TSA-WM-DTSA-2018-960x720.jpg 960w, https:\/\/tanzen-weilheim.de\/cms\/wp-content\/uploads\/2018\/11\/TSA-WM-DTSA-2018-1920x1440.jpg 1920w, https:\/\/tanzen-weilheim.de\/cms\/wp-content\/uploads\/2018\/11\/TSA-WM-DTSA-2018-768x576.jpg 768w, https:\/\/tanzen-weilheim.de\/cms\/wp-content\/uploads\/2018\/11\/TSA-WM-DTSA-2018-400x300.jpg 400w, https:\/\/tanzen-weilheim.de\/cms\/wp-content\/uploads\/2018\/11\/TSA-WM-DTSA-2018-800x600.jpg 800w, https:\/\/tanzen-weilheim.de\/cms\/wp-content\/uploads\/2018\/11\/TSA-WM-DTSA-2018-1024x768.jpg 1024w\" sizes=\"auto, (max-width: 300px) 100vw, 300px\" \/><\/a><\/p>\n<p><span style=\"font-size: 10px;\">(Teilnehmer, nicht auf dem Bild: Markus und Veronika Lanz, Martin Korak, Christine H\u00fcbler, Rebecca Weidinger)<\/span><\/p>\n<p>So wurden erreicht:<\/p>\n<p><span style=\"text-decoration: underline;\"><br class=\"none\"><strong>Bronze (1. Abnahme, 3 T\u00e4nze je 4 Figuren)<\/strong><br \/>\n<\/span><\/p>\n<p>Eva-Maria Schweiger<\/p>\n<p><strong><span style=\"text-decoration: underline;\">Gold Wiederholung (3. Abnahme und weitere, 5 T\u00e4nze je 8 Figuren)<\/span><\/strong><\/p>\n<p>Markus Lanz<\/p>\n<p>Veronika Lanz<\/p>\n<p>Florian Weidinger, mit 10 T\u00e4nzen (Gastpaar)<\/p>\n<p>Rebecca Weidinger, mit 10 T\u00e4nzen (Gastpaar)<\/p>\n<p>Uwe Beekmann<\/p>\n<p>Christine Beekmann<\/p>\n<p>Peter Handel<\/p>\n<p>Birgit Handel<\/p>\n<p>&nbsp;<\/p>\n<p><a href=\"https:\/\/tanzen-weilheim.de\/cms\/wp-content\/uploads\/2018\/11\/Lanz-DTSA-2018.jpg\"><img loading=\"lazy\" decoding=\"async\" class=\"alignnone size-medium wp-image-11431\" alt=\"Lanz, DTSA 2018\" src=\"https:\/\/tanzen-weilheim.de\/cms\/wp-content\/uploads\/2018\/11\/Lanz-DTSA-2018-300x225.jpg\" width=\"300\" height=\"225\" srcset=\"https:\/\/tanzen-weilheim.de\/cms\/wp-content\/uploads\/2018\/11\/Lanz-DTSA-2018-300x225.jpg 300w, https:\/\/tanzen-weilheim.de\/cms\/wp-content\/uploads\/2018\/11\/Lanz-DTSA-2018-960x720.jpg 960w, https:\/\/tanzen-weilheim.de\/cms\/wp-content\/uploads\/2018\/11\/Lanz-DTSA-2018-1920x1440.jpg 1920w, https:\/\/tanzen-weilheim.de\/cms\/wp-content\/uploads\/2018\/11\/Lanz-DTSA-2018-768x576.jpg 768w, https:\/\/tanzen-weilheim.de\/cms\/wp-content\/uploads\/2018\/11\/Lanz-DTSA-2018-400x300.jpg 400w, https:\/\/tanzen-weilheim.de\/cms\/wp-content\/uploads\/2018\/11\/Lanz-DTSA-2018-800x600.jpg 800w, https:\/\/tanzen-weilheim.de\/cms\/wp-content\/uploads\/2018\/11\/Lanz-DTSA-2018-1024x768.jpg 1024w\" sizes=\"auto, (max-width: 300px) 100vw, 300px\" \/><\/a><\/p>\n<p><a href=\"https:\/\/tanzen-weilheim.de\/cms\/wp-content\/uploads\/2018\/11\/Beekmann-DTSA-2018.jpg\"><img loading=\"lazy\" decoding=\"async\" class=\"alignnone size-medium wp-image-11429\" alt=\"Beekmann DTSA 2018\" src=\"https:\/\/tanzen-weilheim.de\/cms\/wp-content\/uploads\/2018\/11\/Beekmann-DTSA-2018-300x200.jpg\" width=\"298\" height=\"200\" srcset=\"https:\/\/tanzen-weilheim.de\/cms\/wp-content\/uploads\/2018\/11\/Beekmann-DTSA-2018-300x200.jpg 300w, https:\/\/tanzen-weilheim.de\/cms\/wp-content\/uploads\/2018\/11\/Beekmann-DTSA-2018-960x640.jpg 960w, https:\/\/tanzen-weilheim.de\/cms\/wp-content\/uploads\/2018\/11\/Beekmann-DTSA-2018-1920x1280.jpg 1920w, https:\/\/tanzen-weilheim.de\/cms\/wp-content\/uploads\/2018\/11\/Beekmann-DTSA-2018-768x512.jpg 768w, https:\/\/tanzen-weilheim.de\/cms\/wp-content\/uploads\/2018\/11\/Beekmann-DTSA-2018-1024x683.jpg 1024w, https:\/\/tanzen-weilheim.de\/cms\/wp-content\/uploads\/2018\/11\/Beekmann-DTSA-2018-400x267.jpg 400w, https:\/\/tanzen-weilheim.de\/cms\/wp-content\/uploads\/2018\/11\/Beekmann-DTSA-2018-800x533.jpg 800w\" sizes=\"auto, (max-width: 298px) 100vw, 298px\" \/><\/a><\/p>\n<p><a href=\"https:\/\/tanzen-weilheim.de\/cms\/wp-content\/uploads\/2018\/11\/Handel-DTSA-2018.jpg\"><img loading=\"lazy\" decoding=\"async\" class=\"alignnone size-medium wp-image-11430\" alt=\"Handel, DTSA 2018\" src=\"https:\/\/tanzen-weilheim.de\/cms\/wp-content\/uploads\/2018\/11\/Handel-DTSA-2018-300x200.jpg\" width=\"300\" height=\"200\" srcset=\"https:\/\/tanzen-weilheim.de\/cms\/wp-content\/uploads\/2018\/11\/Handel-DTSA-2018-300x200.jpg 300w, https:\/\/tanzen-weilheim.de\/cms\/wp-content\/uploads\/2018\/11\/Handel-DTSA-2018-960x640.jpg 960w, https:\/\/tanzen-weilheim.de\/cms\/wp-content\/uploads\/2018\/11\/Handel-DTSA-2018-1920x1280.jpg 1920w, https:\/\/tanzen-weilheim.de\/cms\/wp-content\/uploads\/2018\/11\/Handel-DTSA-2018-768x512.jpg 768w, https:\/\/tanzen-weilheim.de\/cms\/wp-content\/uploads\/2018\/11\/Handel-DTSA-2018-1024x683.jpg 1024w, https:\/\/tanzen-weilheim.de\/cms\/wp-content\/uploads\/2018\/11\/Handel-DTSA-2018-400x267.jpg 400w, https:\/\/tanzen-weilheim.de\/cms\/wp-content\/uploads\/2018\/11\/Handel-DTSA-2018-800x533.jpg 800w\" sizes=\"auto, (max-width: 300px) 100vw, 300px\" \/><\/a><\/p>\n<p><strong><span style=\"text-decoration: underline;\">Brillant (1. Abnahme, 6 T\u00e4nze je 10 Figuren)<\/span><\/strong><\/p>\n<p>Martin Korak<\/p>\n<p>Christine H\u00fcbler<\/p>\n<p>Peter Mayer<\/p>\n<p>Angelika Mayer<\/p>\n<p>Dr. J\u00fcrgen Polifka<\/p>\n<p>Silke Polifka<\/p>\n<p>&nbsp;<\/p>\n<p>Besonderer Dank geb\u00fchrt allen Trainern und \u00dcbungsleitern, nicht zuletzt Peter Handel und dem Ehepaar Dr. J\u00fcrgen und Silke Polifka, f\u00fcr die intensive Betreuung der Teilnehmer in den gesonderten Vorbereitungsworkshops. Die Abteilung gratuliert allen Teilnehmern ganz herzlich zu den erreichten Abnahmen. Wir freuen uns auf die n\u00e4chste Abnahme im Jahr 2019, voraussichtlich beim GTC Murnau.<\/p>\n<p><span style=\"font-size: 10px;\">11.11.2018\/pm<\/span><\/p>\n<p><span style=\"font-size: 10px;\">Fotos \u00a9 Peter Mayer, TSA im TSV 1847 Weilheim e.V.<span style=\"font-family: arial, helvetica, sans-serif;\"><br \/>\n<\/span><\/span><\/p>\n<p><span style=\"font-family: arial, helvetica, sans-serif; font-size: 12px;\">&nbsp;<\/span><\/p>\n<p>&nbsp;<\/p>\n<p><span style=\"font-size: 12px; font-family: arial, helvetica, sans-serif;\">&nbsp;<\/span><\/p>\n<p><span style=\"font-size: 12px; font-family: arial, helvetica, sans-serif;\">&nbsp;<\/span><\/p>\n","protected":false},"excerpt":{"rendered":"<p>15 Teilnehmer der TSA im TSV 1847 Weilheim stellten sich der Abnahme des Deutschen Tanzsportabzeichens DTSA 2018. Alle Teilnehmer waren auf Anhieb erfolgreich. <\/p>\n","protected":false},"author":12,"featured_media":11432,"comment_status":"closed","ping_status":"closed","sticky":false,"template":"","format":"standard","meta":{"_jetpack_memberships_contains_paid_content":false,"footnotes":""},"categories":[1],"tags":[],"class_list":["post-11425","post","type-post","status-publish","format-standard","has-post-thumbnail","hentry","category-allgemein"],"jetpack_featured_media_url":"https:\/\/tanzen-weilheim.de\/cms\/wp-content\/uploads\/2018\/11\/TSA-WM-DTSA-2018.jpg","jetpack_sharing_enabled":true,"_links":{"self":[{"href":"https:\/\/tanzen-weilheim.de\/cms\/wp-json\/wp\/v2\/posts\/11425","targetHints":{"allow":["GET"]}}],"collection":[{"href":"https:\/\/tanzen-weilheim.de\/cms\/wp-json\/wp\/v2\/posts"}],"about":[{"href":"https:\/\/tanzen-weilheim.de\/cms\/wp-json\/wp\/v2\/types\/post"}],"author":[{"embeddable":true,"href":"https:\/\/tanzen-weilheim.de\/cms\/wp-json\/wp\/v2\/users\/12"}],"replies":[{"embeddable":true,"href":"https:\/\/tanzen-weilheim.de\/cms\/wp-json\/wp\/v2\/comments?post=11425"}],"version-history":[{"count":14,"href":"https:\/\/tanzen-weilheim.de\/cms\/wp-json\/wp\/v2\/posts\/11425\/revisions"}],"predecessor-version":[{"id":11630,"href":"https:\/\/tanzen-weilheim.de\/cms\/wp-json\/wp\/v2\/posts\/11425\/revisions\/11630"}],"wp:featuredmedia":[{"embeddable":true,"href":"https:\/\/tanzen-weilheim.de\/cms\/wp-json\/wp\/v2\/media\/11432"}],"wp:attachment":[{"href":"https:\/\/tanzen-weilheim.de\/cms\/wp-json\/wp\/v2\/media?parent=11425"}],"wp:term":[{"taxonomy":"category","embeddable":true,"href":"https:\/\/tanzen-weilheim.de\/cms\/wp-json\/wp\/v2\/categories?post=11425"},{"taxonomy":"post_tag","embeddable":true,"href":"https:\/\/tanzen-weilheim.de\/cms\/wp-json\/wp\/v2\/tags?post=11425"}],"curies":[{"name":"wp","href":"https:\/\/api.w.org\/{rel}","templated":true}]}}