{"id":11342,"date":"2018-10-21T15:00:36","date_gmt":"2018-10-21T13:00:36","guid":{"rendered":"http:\/\/tanzen-weilheim.de\/cms\/?p=11342"},"modified":"2018-12-09T11:43:55","modified_gmt":"2018-12-09T09:43:55","slug":"gut-besuchter-standard-workshop-mit-manfred-kober-langsamer-walzer-vom-feinsten","status":"publish","type":"post","link":"https:\/\/tanzen-weilheim.de\/cms\/11342\/gut-besuchter-standard-workshop-mit-manfred-kober-langsamer-walzer-vom-feinsten","title":{"rendered":"Gut besuchter Standard-Workshop mit Manfred Kober &#8211; Langsamer Walzer vom Feinsten"},"content":{"rendered":"<p><b>Weilheim<\/b>. Unser inzwischen schon zum festen Trainerteam geh\u00f6rende Workshoptrainer Manfred Kober bot am 14.10.2018, von gut gebuchten Privatstunden umrahmt, unseren Standardpaaren einen tollen Workshop. Aufgrund der sehr starken Nachfrage nach Manfred\u00b4s Workshops im Fr\u00fchjahr nutzten wir die sich bietende Gelegenheit \u2013 Manfred war am 13.10.2018 als Wertungsrichter beim Pfaffenwinkelpokal bei uns.<\/p>\n<p><!--more--><\/p>\n<p>Als Thema hatte sich der Manfred den Langsamen Walzer ausgesucht, den meisttrainierten aller Standardt\u00e4nze. Hier stellte er uns zun\u00e4chst kurz nochmal den Aufbau einer korrekten K\u00f6rperhaltung dar, was f\u00fcr Paare aller Alters- und Leistungsstufen immer wieder hilfreich ist. Danach erarbeitete er mit uns anhand einer kurzen \u00dcbungsfolge sehr detailliert und intensiv viele Facetten des Langsamen Walzers. Er ging auf die korrekten Schrittsetzungen und die Fu\u00dftechnik ein, beleuchtete die Seitenf\u00fchrungen. Ganz wichtig war es ihm dabei, die unterschiedlichen Drehrichtungen der einzelnen Folgenteile zu erkl\u00e4ren und die sich daraus f\u00fcr ein sch\u00f6nes Tanzen ergebenden Konsequenzen mit uns zu \u00fcben. Wie immer kamen dabei die Grundpositionen des K\u00f6rpers, der Aufbau der Gewichtsbl\u00f6cke, die Positionierung der beiden Partner zueinander und das gemeinsame Movement nicht zu kurz. Und f\u00fcr die h\u00f6herklassigen Paare gab er gute Hinweise, wie und mit welchen Energieformen dann diese Bewegungsmuster auf die individuellen Figurenprogramme \u00fcbertragbar sind. Er versteht es sehr gut, alle teilnehmenden Paare \u201emitzunehmen\u201c, auch wenn die Unterschiede zwischen Paaren der D- bis S-Klassen sowie ebenfalls mittrainierenden Paaren aus dem Breitensportwettbereich dies nicht immer ganz einfach machen. Mit dem ihm eigenen Humor ging er auf alle Paare, insb. auf erstmals anwesende Paare, sehr genau ein und veranschaulichte uns seine Trainingsziele.<\/p>\n<p><a href=\"https:\/\/tanzen-weilheim.de\/cms\/wp-content\/uploads\/2018\/10\/Kober-Workshop-2018-10-02.jpg\"><img loading=\"lazy\" decoding=\"async\" class=\"alignnone size-medium wp-image-11343\" alt=\"Kober-Workshop 2018-10 02\" src=\"https:\/\/tanzen-weilheim.de\/cms\/wp-content\/uploads\/2018\/10\/Kober-Workshop-2018-10-02-300x225.jpg\" width=\"300\" height=\"225\" srcset=\"https:\/\/tanzen-weilheim.de\/cms\/wp-content\/uploads\/2018\/10\/Kober-Workshop-2018-10-02-300x225.jpg 300w, https:\/\/tanzen-weilheim.de\/cms\/wp-content\/uploads\/2018\/10\/Kober-Workshop-2018-10-02-960x720.jpg 960w, https:\/\/tanzen-weilheim.de\/cms\/wp-content\/uploads\/2018\/10\/Kober-Workshop-2018-10-02-1920x1440.jpg 1920w, https:\/\/tanzen-weilheim.de\/cms\/wp-content\/uploads\/2018\/10\/Kober-Workshop-2018-10-02-768x576.jpg 768w, https:\/\/tanzen-weilheim.de\/cms\/wp-content\/uploads\/2018\/10\/Kober-Workshop-2018-10-02-400x300.jpg 400w, https:\/\/tanzen-weilheim.de\/cms\/wp-content\/uploads\/2018\/10\/Kober-Workshop-2018-10-02-800x600.jpg 800w, https:\/\/tanzen-weilheim.de\/cms\/wp-content\/uploads\/2018\/10\/Kober-Workshop-2018-10-02-1024x768.jpg 1024w\" sizes=\"auto, (max-width: 300px) 100vw, 300px\" \/><\/a> <a href=\"https:\/\/tanzen-weilheim.de\/cms\/wp-content\/uploads\/2018\/10\/Kober-Workshop-2018-10-03.jpg\"><img loading=\"lazy\" decoding=\"async\" class=\"alignnone size-medium wp-image-11344\" alt=\"Kober-Workshop 2018-10 03\" src=\"https:\/\/tanzen-weilheim.de\/cms\/wp-content\/uploads\/2018\/10\/Kober-Workshop-2018-10-03-300x225.jpg\" width=\"300\" height=\"225\" srcset=\"https:\/\/tanzen-weilheim.de\/cms\/wp-content\/uploads\/2018\/10\/Kober-Workshop-2018-10-03-300x225.jpg 300w, https:\/\/tanzen-weilheim.de\/cms\/wp-content\/uploads\/2018\/10\/Kober-Workshop-2018-10-03-960x720.jpg 960w, https:\/\/tanzen-weilheim.de\/cms\/wp-content\/uploads\/2018\/10\/Kober-Workshop-2018-10-03-1920x1440.jpg 1920w, https:\/\/tanzen-weilheim.de\/cms\/wp-content\/uploads\/2018\/10\/Kober-Workshop-2018-10-03-768x576.jpg 768w, https:\/\/tanzen-weilheim.de\/cms\/wp-content\/uploads\/2018\/10\/Kober-Workshop-2018-10-03-400x300.jpg 400w, https:\/\/tanzen-weilheim.de\/cms\/wp-content\/uploads\/2018\/10\/Kober-Workshop-2018-10-03-800x600.jpg 800w, https:\/\/tanzen-weilheim.de\/cms\/wp-content\/uploads\/2018\/10\/Kober-Workshop-2018-10-03-1024x768.jpg 1024w\" sizes=\"auto, (max-width: 300px) 100vw, 300px\" \/><\/a> <a href=\"https:\/\/tanzen-weilheim.de\/cms\/wp-content\/uploads\/2018\/10\/Kober-Workshop-2018-10-04.jpg\"><img loading=\"lazy\" decoding=\"async\" class=\"alignnone size-medium wp-image-11345\" alt=\"Kober-Workshop 2018-10 04\" src=\"https:\/\/tanzen-weilheim.de\/cms\/wp-content\/uploads\/2018\/10\/Kober-Workshop-2018-10-04-300x225.jpg\" width=\"300\" height=\"225\" srcset=\"https:\/\/tanzen-weilheim.de\/cms\/wp-content\/uploads\/2018\/10\/Kober-Workshop-2018-10-04-300x225.jpg 300w, https:\/\/tanzen-weilheim.de\/cms\/wp-content\/uploads\/2018\/10\/Kober-Workshop-2018-10-04-960x720.jpg 960w, https:\/\/tanzen-weilheim.de\/cms\/wp-content\/uploads\/2018\/10\/Kober-Workshop-2018-10-04-1920x1440.jpg 1920w, https:\/\/tanzen-weilheim.de\/cms\/wp-content\/uploads\/2018\/10\/Kober-Workshop-2018-10-04-768x576.jpg 768w, https:\/\/tanzen-weilheim.de\/cms\/wp-content\/uploads\/2018\/10\/Kober-Workshop-2018-10-04-400x300.jpg 400w, https:\/\/tanzen-weilheim.de\/cms\/wp-content\/uploads\/2018\/10\/Kober-Workshop-2018-10-04-800x600.jpg 800w, https:\/\/tanzen-weilheim.de\/cms\/wp-content\/uploads\/2018\/10\/Kober-Workshop-2018-10-04-1024x768.jpg 1024w\" sizes=\"auto, (max-width: 300px) 100vw, 300px\" \/><\/a> <a href=\"https:\/\/tanzen-weilheim.de\/cms\/wp-content\/uploads\/2018\/10\/Kober-Workshop-2018-10-05.jpg\"><img loading=\"lazy\" decoding=\"async\" class=\"alignnone size-medium wp-image-11346\" alt=\"Kober-Workshop 2018-10 05\" src=\"https:\/\/tanzen-weilheim.de\/cms\/wp-content\/uploads\/2018\/10\/Kober-Workshop-2018-10-05-300x225.jpg\" width=\"300\" height=\"225\" srcset=\"https:\/\/tanzen-weilheim.de\/cms\/wp-content\/uploads\/2018\/10\/Kober-Workshop-2018-10-05-300x225.jpg 300w, https:\/\/tanzen-weilheim.de\/cms\/wp-content\/uploads\/2018\/10\/Kober-Workshop-2018-10-05-960x720.jpg 960w, https:\/\/tanzen-weilheim.de\/cms\/wp-content\/uploads\/2018\/10\/Kober-Workshop-2018-10-05-1920x1440.jpg 1920w, https:\/\/tanzen-weilheim.de\/cms\/wp-content\/uploads\/2018\/10\/Kober-Workshop-2018-10-05-768x576.jpg 768w, https:\/\/tanzen-weilheim.de\/cms\/wp-content\/uploads\/2018\/10\/Kober-Workshop-2018-10-05-400x300.jpg 400w, https:\/\/tanzen-weilheim.de\/cms\/wp-content\/uploads\/2018\/10\/Kober-Workshop-2018-10-05-800x600.jpg 800w, https:\/\/tanzen-weilheim.de\/cms\/wp-content\/uploads\/2018\/10\/Kober-Workshop-2018-10-05-1024x768.jpg 1024w\" sizes=\"auto, (max-width: 300px) 100vw, 300px\" \/><\/a> <a href=\"https:\/\/tanzen-weilheim.de\/cms\/wp-content\/uploads\/2018\/10\/Kober-Workshop-2018-10-07.jpg\"><img loading=\"lazy\" decoding=\"async\" class=\"alignnone size-medium wp-image-11347\" alt=\"Kober-Workshop 2018-10 07\" src=\"https:\/\/tanzen-weilheim.de\/cms\/wp-content\/uploads\/2018\/10\/Kober-Workshop-2018-10-07-300x225.jpg\" width=\"300\" height=\"225\" srcset=\"https:\/\/tanzen-weilheim.de\/cms\/wp-content\/uploads\/2018\/10\/Kober-Workshop-2018-10-07-300x225.jpg 300w, https:\/\/tanzen-weilheim.de\/cms\/wp-content\/uploads\/2018\/10\/Kober-Workshop-2018-10-07-960x720.jpg 960w, https:\/\/tanzen-weilheim.de\/cms\/wp-content\/uploads\/2018\/10\/Kober-Workshop-2018-10-07-1920x1440.jpg 1920w, https:\/\/tanzen-weilheim.de\/cms\/wp-content\/uploads\/2018\/10\/Kober-Workshop-2018-10-07-768x576.jpg 768w, https:\/\/tanzen-weilheim.de\/cms\/wp-content\/uploads\/2018\/10\/Kober-Workshop-2018-10-07-400x300.jpg 400w, https:\/\/tanzen-weilheim.de\/cms\/wp-content\/uploads\/2018\/10\/Kober-Workshop-2018-10-07-800x600.jpg 800w, https:\/\/tanzen-weilheim.de\/cms\/wp-content\/uploads\/2018\/10\/Kober-Workshop-2018-10-07-1024x768.jpg 1024w\" sizes=\"auto, (max-width: 300px) 100vw, 300px\" \/><\/a>&nbsp; &nbsp; &nbsp; &nbsp;&nbsp; <a href=\"https:\/\/tanzen-weilheim.de\/cms\/wp-content\/uploads\/2018\/10\/Kober-Workshop-2018-10-01.jpg\"><img loading=\"lazy\" decoding=\"async\" class=\"alignnone size-medium wp-image-11348\" alt=\"Kober-Workshop 2018-10 01\" src=\"https:\/\/tanzen-weilheim.de\/cms\/wp-content\/uploads\/2018\/10\/Kober-Workshop-2018-10-01-300x225.jpg\" width=\"300\" height=\"225\" srcset=\"https:\/\/tanzen-weilheim.de\/cms\/wp-content\/uploads\/2018\/10\/Kober-Workshop-2018-10-01-300x225.jpg 300w, https:\/\/tanzen-weilheim.de\/cms\/wp-content\/uploads\/2018\/10\/Kober-Workshop-2018-10-01-960x720.jpg 960w, https:\/\/tanzen-weilheim.de\/cms\/wp-content\/uploads\/2018\/10\/Kober-Workshop-2018-10-01-1920x1440.jpg 1920w, https:\/\/tanzen-weilheim.de\/cms\/wp-content\/uploads\/2018\/10\/Kober-Workshop-2018-10-01-768x576.jpg 768w, https:\/\/tanzen-weilheim.de\/cms\/wp-content\/uploads\/2018\/10\/Kober-Workshop-2018-10-01-400x300.jpg 400w, https:\/\/tanzen-weilheim.de\/cms\/wp-content\/uploads\/2018\/10\/Kober-Workshop-2018-10-01-800x600.jpg 800w, https:\/\/tanzen-weilheim.de\/cms\/wp-content\/uploads\/2018\/10\/Kober-Workshop-2018-10-01-1024x768.jpg 1024w\" sizes=\"auto, (max-width: 300px) 100vw, 300px\" \/><\/a><\/p>\n<p>Trotz des sch\u00f6nen Wetters und der vielen Arbeit rund um den Pfaffenwinkelpokal waren fast alle Paare der Abteilung und auch drei Gastpaare da (insg. 14\u2026) &nbsp;und arbeiteten sehr hart an den dargebrachten news. Und die Fortsetzung Anfang Dezember ist auch schon fest vereinbart.<\/p>\n<p>&nbsp;<\/p>\n<p>&nbsp;<\/p>\n<p>14.10.2018\/tk<\/p>\n","protected":false},"excerpt":{"rendered":"<p>Weilheim. Unser inzwischen schon zum festen Trainerteam geh\u00f6rende Workshoptrainer Manfred Kober bot am 14.10.2018, von gut gebuchten Privatstunden umrahmt, unseren Standardpaaren einen tollen Workshop. Aufgrund der sehr starken Nachfrage nach Manfred\u00b4s Workshops im Fr\u00fchjahr nutzten wir die sich bietende Gelegenheit \u2013 Manfred war am 13.10.2018 als Wertungsrichter beim Pfaffenwinkelpokal bei uns.<\/p>\n","protected":false},"author":17,"featured_media":11348,"comment_status":"open","ping_status":"open","sticky":false,"template":"","format":"standard","meta":{"_jetpack_memberships_contains_paid_content":false,"footnotes":""},"categories":[1],"tags":[],"class_list":["post-11342","post","type-post","status-publish","format-standard","has-post-thumbnail","hentry","category-allgemein"],"jetpack_featured_media_url":"https:\/\/tanzen-weilheim.de\/cms\/wp-content\/uploads\/2018\/10\/Kober-Workshop-2018-10-01.jpg","jetpack_sharing_enabled":true,"_links":{"self":[{"href":"https:\/\/tanzen-weilheim.de\/cms\/wp-json\/wp\/v2\/posts\/11342","targetHints":{"allow":["GET"]}}],"collection":[{"href":"https:\/\/tanzen-weilheim.de\/cms\/wp-json\/wp\/v2\/posts"}],"about":[{"href":"https:\/\/tanzen-weilheim.de\/cms\/wp-json\/wp\/v2\/types\/post"}],"author":[{"embeddable":true,"href":"https:\/\/tanzen-weilheim.de\/cms\/wp-json\/wp\/v2\/users\/17"}],"replies":[{"embeddable":true,"href":"https:\/\/tanzen-weilheim.de\/cms\/wp-json\/wp\/v2\/comments?post=11342"}],"version-history":[{"count":6,"href":"https:\/\/tanzen-weilheim.de\/cms\/wp-json\/wp\/v2\/posts\/11342\/revisions"}],"predecessor-version":[{"id":11626,"href":"https:\/\/tanzen-weilheim.de\/cms\/wp-json\/wp\/v2\/posts\/11342\/revisions\/11626"}],"wp:featuredmedia":[{"embeddable":true,"href":"https:\/\/tanzen-weilheim.de\/cms\/wp-json\/wp\/v2\/media\/11348"}],"wp:attachment":[{"href":"https:\/\/tanzen-weilheim.de\/cms\/wp-json\/wp\/v2\/media?parent=11342"}],"wp:term":[{"taxonomy":"category","embeddable":true,"href":"https:\/\/tanzen-weilheim.de\/cms\/wp-json\/wp\/v2\/categories?post=11342"},{"taxonomy":"post_tag","embeddable":true,"href":"https:\/\/tanzen-weilheim.de\/cms\/wp-json\/wp\/v2\/tags?post=11342"}],"curies":[{"name":"wp","href":"https:\/\/api.w.org\/{rel}","templated":true}]}}