{"id":10706,"date":"2018-06-30T11:16:21","date_gmt":"2018-06-30T09:16:21","guid":{"rendered":"http:\/\/tanzen-weilheim.de\/cms\/?p=10706"},"modified":"2022-02-23T09:30:48","modified_gmt":"2022-02-23T08:30:48","slug":"peter-handel-ehrenmitglied-des-tsvs","status":"publish","type":"post","link":"https:\/\/tanzen-weilheim.de\/cms\/10706\/peter-handel-ehrenmitglied-des-tsvs","title":{"rendered":"Peter Handel Ehrenmitglied des TSV&#8217;s"},"content":{"rendered":"<p><!--more--><\/p>\n<p>Peter Handel wurde zum Ehrenmitglied des TSV 1847 Weilheim e.V., am 29. Juni 2018 im Rahmen<\/p>\n<p>der Delegiertenversammlung des TSV 1847 Weilheim e.V., ernannt.<\/p>\n<p>Nach einer kurzen Laudatio, gehalten von Monika Marschall, \u00fcberreichten der<\/p>\n<p>1. Vorsitzende Dieter Pausch und die 2. Vorsitzende Eva-Maria Schweiger Peter die Urkunde f\u00fcr die<\/p>\n<p>Ehrenmitgliedschaft im TSV.<\/p>\n<p>&nbsp;<\/p>\n<p>Peter Handel und der Tanzsport in Weilheim hier beim TSV 1847 Weilheim e.V.,<\/p>\n<p>das geh\u00f6rt seit mehr als einem Vierteljahrhundert ganz eng zusammen.<\/p>\n<p>Peter hat&nbsp; sich&nbsp; dem Tanzsport hier in Weilheim mit Leib und Seele verschrieben.<\/p>\n<p>29 Jahren, Abteilungsleitung \u2013 9 Jahre Stellvertreter und 20 Jahre Abteilungsleiter.<\/p>\n<p>Bis zum April dieses Jahres lenkte Peter die Geschicke der Tanzsportabteilung auf<\/p>\n<p>SEINE ganz besondere Art &#8211; ruhig, konsequent, ideenreich und zielorientiert.<\/p>\n<p>&nbsp;<\/p>\n<p>Peter erkannte sehr fr\u00fch, dass es ein Tanzen &nbsp;\u201eLeistungssport\u201c&nbsp; ohne den \u201eBreitensport\u201c hier in Weilheim nicht geben kann.<\/p>\n<p>Mit viel Engagement hat Peter es geschafft den Tanzsport, diese unsere im Raum Weilheim vor 29 Jahren &nbsp;eher als Randsportart zu bezeichnende Sportart, zu festigen und weiterzuentwickeln.<\/p>\n<p>Die &nbsp;gute Zusammenarbeit mit dem Hauptverein lag ihm dabei immer sehr am Herzen.<\/p>\n<p>Als einer der ersten Lizenztr\u00e4ger \u201eTurnierleiter\u201c in der Tanzsportabteilung Weilheim, hat Peter mit Ruhe, Charme und Esprit viele dutzende Turniere, darunter auch einige Bayerische Meisterschaften, in der Stadthalle Weilheim geleitet.<\/p>\n<p>Es ist seinem steten Bem\u00fchen um h\u00f6chste Qualit\u00e4t bei der Durchf\u00fchrung solcher Turniere zu verdanken, dass der Tanzsportabteilung Weilheim regelm\u00e4\u00dfig die Ausrichtung Bayerischen Meisterschaften, ja sogar 2 Mal die Ausrichtung einer Deutschen Meisterschaft \u00fcbertragen wurde.<\/p>\n<p>Seit 2002 ist Peter,&nbsp; gemeinsam mit seiner Frau Birgit, &nbsp;zun\u00e4chst als Breitensporttanzpaar und sp\u00e4ter als aktives Turnierpaar, sowohl in der Standard- , als auch in der Lateinsektion und als Mitglied der erfolgreichen Formationsgruppe der Abteilung, fast t\u00e4glich auf der Tanzfl\u00e4che anzutreffen ja man k\u00f6nnte beinahe sagen der Spiegelsaal des TSV-Heimes ist sein 2. Wohnzimmer.<\/p>\n<p>Peter ist ein gro\u00dfes Vorbild f\u00fcr die Tanzsportabteilung,<\/p>\n<p>denn f\u00fcr ihn geh\u00f6rt es &nbsp;zum MUSS &nbsp;seines Tanzsportjahres j\u00e4hrlich an der Abnahme des<\/p>\n<p>Deutsche Tanzsportzeichen \u00fcber alle 10 T\u00e4nze des Welttanzprogramms teilzunehmen.<\/p>\n<p>&nbsp;<\/p>\n<p>Ja, &nbsp;er ist sogar so stark vom Sport-Virus Tanzen infiziert, dass er, zus\u00e4tzlich &nbsp;zu seiner Funktion\u00e4rst\u00e4tigkeit und seiner pers\u00f6nlichen Tanzportaktivit\u00e4t, bereits seit&nbsp; \u00fcber 10 Jahren &nbsp;die Tanzsportabteilung als \u00dcbungsleiter unterst\u00fctzt.<\/p>\n<p>&nbsp;<\/p>\n<p>Vor 4 Jahren hat er noch die Trainerlizenz C-Breitensport des Deutschen Tanzsportverbandes erworben und ist damit f\u00fcr die Tanzsportabteilung eine wichtige St\u00fctze &nbsp;im Trainingsbetrieb f\u00fcr Einsteiger und Fortgeschrittenen.<\/p>\n<p>F\u00fcr seine Verdienste um den bayerischen Tanzsport &nbsp;wurde Peter mit den Ehrennadeln des Landestanzsportverbandes Bayern in Bronze, Silber und Gold ausgezeichnet.<\/p>\n<p>Im M\u00e4rz 2018 wurde ihm vom Pr\u00e4sidenten des LTVB\u2019s, Rudolf Meindl,<\/p>\n<p>die selten vergebene Ehrennadel \u201eGold mit Kranz\u201c verliehen.<\/p>\n<p>&nbsp;<\/p>\n<p>Peter Handel und der Tanzsport hier beim TSV 1847 Weilheim<\/p>\n<p>das geh\u00f6rt &#8211; seit \u00fcber einem Vierteljahrhundert untrennbar zusammen.<\/p>\n<p>Ehre wem Ehre geb\u00fcrt<\/p>\n<p>Vielen Dank, lieber Peter!<\/p>\n<p>&nbsp;<\/p>\n<p>30.06.2018\/MM<\/p>\n<p>&nbsp;<\/p>\n<p>&nbsp;<\/p>\n<p>&nbsp;<\/p>\n","protected":false},"excerpt":{"rendered":"","protected":false},"author":19,"featured_media":16875,"comment_status":"open","ping_status":"open","sticky":false,"template":"","format":"standard","meta":{"_jetpack_memberships_contains_paid_content":false,"footnotes":""},"categories":[1],"tags":[],"class_list":["post-10706","post","type-post","status-publish","format-standard","has-post-thumbnail","hentry","category-allgemein"],"jetpack_featured_media_url":"https:\/\/tanzen-weilheim.de\/cms\/wp-content\/uploads\/2018\/06\/Handel-Standard-01-841x1024.jpg","jetpack_sharing_enabled":true,"_links":{"self":[{"href":"https:\/\/tanzen-weilheim.de\/cms\/wp-json\/wp\/v2\/posts\/10706","targetHints":{"allow":["GET"]}}],"collection":[{"href":"https:\/\/tanzen-weilheim.de\/cms\/wp-json\/wp\/v2\/posts"}],"about":[{"href":"https:\/\/tanzen-weilheim.de\/cms\/wp-json\/wp\/v2\/types\/post"}],"author":[{"embeddable":true,"href":"https:\/\/tanzen-weilheim.de\/cms\/wp-json\/wp\/v2\/users\/19"}],"replies":[{"embeddable":true,"href":"https:\/\/tanzen-weilheim.de\/cms\/wp-json\/wp\/v2\/comments?post=10706"}],"version-history":[{"count":6,"href":"https:\/\/tanzen-weilheim.de\/cms\/wp-json\/wp\/v2\/posts\/10706\/revisions"}],"predecessor-version":[{"id":16876,"href":"https:\/\/tanzen-weilheim.de\/cms\/wp-json\/wp\/v2\/posts\/10706\/revisions\/16876"}],"wp:featuredmedia":[{"embeddable":true,"href":"https:\/\/tanzen-weilheim.de\/cms\/wp-json\/wp\/v2\/media\/16875"}],"wp:attachment":[{"href":"https:\/\/tanzen-weilheim.de\/cms\/wp-json\/wp\/v2\/media?parent=10706"}],"wp:term":[{"taxonomy":"category","embeddable":true,"href":"https:\/\/tanzen-weilheim.de\/cms\/wp-json\/wp\/v2\/categories?post=10706"},{"taxonomy":"post_tag","embeddable":true,"href":"https:\/\/tanzen-weilheim.de\/cms\/wp-json\/wp\/v2\/tags?post=10706"}],"curies":[{"name":"wp","href":"https:\/\/api.w.org\/{rel}","templated":true}]}}