{"id":10616,"date":"2018-06-06T16:49:50","date_gmt":"2018-06-06T14:49:50","guid":{"rendered":"http:\/\/tanzen-weilheim.de\/cms\/?p=10616"},"modified":"2018-12-11T16:21:50","modified_gmt":"2018-12-11T15:21:50","slug":"drei-paare-und-die-formation-bei-der-sportlerehrung-der-stadt-weilheim-unter-den-geehrten","status":"publish","type":"post","link":"https:\/\/tanzen-weilheim.de\/cms\/10616\/drei-paare-und-die-formation-bei-der-sportlerehrung-der-stadt-weilheim-unter-den-geehrten","title":{"rendered":"Drei Paare und die Formation bei der Sportlerehrung der Stadt Weilheim unter den Geehrten"},"content":{"rendered":"<p><b>Weilheim. <\/b>Wie seit vielen Jahren \u00fcblich, hat auch in diesem Jahr die Stadt Weilheim in einer netten und angenehmen Veranstaltung erfolgreiche Sportler aus Weilheim bzw. aus Weilheimer Vereinen geehrt. Und wie schon in den letzten Jahren, so waren auch in diesem Jahr T\u00e4nzerinnen und T\u00e4nzer der Tanzsportabteilung des TSV 1847 Weilheim e.V. (TSA) unter den Geehrten. <!--more--><\/p>\n<p>Erstmals dabei war unsere Formation \u201eSixteen to Sixty\u201c, die f\u00fcr den Sieg 2017 in der in diesem Jahr erstmals ausgetragenen Bayerischen Hobbyliga f\u00fcr Freizeit- und Hobby-Formationen geehrt wurden. Die fast vollz\u00e4hlig anwesenden Formationspaare kamen dazu eigens \u201egebrandet\u201c, also in einheitlicher Trainingskleidung und durften beim Gruppenfoto aus diesem Grunde B\u00fcrgermeister Markus Loth und den Sportreferenten des Stadtrates Tillman Wahlefeld \u201eumrahmen\u201c.<\/p>\n<p><a href=\"https:\/\/tanzen-weilheim.de\/cms\/wp-content\/uploads\/2018\/06\/Sportlerehrung-04.jpg\"><img loading=\"lazy\" decoding=\"async\" class=\"alignnone size-medium wp-image-10617\" alt=\"Sportlerehrung 04\" src=\"https:\/\/tanzen-weilheim.de\/cms\/wp-content\/uploads\/2018\/06\/Sportlerehrung-04-300x225.jpg\" width=\"300\" height=\"225\" srcset=\"https:\/\/tanzen-weilheim.de\/cms\/wp-content\/uploads\/2018\/06\/Sportlerehrung-04-300x225.jpg 300w, https:\/\/tanzen-weilheim.de\/cms\/wp-content\/uploads\/2018\/06\/Sportlerehrung-04-960x720.jpg 960w, https:\/\/tanzen-weilheim.de\/cms\/wp-content\/uploads\/2018\/06\/Sportlerehrung-04-1920x1440.jpg 1920w, https:\/\/tanzen-weilheim.de\/cms\/wp-content\/uploads\/2018\/06\/Sportlerehrung-04-768x576.jpg 768w, https:\/\/tanzen-weilheim.de\/cms\/wp-content\/uploads\/2018\/06\/Sportlerehrung-04-400x300.jpg 400w, https:\/\/tanzen-weilheim.de\/cms\/wp-content\/uploads\/2018\/06\/Sportlerehrung-04-800x600.jpg 800w, https:\/\/tanzen-weilheim.de\/cms\/wp-content\/uploads\/2018\/06\/Sportlerehrung-04-1024x768.jpg 1024w\" sizes=\"auto, (max-width: 300px) 100vw, 300px\" \/><\/a><\/p>\n<p>Ebenfalls erstmals bei der Sportlerehrung waren Dr. Michael und Monika Marschall vertreten. Sie erhielten, wie bei einer ersten Ehrung der Stadt Weilheim \u00fcblich, genauso wie die Mitglieder der Formation, eine Urkunde und die Ehrennadel der Stadt Weilheim \u201eF\u00fcr sportliche Verdienste\u201c. Das Ehepaar Marschall hatte bei den oberbayerischen Pfingsttanzturnieren 2017 den Turniersieg errungen.<\/p>\n<p><a href=\"https:\/\/tanzen-weilheim.de\/cms\/wp-content\/uploads\/2018\/06\/Sportlerehrung-02.jpg\"><img loading=\"lazy\" decoding=\"async\" class=\"alignnone size-medium wp-image-10618\" alt=\"Sportlerehrung 02\" src=\"https:\/\/tanzen-weilheim.de\/cms\/wp-content\/uploads\/2018\/06\/Sportlerehrung-02-300x232.jpg\" width=\"300\" height=\"232\"><\/a><\/p>\n<p>Aufgrund Krankheit bzw. Beruf verhindert waren Christian und Tanja Dick, die \u2013 ebenfalls erstmals \u2013 geehrt wurden f\u00fcr Ihren 2. Platz, also den Vizemeistertitel bei der Bayer. Meisterschaft der Senioren II C-Standard 2017 in Unterschlei\u00dfheim. Dieser Vizemeistertitel war verbunden mit dem sofortigen Aufstieg in die n\u00e4chsth\u00f6here Klasse B-Standard.<\/p>\n<p>Ebenfalls f\u00fcr einen Vizemeistertitel wurden Thomas Koterba und Karin Wagner geehrt. Auch sie hatten in 2017 bei den Bayer. Meisterschaften in Unterschlei\u00dfheim einen 2. Platz geholt, allerdings in der Klasse der Senioren III A-Standard. Und auch bei den Beiden war dieser Titel gem\u00e4\u00df Beschlu\u00df des Landestanzsportverbandes Bayern verbunden mit dem au\u00dferplanm\u00e4\u00dfigen Aufstieg in die h\u00f6chste deutsche und internationale Leistungsklasse, die Sonderklasse S. F\u00fcr Karin war dies bereits \u2013 nach 2016 \u2013 die zweite Teilnahme an der Sportlerehrung der Stadt Weilheim, f\u00fcr Thomas sogar bereits die insgesamt vierte!<\/p>\n<p><a href=\"https:\/\/tanzen-weilheim.de\/cms\/wp-content\/uploads\/2018\/06\/Sportlerehrung-03.jpg\"><img loading=\"lazy\" decoding=\"async\" class=\"alignnone size-medium wp-image-10619\" alt=\"Sportlerehrung 03\" src=\"https:\/\/tanzen-weilheim.de\/cms\/wp-content\/uploads\/2018\/06\/Sportlerehrung-03-225x300.jpg\" width=\"163\" height=\"218\" srcset=\"https:\/\/tanzen-weilheim.de\/cms\/wp-content\/uploads\/2018\/06\/Sportlerehrung-03-225x300.jpg 225w, https:\/\/tanzen-weilheim.de\/cms\/wp-content\/uploads\/2018\/06\/Sportlerehrung-03-720x960.jpg 720w, https:\/\/tanzen-weilheim.de\/cms\/wp-content\/uploads\/2018\/06\/Sportlerehrung-03-1440x1920.jpg 1440w, https:\/\/tanzen-weilheim.de\/cms\/wp-content\/uploads\/2018\/06\/Sportlerehrung-03-768x1024.jpg 768w, https:\/\/tanzen-weilheim.de\/cms\/wp-content\/uploads\/2018\/06\/Sportlerehrung-03-400x533.jpg 400w, https:\/\/tanzen-weilheim.de\/cms\/wp-content\/uploads\/2018\/06\/Sportlerehrung-03-600x800.jpg 600w\" sizes=\"auto, (max-width: 163px) 100vw, 163px\" \/><\/a><a href=\"https:\/\/tanzen-weilheim.de\/cms\/wp-content\/uploads\/2018\/06\/Sportlerehrung-01.jpg\"><img loading=\"lazy\" decoding=\"async\" class=\"alignnone size-medium wp-image-10620\" alt=\"Sportlerehrung 01\" src=\"https:\/\/tanzen-weilheim.de\/cms\/wp-content\/uploads\/2018\/06\/Sportlerehrung-01-300x169.jpg\" width=\"390\" height=\"220\"><\/a><\/p>\n<p>Die Abteilung gratuliert herzlich zu den Ehrungen!<\/p>\n<p>06.06.2018\/tk<\/p>\n<p>Fotos: TSA, \u00a9 Emanuel Gronau<\/p>\n<p>&nbsp;<\/p>\n","protected":false},"excerpt":{"rendered":"<p>Weilheim. Wie seit vielen Jahren \u00fcblich, hat auch in diesem Jahr die Stadt Weilheim in einer netten und angenehmen Veranstaltung erfolgreiche Sportler aus Weilheim bzw. aus Weilheimer Vereinen geehrt. Und wie schon in den letzten Jahren, so waren auch in diesem Jahr T\u00e4nzerinnen und T\u00e4nzer der Tanzsportabteilung des TSV 1847 Weilheim e.V. (TSA) unter den [&hellip;]<\/p>\n","protected":false},"author":17,"featured_media":10617,"comment_status":"open","ping_status":"open","sticky":false,"template":"","format":"standard","meta":{"_jetpack_memberships_contains_paid_content":false,"footnotes":""},"categories":[1],"tags":[],"class_list":["post-10616","post","type-post","status-publish","format-standard","has-post-thumbnail","hentry","category-allgemein"],"jetpack_featured_media_url":"https:\/\/tanzen-weilheim.de\/cms\/wp-content\/uploads\/2018\/06\/Sportlerehrung-04.jpg","jetpack_sharing_enabled":true,"_links":{"self":[{"href":"https:\/\/tanzen-weilheim.de\/cms\/wp-json\/wp\/v2\/posts\/10616","targetHints":{"allow":["GET"]}}],"collection":[{"href":"https:\/\/tanzen-weilheim.de\/cms\/wp-json\/wp\/v2\/posts"}],"about":[{"href":"https:\/\/tanzen-weilheim.de\/cms\/wp-json\/wp\/v2\/types\/post"}],"author":[{"embeddable":true,"href":"https:\/\/tanzen-weilheim.de\/cms\/wp-json\/wp\/v2\/users\/17"}],"replies":[{"embeddable":true,"href":"https:\/\/tanzen-weilheim.de\/cms\/wp-json\/wp\/v2\/comments?post=10616"}],"version-history":[{"count":3,"href":"https:\/\/tanzen-weilheim.de\/cms\/wp-json\/wp\/v2\/posts\/10616\/revisions"}],"predecessor-version":[{"id":11625,"href":"https:\/\/tanzen-weilheim.de\/cms\/wp-json\/wp\/v2\/posts\/10616\/revisions\/11625"}],"wp:featuredmedia":[{"embeddable":true,"href":"https:\/\/tanzen-weilheim.de\/cms\/wp-json\/wp\/v2\/media\/10617"}],"wp:attachment":[{"href":"https:\/\/tanzen-weilheim.de\/cms\/wp-json\/wp\/v2\/media?parent=10616"}],"wp:term":[{"taxonomy":"category","embeddable":true,"href":"https:\/\/tanzen-weilheim.de\/cms\/wp-json\/wp\/v2\/categories?post=10616"},{"taxonomy":"post_tag","embeddable":true,"href":"https:\/\/tanzen-weilheim.de\/cms\/wp-json\/wp\/v2\/tags?post=10616"}],"curies":[{"name":"wp","href":"https:\/\/api.w.org\/{rel}","templated":true}]}}