{"id":10585,"date":"2018-05-28T12:53:00","date_gmt":"2018-05-28T10:53:00","guid":{"rendered":"http:\/\/tanzen-weilheim.de\/cms\/?p=10585"},"modified":"2018-12-11T16:17:43","modified_gmt":"2018-12-11T15:17:43","slug":"oberbayerische-pfingsttanzturniere-finale-fur-dr-michael-und-monika-marschall","status":"publish","type":"post","link":"https:\/\/tanzen-weilheim.de\/cms\/10585\/oberbayerische-pfingsttanzturniere-finale-fur-dr-michael-und-monika-marschall","title":{"rendered":"Oberbayerische Pfingsttanzturniere: Finale f\u00fcr Dr. Michael und Monika Marschall"},"content":{"rendered":"<p><b>Weilheim\/Unterschlei\u00dfheim<\/b>.\u00a0 War es am Pfingstwochenende noch das Mittelfr\u00e4nkische Tanzsportwochenende in F\u00fcrth und N\u00fcrnberg, wo sich die bayerische Tanzelite in den Seniorenklassen traf, so sah man sich gleich eine Woche darauf schon wieder, diesmal in Unterschlei\u00dfheim bei den so genannten Oberbayerischen Pfingstturnieren. Auch diese Veranstaltung, vor fast 30 Jahren, n\u00e4mlich 1990 ausgerechnet in Weilheim mit zum Leben erweckt, steht seit vielen Jahren fest im Turnierkalender der meisten Paare.<\/p>\n<p><!--more--><\/p>\n<p>Von der Tanzsportabteilung des TSV 1847 Weilheim e.V. (TSA) gingen in diesem Jahr zwei Paare dort an den Start. Am Samstag nutzten Berthold und Valinja Bauer ihre Doppelstartm\u00f6glichkeit und gingen sowohl in ihrer eigenen Altersklasse Senioren III (ein Partner \u00fcber 55, der andere \u00fcber 50 Jahre), als auch in der n\u00e4chstj\u00fcngeren Altersklasse Senioren II (45\/40) an den Start, jeweils in ihrer Leistungsklasse C-Standard. Nach dem guten Abschneiden Ende April in K\u00f6nigsbrunn waren sie guter Dinge, aber wie es im Sport halt manchmal l\u00e4uft, so waren diesmal andere halt ein kleines bisserl besser und so reichte es in beiden Turnieren f\u00fcr das Ehepaar Bauer leider nicht f\u00fcrs Finale.<\/p>\n<p>Bei Dr. Michael und Monika Marschall lief es dann am gleichen Tag besser. Obwohl es f\u00fcr die Beiden nach der Bayerischen Meisterschaft Anfang M\u00e4rz und ihrem Aufstieg in die A-Klasse erst das zweite Turnier in der zweith\u00f6chsten Deutschen Turnierklasse war, tanzten sie sich locker durch die Vorrunde und erreichten das Finale der A-Klasse in ihrer Altersklasse Senioren III. Sie waren \u00fcber das Erreichen des Finales sehr gl\u00fccklich, tanzten locker und erreichten einen tollen 5. Platz. Das war zwar noch keine f\u00fcr den n\u00e4chsten Aufstieg relevante Platzierung (in der A-Klasse z\u00e4hlen da nur noch 1. bis 3. Pl\u00e4tze\u2026), aber angesichts der sehr kurzen Zeit erst in dieser Klasse ist dieses Ergebnis wirklich aller Ehren wert!<\/p>\n<p><a href=\"https:\/\/tanzen-weilheim.de\/cms\/wp-content\/uploads\/2018\/05\/Marschall-17a.jpg\"><img loading=\"lazy\" decoding=\"async\" class=\"alignnone size-medium wp-image-10594\" src=\"https:\/\/tanzen-weilheim.de\/cms\/wp-content\/uploads\/2018\/05\/Marschall-17a-199x300.jpg\" alt=\"Marschall 17a\" width=\"199\" height=\"300\" \/><\/a><\/p>\n<p>Herzlichen Gl\u00fcckw\u00fcnsch an Monika und Michael von der gesamten Abteilung!<\/p>\n<p>28.05.2018\/tk<\/p>\n<p>Fotos: TSA, \u00a9 blitznicht.de<\/p>\n","protected":false},"excerpt":{"rendered":"<p>Weilheim\/Unterschlei\u00dfheim.\u00a0 War es am Pfingstwochenende noch das Mittelfr\u00e4nkische Tanzsportwochenende in F\u00fcrth und N\u00fcrnberg, wo sich die bayerische Tanzelite in den Seniorenklassen traf, so sah man sich gleich eine Woche darauf schon wieder, diesmal in Unterschlei\u00dfheim bei den so genannten Oberbayerischen Pfingstturnieren. Auch diese Veranstaltung, vor fast 30 Jahren, n\u00e4mlich 1990 ausgerechnet in Weilheim mit zum [&hellip;]<\/p>\n","protected":false},"author":17,"featured_media":10662,"comment_status":"open","ping_status":"open","sticky":false,"template":"","format":"standard","meta":{"_jetpack_memberships_contains_paid_content":false,"footnotes":""},"categories":[1],"tags":[],"class_list":["post-10585","post","type-post","status-publish","format-standard","has-post-thumbnail","hentry","category-allgemein"],"jetpack_featured_media_url":"https:\/\/tanzen-weilheim.de\/cms\/wp-content\/uploads\/2018\/06\/Marschall-17b.jpg","jetpack_sharing_enabled":true,"_links":{"self":[{"href":"https:\/\/tanzen-weilheim.de\/cms\/wp-json\/wp\/v2\/posts\/10585","targetHints":{"allow":["GET"]}}],"collection":[{"href":"https:\/\/tanzen-weilheim.de\/cms\/wp-json\/wp\/v2\/posts"}],"about":[{"href":"https:\/\/tanzen-weilheim.de\/cms\/wp-json\/wp\/v2\/types\/post"}],"author":[{"embeddable":true,"href":"https:\/\/tanzen-weilheim.de\/cms\/wp-json\/wp\/v2\/users\/17"}],"replies":[{"embeddable":true,"href":"https:\/\/tanzen-weilheim.de\/cms\/wp-json\/wp\/v2\/comments?post=10585"}],"version-history":[{"count":4,"href":"https:\/\/tanzen-weilheim.de\/cms\/wp-json\/wp\/v2\/posts\/10585\/revisions"}],"predecessor-version":[{"id":11717,"href":"https:\/\/tanzen-weilheim.de\/cms\/wp-json\/wp\/v2\/posts\/10585\/revisions\/11717"}],"wp:featuredmedia":[{"embeddable":true,"href":"https:\/\/tanzen-weilheim.de\/cms\/wp-json\/wp\/v2\/media\/10662"}],"wp:attachment":[{"href":"https:\/\/tanzen-weilheim.de\/cms\/wp-json\/wp\/v2\/media?parent=10585"}],"wp:term":[{"taxonomy":"category","embeddable":true,"href":"https:\/\/tanzen-weilheim.de\/cms\/wp-json\/wp\/v2\/categories?post=10585"},{"taxonomy":"post_tag","embeddable":true,"href":"https:\/\/tanzen-weilheim.de\/cms\/wp-json\/wp\/v2\/tags?post=10585"}],"curies":[{"name":"wp","href":"https:\/\/api.w.org\/{rel}","templated":true}]}}